{"id":102306,"date":"2020-10-20T10:52:00","date_gmt":"2020-10-20T14:52:00","guid":{"rendered":"https:\/\/linitiative.ca\/International\/espaces-commerciaux-les-directeurs-regionaux-tenus-de-durcir-le-controle\/"},"modified":"2020-10-20T10:52:00","modified_gmt":"2020-10-20T14:52:00","slug":"espaces-commerciaux-les-directeurs-regionaux-tenus-de-durcir-le-controle","status":"publish","type":"post","link":"https:\/\/linitiative.ca\/International\/espaces-commerciaux-les-directeurs-regionaux-tenus-de-durcir-le-controle\/","title":{"rendered":"ESPACES COMMERCIAUX : Les directeurs r\u00e9gionaux tenus de durcir le contr\u00f4le"},"content":{"rendered":"<p><br id=\"sep_para_1\" class=\"sep_para access\"\/><\/p>\n<div id=\"para_1\" class=\"para_39110251 resize\">\n<div class=\"texte access firstletter\">Le ministre du Commerce, Kamel Rezig a donn\u00e9 des instructions fermes aux directeurs r\u00e9gionaux \u00e0 l\u2019effet de durcir le contr\u00f4le au niveau des espaces commerciaux pour assurer le respect des mesures pr\u00e9ventives de l&rsquo;\u00e9pid\u00e9mie de la Covid-19, a indiqu\u00e9 lundi un communiqu\u00e9 du minist\u00e8re. Ces instructions ont \u00e9t\u00e9 donn\u00e9es lors d\u2019une r\u00e9union d\u2019\u00e9valuation avec les directeurs de wilaya et r\u00e9gionaux du commerce, par visio-conf\u00e9rence pr\u00e9sid\u00e9e par le ministre au si\u00e8ge de son d\u00e9partement minist\u00e9riel, en compagnie du ministre d\u00e9l\u00e9gu\u00e9 charg\u00e9 du Commerce ext\u00e9rieur, A\u00efssa Beka\u00ef. A cette occasion, le ministre, M. Rezig a donn\u00e9 \u00ab\u00a0des instructions fermes aux directeurs, quant \u00e0 la n\u00e9cessit\u00e9 de durcir le contr\u00f4le des espaces et activit\u00e9s de commerce, notamment en mati\u00e8re d\u2019application stricte du protocole sanitaire et le respect par les commer\u00e7ants des mesures pr\u00e9ventives du Coronavirus\u00a0\u00bb. Les instructions ont \u00e9galement port\u00e9 sur \u00ab\u00a0la prise de toutes les mesures \u00e0 l\u2019encontre des commer\u00e7ants contrevenants, et ce sous l\u2019autorit\u00e9 des walis de la R\u00e9publique, conform\u00e9ment aux instructions de M. le Premier ministre\u00a0\u00bb, lit-t-on dans le communiqu\u00e9. La r\u00e9union a \u00e9t\u00e9 \u00e9galement l&rsquo;occasion pour aborder certains dossiers relatifs au secteur du Commerce, notamment l\u2019\u00e9laboration d\u2019un fichier national des produits de fabrication locale, conclut le communiqu\u00e9.<\/div>\n<\/div>\n<p>Auteur: Nadine<br \/>\n<a href=\"https:\/\/www.reflexiondz.net\/ESPACES-COMMERCIAUX-Les-directeurs-regionaux-tenus-de-durcir-le-controle_a65907.html\">Cliquez ici pour lire l&rsquo;article depuis sa source.<\/a><\/p>\n","protected":false},"excerpt":{"rendered":"<p>Le ministre du Commerce, Kamel Rezig a donn\u00e9 des instructions fermes aux directeurs r\u00e9gionaux \u00e0 l\u2019effet de durcir le contr\u00f4le au niveau des espaces commerciaux pour assurer le respect des mesures pr\u00e9ventives de l&rsquo;\u00e9pid\u00e9mie de la Covid-19, a indiqu\u00e9 lundi un communiqu\u00e9 du minist\u00e8re. Ces instructions ont \u00e9t\u00e9 donn\u00e9es lors d\u2019une r\u00e9union d\u2019\u00e9valuation avec les [&hellip;]<\/p>\n","protected":false},"author":1740,"featured_media":0,"comment_status":"closed","ping_status":"closed","sticky":false,"template":"","format":"standard","meta":{"fifu_image_url":"","fifu_image_alt":"","footnotes":""},"categories":[53,76],"tags":[],"class_list":["post-102306","post","type-post","status-publish","format-standard","hentry","category-algerie","category-regions"],"_links":{"self":[{"href":"https:\/\/linitiative.ca\/International\/wp-json\/wp\/v2\/posts\/102306","targetHints":{"allow":["GET"]}}],"collection":[{"href":"https:\/\/linitiative.ca\/International\/wp-json\/wp\/v2\/posts"}],"about":[{"href":"https:\/\/linitiative.ca\/International\/wp-json\/wp\/v2\/types\/post"}],"author":[{"embeddable":true,"href":"https:\/\/linitiative.ca\/International\/wp-json\/wp\/v2\/users\/1740"}],"replies":[{"embeddable":true,"href":"https:\/\/linitiative.ca\/International\/wp-json\/wp\/v2\/comments?post=102306"}],"version-history":[{"count":0,"href":"https:\/\/linitiative.ca\/International\/wp-json\/wp\/v2\/posts\/102306\/revisions"}],"wp:attachment":[{"href":"https:\/\/linitiative.ca\/International\/wp-json\/wp\/v2\/media?parent=102306"}],"wp:term":[{"taxonomy":"category","embeddable":true,"href":"https:\/\/linitiative.ca\/International\/wp-json\/wp\/v2\/categories?post=102306"},{"taxonomy":"post_tag","embeddable":true,"href":"https:\/\/linitiative.ca\/International\/wp-json\/wp\/v2\/tags?post=102306"}],"curies":[{"name":"wp","href":"https:\/\/api.w.org\/{rel}","templated":true}]}}