{"id":102307,"date":"2020-10-20T10:52:00","date_gmt":"2020-10-20T14:52:00","guid":{"rendered":"https:\/\/linitiative.ca\/International\/tayeb-louh-inculpe-dans-laffaire-des-bracelets-electroniques\/"},"modified":"2020-10-20T10:52:00","modified_gmt":"2020-10-20T14:52:00","slug":"tayeb-louh-inculpe-dans-laffaire-des-bracelets-electroniques","status":"publish","type":"post","link":"https:\/\/linitiative.ca\/International\/tayeb-louh-inculpe-dans-laffaire-des-bracelets-electroniques\/","title":{"rendered":"Tayeb Louh inculp\u00e9 dans l\u2019affaire des bracelets \u00e9lectroniques"},"content":{"rendered":"<p><br id=\"sep_para_1\" class=\"sep_para access\"\/><\/p>\n<div id=\"para_1\" class=\"para_39110263 resize\">\n<div class=\"texte access firstletter\">L\u2019ancien ministre de la justice Tayeb Louh semble \u00eatre rattrap\u00e9 par l\u2019affaire de l\u2019acquisition des bracelets \u00e9lectroniques. L\u2019enqu\u00eate entam\u00e9e il y a quelques jours a abouti \u00e0 l\u2019inculpation de l\u2019ancien ministre. Avec\u00a0 l\u2019inculpation de Tayeb Louh, l\u2019enqu\u00eate s\u2019est sold\u00e9e par l\u2019arrestation du directeur charg\u00e9 de la modernisation au minist\u00e8re de la justice, a rapport\u00e9, mardi le quotidien le soir d\u2019Alg\u00e9rie. En principe, ce directeur \u00e9tait charg\u00e9 de surveiller la conformit\u00e9 des achats entrepris dans le cadre de la modernisation de l\u2019institution. Ce qui n\u2019a pas \u00e9t\u00e9 fait, dans le cas de l\u2019achat des bracelets \u00e9lectroniques command\u00e9s sur ordre de Tayeb Louh. Il a, en effet, valid\u00e9 cet achat sans prendre les pr\u00e9cautions n\u00e9cessaires. Il s\u2019agit, selon la m\u00eame source, de mille bracelets \u00e9lectroniques \u00e0 mille euros l\u2019unit\u00e9.<\/div>\n<\/div>\n<p>Auteur: R\u00e9flexion<br \/>\n<a href=\"https:\/\/www.reflexiondz.net\/Tayeb-Louh-inculpe-dans-l-affaire-des-bracelets-electroniques_a65909.html\">Cliquez ici pour lire l&rsquo;article depuis sa source.<\/a><\/p>\n","protected":false},"excerpt":{"rendered":"<p>L\u2019ancien ministre de la justice Tayeb Louh semble \u00eatre rattrap\u00e9 par l\u2019affaire de l\u2019acquisition des bracelets \u00e9lectroniques. L\u2019enqu\u00eate entam\u00e9e il y a quelques jours a abouti \u00e0 l\u2019inculpation de l\u2019ancien ministre. Avec\u00a0 l\u2019inculpation de Tayeb Louh, l\u2019enqu\u00eate s\u2019est sold\u00e9e par l\u2019arrestation du directeur charg\u00e9 de la modernisation au minist\u00e8re de la justice, a rapport\u00e9, mardi [&hellip;]<\/p>\n","protected":false},"author":1740,"featured_media":0,"comment_status":"closed","ping_status":"closed","sticky":false,"template":"","format":"standard","meta":{"fifu_image_url":"","fifu_image_alt":"","footnotes":""},"categories":[53,76],"tags":[],"class_list":["post-102307","post","type-post","status-publish","format-standard","hentry","category-algerie","category-regions"],"_links":{"self":[{"href":"https:\/\/linitiative.ca\/International\/wp-json\/wp\/v2\/posts\/102307","targetHints":{"allow":["GET"]}}],"collection":[{"href":"https:\/\/linitiative.ca\/International\/wp-json\/wp\/v2\/posts"}],"about":[{"href":"https:\/\/linitiative.ca\/International\/wp-json\/wp\/v2\/types\/post"}],"author":[{"embeddable":true,"href":"https:\/\/linitiative.ca\/International\/wp-json\/wp\/v2\/users\/1740"}],"replies":[{"embeddable":true,"href":"https:\/\/linitiative.ca\/International\/wp-json\/wp\/v2\/comments?post=102307"}],"version-history":[{"count":0,"href":"https:\/\/linitiative.ca\/International\/wp-json\/wp\/v2\/posts\/102307\/revisions"}],"wp:attachment":[{"href":"https:\/\/linitiative.ca\/International\/wp-json\/wp\/v2\/media?parent=102307"}],"wp:term":[{"taxonomy":"category","embeddable":true,"href":"https:\/\/linitiative.ca\/International\/wp-json\/wp\/v2\/categories?post=102307"},{"taxonomy":"post_tag","embeddable":true,"href":"https:\/\/linitiative.ca\/International\/wp-json\/wp\/v2\/tags?post=102307"}],"curies":[{"name":"wp","href":"https:\/\/api.w.org\/{rel}","templated":true}]}}