{"id":102308,"date":"2020-10-20T10:53:00","date_gmt":"2020-10-20T14:53:00","guid":{"rendered":"https:\/\/linitiative.ca\/International\/le-proces-de-laffaire-el-watan-et-les-fils-de-gaid-salah-reporte\/"},"modified":"2020-10-20T10:53:00","modified_gmt":"2020-10-20T14:53:00","slug":"le-proces-de-laffaire-el-watan-et-les-fils-de-gaid-salah-reporte","status":"publish","type":"post","link":"https:\/\/linitiative.ca\/International\/le-proces-de-laffaire-el-watan-et-les-fils-de-gaid-salah-reporte\/","title":{"rendered":"Le proc\u00e8s de l\u2019affaire El Watan et les fils de Ga\u00efd Salah report\u00e9"},"content":{"rendered":"<p><br id=\"sep_para_1\" class=\"sep_para access\"\/><\/p>\n<div id=\"para_1\" class=\"para_39110272 resize\">\n<div class=\"texte access firstletter\">Le proc\u00e8s pour diffamation intent\u00e9 par les deux fils de l\u2019ancien chef d\u2019\u00e9tat-major de l\u2019ANP, Ahmed Ga\u00efd Salah, Adel et Boumedi\u00e8ne, contre le quotidien El-Watan a \u00e9t\u00e9 report\u00e9 au 9 novembre prochain. Le tribunal correctionnel d\u2019Annaba a ajourn\u00e9 l\u2019audience suite \u00e0 la demande de la partie plaignante,\u00a0 Il s\u2019agit de l\u2019avocat d\u2019Adel et de Boumedi\u00e8ne Ahmed Ga\u00efd, affirme l\u2019avocat du quotidien El-Watan, Me Abderrahmane Boutamine. De son c\u00f4t\u00e9, l\u2019avocat de la partie plaignante, Me Rachid Djeddi, a justifi\u00e9 ce deuxi\u00e8me report, \u00e0 la formulation de la requ\u00eate en mati\u00e8re de citation directe. Pour rappel, l\u2019affaire remonte au\u00a0 31 ao\u00fbt dernier, o\u00f9 un article est apparu dans le journal d\u2019El-Watan, sous le titre \u00ables enfants de Ga\u00efd Salah d\u00e9tenteurs de nombreux biens : les d\u00e9tails d\u2019une fortune \u00e0 l\u2019ombre du g\u00e9n\u00e9ral \u00bb, Les fils du d\u00e9funt Gaid Salah ont ainsi estim\u00e9 que l\u2019article \u00e9tait \u00abattentatoire \u00e0 leur honneur et \u00e0 leur consid\u00e9ration \u00bb et \u00e0 celui de leur d\u00e9funt p\u00e8re \u00aben sa qualit\u00e9 de chef d\u2019\u00e9tat-major de l\u2019ANP et vice-ministre de la d\u00e9fense nationale avant son d\u00e9c\u00e8s \u00bb, et ils on d\u00e9pos\u00e9 une plainte pour diffamation pr\u00e8s le tribunal d\u2019Annaba.<\/div>\n<\/div>\n<p>Auteur: R\u00e9flexion<br \/>\n<a href=\"https:\/\/www.reflexiondz.net\/Le-proces-de-l-affaire-El-Watan-et-les-fils-de-Gaid-Salah-reporte_a65911.html\">Cliquez ici pour lire l&rsquo;article depuis sa source.<\/a><\/p>\n","protected":false},"excerpt":{"rendered":"<p>Le proc\u00e8s pour diffamation intent\u00e9 par les deux fils de l\u2019ancien chef d\u2019\u00e9tat-major de l\u2019ANP, Ahmed Ga\u00efd Salah, Adel et Boumedi\u00e8ne, contre le quotidien El-Watan a \u00e9t\u00e9 report\u00e9 au 9 novembre prochain. Le tribunal correctionnel d\u2019Annaba a ajourn\u00e9 l\u2019audience suite \u00e0 la demande de la partie plaignante,\u00a0 Il s\u2019agit de l\u2019avocat d\u2019Adel et de Boumedi\u00e8ne [&hellip;]<\/p>\n","protected":false},"author":1740,"featured_media":0,"comment_status":"closed","ping_status":"closed","sticky":false,"template":"","format":"standard","meta":{"fifu_image_url":"","fifu_image_alt":"","footnotes":""},"categories":[53,76],"tags":[],"class_list":["post-102308","post","type-post","status-publish","format-standard","hentry","category-algerie","category-regions"],"_links":{"self":[{"href":"https:\/\/linitiative.ca\/International\/wp-json\/wp\/v2\/posts\/102308","targetHints":{"allow":["GET"]}}],"collection":[{"href":"https:\/\/linitiative.ca\/International\/wp-json\/wp\/v2\/posts"}],"about":[{"href":"https:\/\/linitiative.ca\/International\/wp-json\/wp\/v2\/types\/post"}],"author":[{"embeddable":true,"href":"https:\/\/linitiative.ca\/International\/wp-json\/wp\/v2\/users\/1740"}],"replies":[{"embeddable":true,"href":"https:\/\/linitiative.ca\/International\/wp-json\/wp\/v2\/comments?post=102308"}],"version-history":[{"count":0,"href":"https:\/\/linitiative.ca\/International\/wp-json\/wp\/v2\/posts\/102308\/revisions"}],"wp:attachment":[{"href":"https:\/\/linitiative.ca\/International\/wp-json\/wp\/v2\/media?parent=102308"}],"wp:term":[{"taxonomy":"category","embeddable":true,"href":"https:\/\/linitiative.ca\/International\/wp-json\/wp\/v2\/categories?post=102308"},{"taxonomy":"post_tag","embeddable":true,"href":"https:\/\/linitiative.ca\/International\/wp-json\/wp\/v2\/tags?post=102308"}],"curies":[{"name":"wp","href":"https:\/\/api.w.org\/{rel}","templated":true}]}}