{"id":102309,"date":"2020-10-20T04:53:00","date_gmt":"2020-10-20T08:53:00","guid":{"rendered":"https:\/\/linitiative.ca\/International\/habib-touhami-ahmed-ben-salah-entre-ingratitude-et-injustice-album-photos\/"},"modified":"2020-10-20T04:53:00","modified_gmt":"2020-10-20T08:53:00","slug":"habib-touhami-ahmed-ben-salah-entre-ingratitude-et-injustice-album-photos","status":"publish","type":"post","link":"https:\/\/linitiative.ca\/International\/habib-touhami-ahmed-ben-salah-entre-ingratitude-et-injustice-album-photos\/","title":{"rendered":"Habib Touhami: Ahmed Ben Salah entre ingratitude et injustice (Album Photos)"},"content":{"rendered":"<p><span class=\"c3\"><span class=\"c2\"><strong><em><img decoding=\"async\" src=\"\/uploads\/FCK_files\/Habib-Touhami 24(14).jpg\" alt=\"\" width=\"20%\" vspace=\"5\" hspace=\"5\" align=\"left\"\/>Par Habib Touhami &#8211;<\/em><\/strong><\/span><\/span> De tous les hommes politiques tunisiens de mon adolescence, deux sortaient du lot \u00e0 mes yeux et bien que je sois, comme beaucoup de fils de destouriens du Sud, plus proche humainement parlant d\u2019un Taieb Mhiri ou d\u2019un Ahmed Tlili, ma pr\u00e9f\u00e9rence allait aux deux Ahmed, Ben Salah et Mestiri.<\/p>\n<p>J&rsquo;aimais les \u00e9couter \u00e0 la radio parce qu\u2019ils tenaient tous les deux un discours authentiquement structur\u00e9, \u00e0 l\u2019oppos\u00e9 d\u2019un Habib Bourguiba qui passait derechef et dans le m\u00eame discours du narratif a l\u2019injonctif et \u00e0 l\u2019onirique. Ils le faisaient \u00e0 leur mani\u00e8re, l\u2019un avec calme et d\u00e9tachement, l\u2019autre avec enthousiasme et passion. Avec le recul, je pense qu\u2019ils se pr\u00e9paraient tous les deux \u00e0 un in\u00e9vitable retournement de ce chef qu\u2019ils v\u00e9n\u00e9raient tant. Les \u00e9v\u00e8nements leur donn\u00e8rent raison. Au sein m\u00eame du N\u00e9o-Destour, leur parti, les deux Ahmed finirent par devenir des pestif\u00e9r\u00e9s bien qu\u2019ils comptent tous les deux parmi les vrais b\u00e2tisseurs du pays et de ceux qui ont servi au lieu de se servir.\u00a0<\/p>\n<p>S\u2019agissant d\u2019Ahmed Ben Salah, les choses all\u00e8rent beaucoup trop loin. Me promenant un jour \u00e0 l\u2019Ariana avec un ami, ancien haut magistrat, nous rencontr\u00e2mes \u00ab un pays \u00bb \u00e0 lui originaire du Sahel (il aurait pu \u00eatre de K\u00e9bili ou de B\u00e9ja). Tout se passa chaleureusement avec moi jusqu\u2019au moment o\u00f9 il aper\u00e7ut le livre d\u2019Ahmed Ben Salah que je tenais \u00e0 la main. Il entra aussit\u00f4t dans une col\u00e8re noire me reprochant vivement de lire un ouvrage s\u00e9ditieux \u00e9crit par un \u00abcriminel\u00bb qu\u2019il fallait pendre. Un demi-si\u00e8cle apr\u00e8s la fin du \u00abcollectivisme\u00bb et la liquidation du \u00absocialisme\u00bb, l\u2019extr\u00eame violence de la r\u00e9action me frappa comme un coup de poing au plexus. Il est vrai que pour une population active essentiellement compos\u00e9e de paysans et de \u00ab n\u00e9gociants \u00bb, le mouvement coop\u00e9ratif \u00e9tait forc\u00e9ment per\u00e7u comme une brimade doubl\u00e9e d\u2019une spoliation.<\/p>\n<p>Outre son outrance, la haine que suscite Ahmed Ben Salah encore aujourd\u2019hui montre que les r\u00e9formateurs et les iconoclastes n\u2019ont pas droit de cit\u00e9 dans une soci\u00e9t\u00e9 devenue de plus en plus conservatrice, par la d\u00e9mographie d\u2019abord, la culture ensuite. Elle montre aussi que les pr\u00e9jug\u00e9s et les id\u00e9es re\u00e7ues continuent \u00e0 l\u2019emporter ais\u00e9ment sur les faits. Car de quoi accuse-t-on Ahmed Ben Salah au fond ? D\u2019avoir eu trop de pouvoir en coiffant tous les minist\u00e8res \u00e9conomiques, plus l\u2019Education nationale ? Mais c\u2019est Habib Bourguiba lui-m\u00eame qui en prit la d\u00e9cision. De pr\u00e9cipiter la g\u00e9n\u00e9ralisation du mouvement coop\u00e9ratif ? Mais c\u2019est Habib Bourguiba qui l\u2019a voulu sans d\u2019ailleurs demander l\u2019avis de l\u2019int\u00e9ress\u00e9. D\u2019avoir pouss\u00e9 les gouverneurs \u00e0 un z\u00e8le extr\u00eame et idiot pour satisfaire \u00e0 cette exigence ? Mais Ahmed Ben Salah n\u2019avait pas autorit\u00e9 sur les gouverneurs qui d\u00e9pendaient alors, rappelons-le, du seul Pr\u00e9sident de la R\u00e9publique et de son ministre de l\u2019Int\u00e9rieur.<\/p>\n<p>Qu\u2019Ahmed Ben Salah soit responsable de sa gestion, c\u2019est incontestable, \u00e0 condition que l\u2019on en fasse enfin le bilan, honn\u00eatement, m\u00e9thodiquement. Que tous les malheurs survenus au pays lors des ann\u00e9es soixante, s\u00e9cheresse et inondations comprises, lui soient attribu\u00e9s, c\u2019est \u00e0 la fois inexact et infantile. \u00abL\u2019ingratitude envers les grands hommes est la marque des peuples forts.\u00bb, disait Plutarque. Il y a cependant un gouffre immense entre ingratitude et injustice. Les peuples ont parfaitement le droit d\u2019\u00eatre ingrats, mais ils n\u2019ont pas \u00e0 \u00eatre injustes pour l\u00e9gitimer leur ingratitude. Le cas d\u2019Ahmed Ben Salah repr\u00e9sente \u00e0 cet \u00e9gard l\u2019exemple type de cette l\u00e2chet\u00e9 intellectuelle et morale qui d\u00e9tourne la r\u00e9alit\u00e9 \u00e0 son profit et qui use de l\u2019amn\u00e9sie s\u00e9lective et de l\u2019ignorance de la majorit\u00e9 pour justifier l\u2019injustifiable.<\/p>\n<p class=\"c5\"><strong>Habib Touhami<\/strong><\/p>\n<p class=\"c6\"><strong>Lire aussi<\/strong><\/p>\n<p class=\"c6\"><a href=\"https:\/\/www.leaders.com.tn\/article\/30596-ahmed-ben-salah-present-a-un-rassemblement-de-soutien-au-doyen-habib-kazdaghli-a-l-occasion-de-son-proces\" target=\"_blank\" rel=\"noopener noreferrer\">Habib Mellakh : Ahmed Ben Salah, d\u00e9fenseur des causes juste jusqu&rsquo;au bout<\/a><br \/><a href=\"https:\/\/www.leaders.com.tn\/article\/30586-deces-d-ahmed-ben-salah-le-super-ministre-de-bourguiba\" target=\"_blank\" rel=\"noopener noreferrer\">D\u00e9c\u00e8s d\u2019Ahmed Ben Salah : le super-ministre de Bourguiba<\/a><br \/><a href=\"https:\/\/www.leaders.com.tn\/article\/30587-ahmed-ben-salah-un-homme-de-conviction-et-d-action-qui-a-droit-a-notre-reconnaissance\" target=\"_blank\" rel=\"noopener noreferrer\">Ahmed Ben Salah, un homme de conviction et d&rsquo;action qui a droit \u00e0 notre reconnaissance<\/a><br \/><a href=\"https:\/\/www.leaders.com.tn\/article\/17221-allocution-de-m-chedli-klibi-a-l-occasion-de-la-ceremonie-d-hommage-a-m-ahmed-ben-salah-organisee-par-l-olp-le-vendredi-22-mai-2015\" target=\"_blank\" rel=\"noopener noreferrer\">L&rsquo;hommage de Ch\u00e9dly Klibi, \u00e0 Ahmed Ben Salah<\/a><br \/><a href=\"https:\/\/www.leaders.com.tn\/article\/26106-ahmed-ben-salah-en-un-grand-volume\" target=\"_blank\" rel=\"noopener noreferrer\">Ahmed Ben Salah et l&rsquo;exp\u00e9rience collectiviste en 570 pages<\/a><strong\/><\/p>\n<p>\u00a0<\/p>\n<p>Auteur:<br \/>\n<a href=\"https:\/\/www.leaders.com.tn\/article\/30762-habib-touhami-ahmed-ben-salah-entre-ingratitude-et-injustice\">Cliquez ici pour lire l&rsquo;article depuis sa source.<\/a><\/p>\n","protected":false},"excerpt":{"rendered":"<p>Par Habib Touhami &#8211; De tous les hommes politiques tunisiens de mon adolescence, deux sortaient du lot \u00e0 mes yeux et bien que je sois, comme beaucoup de fils de destouriens du Sud, plus proche humainement parlant d\u2019un Taieb Mhiri ou d\u2019un Ahmed Tlili, ma pr\u00e9f\u00e9rence allait aux deux Ahmed, Ben Salah et Mestiri. J&rsquo;aimais [&hellip;]<\/p>\n","protected":false},"author":1772,"featured_media":102310,"comment_status":"closed","ping_status":"closed","sticky":false,"template":"","format":"standard","meta":{"fifu_image_url":"","fifu_image_alt":"","footnotes":""},"categories":[73,55],"tags":[],"class_list":["post-102309","post","type-post","status-publish","format-standard","has-post-thumbnail","hentry","category-actualite","category-tunisie"],"_links":{"self":[{"href":"https:\/\/linitiative.ca\/International\/wp-json\/wp\/v2\/posts\/102309","targetHints":{"allow":["GET"]}}],"collection":[{"href":"https:\/\/linitiative.ca\/International\/wp-json\/wp\/v2\/posts"}],"about":[{"href":"https:\/\/linitiative.ca\/International\/wp-json\/wp\/v2\/types\/post"}],"author":[{"embeddable":true,"href":"https:\/\/linitiative.ca\/International\/wp-json\/wp\/v2\/users\/1772"}],"replies":[{"embeddable":true,"href":"https:\/\/linitiative.ca\/International\/wp-json\/wp\/v2\/comments?post=102309"}],"version-history":[{"count":0,"href":"https:\/\/linitiative.ca\/International\/wp-json\/wp\/v2\/posts\/102309\/revisions"}],"wp:featuredmedia":[{"embeddable":true,"href":"https:\/\/linitiative.ca\/International\/wp-json\/"}],"wp:attachment":[{"href":"https:\/\/linitiative.ca\/International\/wp-json\/wp\/v2\/media?parent=102309"}],"wp:term":[{"taxonomy":"category","embeddable":true,"href":"https:\/\/linitiative.ca\/International\/wp-json\/wp\/v2\/categories?post=102309"},{"taxonomy":"post_tag","embeddable":true,"href":"https:\/\/linitiative.ca\/International\/wp-json\/wp\/v2\/tags?post=102309"}],"curies":[{"name":"wp","href":"https:\/\/api.w.org\/{rel}","templated":true}]}}