{"id":102313,"date":"2020-10-20T08:00:00","date_gmt":"2020-10-20T12:00:00","guid":{"rendered":"https:\/\/linitiative.ca\/International\/apres-lassassinat-de-samuel-paty-plus-vite-la-france-prendra-ses-distances-avec-les-pays-commanditaires-plus-vite-le-terrorisme-islamiste-sera-vaincu\/"},"modified":"2020-10-20T08:00:00","modified_gmt":"2020-10-20T12:00:00","slug":"apres-lassassinat-de-samuel-paty-plus-vite-la-france-prendra-ses-distances-avec-les-pays-commanditaires-plus-vite-le-terrorisme-islamiste-sera-vaincu","status":"publish","type":"post","link":"https:\/\/linitiative.ca\/International\/apres-lassassinat-de-samuel-paty-plus-vite-la-france-prendra-ses-distances-avec-les-pays-commanditaires-plus-vite-le-terrorisme-islamiste-sera-vaincu\/","title":{"rendered":"Apr\u00e8s l&rsquo;assassinat de  Samuel Paty : plus vite, la France prendra ses distances avec les pays commanditaires, plus vite le terrorisme islamiste sera vaincu"},"content":{"rendered":"<p><span class=\"c3\"><span class=\"c2\"><em><strong>Par Abdelaziz Kacem &#8211;<\/strong><\/em><\/span><\/span> Plus encore que celle des Pharaons, s\u00e9vira la mal\u00e9diction des \u00ab Caricatures de Mahomet \u00bb. \u00c0 Conflans-Sainte-Honorine, Samuel Paty, professeur d\u2019histoire-g\u00e9o de son \u00e9tat, est sauvagement d\u00e9capit\u00e9. Il avait illustr\u00e9 son cours sur la libert\u00e9 d\u2019expression par quelques-unes des dites caricatures. Son bourreau, un jeune extr\u00e9miste Tch\u00e9tch\u00e8ne de dix-huit ans, abattu peu apr\u00e8s par la police, venait d\u2019obtenir le droit d\u2019asile.<\/p>\n<p>Revenons 15 ans en arri\u00e8re. Le 30 septembre 2005, le Jylland Posten, quotidien danois proche des N\u00e9oconservateurs am\u00e9ricains, publie des caricatures ridiculisant l\u2019islam et son Proph\u00e8te. \u00c0 l\u2019\u00e9poque, l\u2019islamophobie commen\u00e7ait \u00e0 venter fort sur le Danemark, membre de la coalition anglo-am\u00e9ricaine, qui d\u00e9truisit l\u2019Irak. Alert\u00e9 par les ambassadeurs arabes accr\u00e9dit\u00e9s \u00e0 Copenhague, Anders Fogh Rasmussen, Premier ministre et futur Secr\u00e9taire g\u00e9n\u00e9ral de l\u2019OTAN, argue de la libert\u00e9 de la presse.<\/p>\n<p>Le quotidien danois aurait-il voulu apporter de l\u2019eau au moulin int\u00e9griste, qu\u2019il ne s\u2019y serait pas pris autrement. Des mois passent sans qu\u2019aucune r\u00e9action de la rue musulmane n\u2019ait \u00e9t\u00e9 enregistr\u00e9e, jusqu\u2019au 10 janvier 2006, date du p\u00e8lerinage de la Mecque, \u00e0 l\u2019occasion de l\u2019A\u00efd el Kab\u00eer. L\u00e0, la \u00ab Oumma \u00bb, d\u00e9cide de transf\u00e9rer l\u2019affaire \u00e0 l\u2019indignation populaire. \u00c0 elles seules, les manifestations en Asie et en Afrique ont fait une cinquantaine de morts, pi\u00e9tin\u00e9s par des masses, en tr\u00e8s pieuse furie.<\/p>\n<p>Soudain, le Jylland Posten acquiert une notori\u00e9t\u00e9 internationale. Charlie Hebdo\u00a0 s\u2019en fait le relais, ach\u00e8te les droits de publication de ses dessins. On connait la suite\u2026 \u00c0 l\u2019occasion de l\u2019ouverture du proc\u00e8s des terroristes responsables de la tuerie, Charlie republie les caricatures. Il re\u00e7oit de nouvelles menaces. La France se mobilise, se pr\u00e9pare \u00e0 l\u00e9gif\u00e9rer contre le s\u00e9paratisme islamique. L\u2019\u00e9cole doit apporter sa contribution p\u00e9dagogique en \u00e9duquant les jeunes \u00e0 la libert\u00e9 d\u2019expression. L\u00e0 aussi, on vient de conna\u00eetre la suite\u2026<\/p>\n<p>La France est en droit de pleurer ses morts et de prendre les mesures les plus draconiennes pour prot\u00e9ger ses citoyens contre de tels actes barbares. Nous aussi, par empathie et pour l\u2019histoire et la g\u00e9ographie qui nous lient, nous partageons le deuil des familles afflig\u00e9es. Mais l\u2019empathie doit \u00eatre r\u00e9ciproque et il faut \u00e9largir le front. Qui, en France, a entendu parler du Jordanien N\u00e2hidh Hattar ?<\/p>\n<p>C\u2019est l\u2019une des figures marquantes de l\u2019intelligentsia arabe la\u00efque ; il est de tous les combats contre l\u2019injustice, les pr\u00e9jug\u00e9s, les l\u00e2chet\u00e9s, les ali\u00e9nations. D\u00e9but ao\u00fbt 2016, exc\u00e9d\u00e9 par tant d\u2019obscurantisme, il succombe \u00e0 la tentation de toucher au tabou supr\u00eame. Il partage sur sa page facebook une caricature. Elle repr\u00e9sente un islamiste qui se pr\u00e9lasse au Paradis avec deux houris ; Dieu est pr\u00e9sent et le djihadiste s&rsquo;adresse \u00e0 Lui comme \u00e0 un serviteur : \u00ab Du vin, des noix de cajou, et quelqu\u2019un pour venir faire le m\u00e9nage dans la chambre \u00bb. Le toll\u00e9 est g\u00e9n\u00e9ral. N\u00e2hidh Hattar que l\u2019on savait ennemi jur\u00e9 des int\u00e9gristes retire la caricature, pr\u00e9sente ses excuses et s\u2019explique : Je ne me moque nullement de l\u2019islam, mais de la vision du Paradis chez les Da\u00e9chiens dont tout le monde d\u00e9nie l\u2019appartenance \u00e0 l\u2019islam vrai.<\/p>\n<p>Mais la col\u00e8re ne d\u00e9gonfle pas contre un homme iconoclaste et, de surcro\u00eet, de confession chr\u00e9tienne. Le gouvernement s\u2019en m\u00eale \u00e0 son tour. Il d\u00e9nonce un \u00ab crime odieux \u00bb. Hattar est arr\u00eat\u00e9, le 12 ao\u00fbt, sur instruction du premier ministre, pour \u00ab incitation aux dissensions confessionnelles \u00bb. Lib\u00e9r\u00e9 sous caution, il vient, le 25 septembre, affronter son proc\u00e8s. Sur les marches du Palais de Justice, un barbu habill\u00e9 \u00e0 la da\u00e9chienne lui tire dessus \u00e0 bout portant, \u00e0 trois reprises. Touch\u00e9 \u00e0 la t\u00eate, l\u2019intellectuel meurt avant son arriv\u00e9e \u00e0 l\u2019h\u00f4pital. Il avait cinquante-six ans. L\u2019\u00e9motion dans le monde arabe est \u00e0 son comble. L\u2019amertume est d\u2019autant plus grande que l\u2019on s\u2019attendait \u00e0 plus de retenue de la part des responsables jordaniens. Le roi Abdallah II n\u2019a-t-il pas, aux c\u00f4t\u00e9s de Fran\u00e7ois Hollande, particip\u00e9 solennellement \u00e0 la m\u00e9morable manifestation du 11 janvier 2015 qui, \u00e0 Paris, sous le slogan \u00ab Je suis Charlie \u00bb, a r\u00e9uni des millions de protestataires?<br \/>Et l\u2019on se demande : \u00ab Y aurait-il, l\u00e0 aussi, deux poids, deux mesures : tol\u00e9rance, d\u2019un c\u00f4t\u00e9, \u00e0 l\u2019\u00e9gard de Charlie Hebdo, extr\u00eame s\u00e9v\u00e9rit\u00e9, de l\u2019autre, contre une fugace caricature emprunt\u00e9e pour une demie heure par une gloire de la pens\u00e9e arabe ? \u00bb. Nous sommes tous des N\u00e2hidh Hattar en sursis.<\/p>\n<p>Que faire ? Parler de libert\u00e9 d\u2019expression \u00e0 des jeunes asservis au totalitarisme politico-religieux rel\u00e8ve du tragi-comique. Charles Pasqua avait promis de \u00ab terroriser les terroristes \u00bb.Cela ne fit peur qu\u2019aux honn\u00eates gens parmi les musulmans, expos\u00e9s \u00e0 l\u2019amalgame. Pour les autres, les assassins (de l\u2019arabe hachachin, tueurs sous l\u2019effet de l\u2019herbe), il en faut plus. Ces jeunes sont convaincus qu\u2019en d\u00e9fendant l\u2019image du Proph\u00e8te, dans le culte de la mort donn\u00e9e et re\u00e7ue, ils ne font que l\u00e9galiser un titre foncier au Paradis. Les cellules dormantes, les loups solitaires (qui ne sont pas si solitaires qu\u2019ils en ont l\u2019air) continueront leur basse besogne.<br \/>Et pour cause !<\/p>\n<p>Plus de 25% d\u2019immigr\u00e9s en France, en Belgique, en Hollande, en Allemagne rejettent la la\u00efcit\u00e9 et les lois r\u00e9publicaines. Ils sont totalement gouvern\u00e9s par le Wahhabisme\u00a0 avec ses deux rejetons, al-Qaeda et Daech, lesquels ont pour r\u00e9f\u00e9rences principales, les \u00e9crits, d\u2019un sinistre th\u00e9ologien du XIIIe-XIVe si\u00e8cles, Ibn Taymiyya (1263-1328), l\u2019homme qui a d\u00e9finitivement cadenass\u00e9 l\u2019islam. Ses fatwas, trente gros volumes, sont r\u00e9guli\u00e8rement r\u00e9\u00e9dit\u00e9s par l\u2019Arabie saoudite et gratuitement distribu\u00e9es pour s\u2019assurer un abrutissement optimal des esprits. Un ouvrage sort du lot : Al-S\u00e2rim al-masl\u00fbl \u2018al\u00e2 sh\u00e2tim al-ras\u00fbl (L\u2019\u00e9p\u00e9e brandie contre celui qui outrage le Messager). Ibn Taymiyya y explique que celui qui blasph\u00e8me Allah, peut \u00eatre pardonn\u00e9, moyennant un repentir solennel. En revanche, nul pardon, nul rachat ne sont accord\u00e9s, \u00e0 quiconque offenserait\u00a0 l\u2019Envoy\u00e9 de Dieu. Comment briser le sort, mettre Ibn Taymiyya hors d\u2019\u00e9tat de nuire ? That is the question.<br \/>D\u00e9j\u00e0, en 1980, Maxime Rodinson, dans son essai La Fascination de l\u2019islam, nous avait pr\u00e9venus. Les politiques coloniaux font tout pour accentuer la d\u00e9g\u00e9n\u00e9rescence des pays orientaux. \u00ab Leur redressement, leur modernisation \u00e9ventuels, affirme-t-il, ne suscitent aucun enthousiasme. Les Occidentaux s\u2019alliaient, le plus souvent, aux \u00ab conservateurs indig\u00e8nes \u00bb et traitaient, ajoute-t-il, \u00ab les intellectuels nationalistes, qu\u2019ils soient r\u00e9formateurs ou r\u00e9volutionnaires, socialisants ou non, de p\u00e2les imitateurs de l\u2019Europe, pouss\u00e9s par des id\u00e9es abstraites et mal comprises, \u00e0 d\u00e9truire leur propre patrimoine \u00bb.<\/p>\n<p>Plus vite, la France prendra ses distances avec les pays commanditaires, plus vite le terrorisme islamiste sera vaincu.<\/p>\n<p class=\"c4\"><strong>Abdelaziz Kacem<\/strong><\/p>\n<p class=\"c5\"><strong>Lire aussi<\/strong><\/p>\n<p class=\"c5\"><a href=\"https:\/\/www.leaders.com.tn\/article\/30763-habib-mellakh-apres-les-journalistes-le-terrorisme-islamiste-cible-les-enseignants\" target=\"_blank\" rel=\"noopener noreferrer\">Habib Mellakh: Apr\u00e8s les journalistes, le terrorisme islamiste cible les enseignants<\/a><\/p>\n<p>Auteur:<br \/>\n<a href=\"https:\/\/www.leaders.com.tn\/article\/30754-apres-l-assassinat-de-samuel-paty-plus-vite-la-france-prendra-ses-distances-avec-les-pays-commanditaires-plus-vite-le-terrorisme-islamiste-sera-vaincu\">Cliquez ici pour lire l&rsquo;article depuis sa source.<\/a><\/p>\n","protected":false},"excerpt":{"rendered":"<p>Par Abdelaziz Kacem &#8211; Plus encore que celle des Pharaons, s\u00e9vira la mal\u00e9diction des \u00ab Caricatures de Mahomet \u00bb. \u00c0 Conflans-Sainte-Honorine, Samuel Paty, professeur d\u2019histoire-g\u00e9o de son \u00e9tat, est sauvagement d\u00e9capit\u00e9. Il avait illustr\u00e9 son cours sur la libert\u00e9 d\u2019expression par quelques-unes des dites caricatures. Son bourreau, un jeune extr\u00e9miste Tch\u00e9tch\u00e8ne de dix-huit ans, abattu [&hellip;]<\/p>\n","protected":false},"author":1772,"featured_media":0,"comment_status":"closed","ping_status":"closed","sticky":false,"template":"","format":"standard","meta":{"fifu_image_url":"","fifu_image_alt":"","footnotes":""},"categories":[73,55],"tags":[],"class_list":["post-102313","post","type-post","status-publish","format-standard","hentry","category-actualite","category-tunisie"],"_links":{"self":[{"href":"https:\/\/linitiative.ca\/International\/wp-json\/wp\/v2\/posts\/102313","targetHints":{"allow":["GET"]}}],"collection":[{"href":"https:\/\/linitiative.ca\/International\/wp-json\/wp\/v2\/posts"}],"about":[{"href":"https:\/\/linitiative.ca\/International\/wp-json\/wp\/v2\/types\/post"}],"author":[{"embeddable":true,"href":"https:\/\/linitiative.ca\/International\/wp-json\/wp\/v2\/users\/1772"}],"replies":[{"embeddable":true,"href":"https:\/\/linitiative.ca\/International\/wp-json\/wp\/v2\/comments?post=102313"}],"version-history":[{"count":0,"href":"https:\/\/linitiative.ca\/International\/wp-json\/wp\/v2\/posts\/102313\/revisions"}],"wp:attachment":[{"href":"https:\/\/linitiative.ca\/International\/wp-json\/wp\/v2\/media?parent=102313"}],"wp:term":[{"taxonomy":"category","embeddable":true,"href":"https:\/\/linitiative.ca\/International\/wp-json\/wp\/v2\/categories?post=102313"},{"taxonomy":"post_tag","embeddable":true,"href":"https:\/\/linitiative.ca\/International\/wp-json\/wp\/v2\/tags?post=102313"}],"curies":[{"name":"wp","href":"https:\/\/api.w.org\/{rel}","templated":true}]}}