{"id":102315,"date":"2020-10-20T13:27:00","date_gmt":"2020-10-20T17:27:00","guid":{"rendered":"https:\/\/linitiative.ca\/International\/cest-ainsi-que-naquit-lonu\/"},"modified":"2020-10-20T13:27:00","modified_gmt":"2020-10-20T17:27:00","slug":"cest-ainsi-que-naquit-lonu","status":"publish","type":"post","link":"https:\/\/linitiative.ca\/International\/cest-ainsi-que-naquit-lonu\/","title":{"rendered":"C\u2019est ainsi que naquit l\u2019ONU\u2026"},"content":{"rendered":"<p><span class=\"c3\"><span class=\"c2\"><em><strong>Par Mohamed Habib Salamouna &#8211;<\/strong><\/em><\/span><\/span> A la fin de 1943, dans son quartier g\u00e9n\u00e9ral d\u2019Alger, le g\u00e9n\u00e9ral Eisenhower travaille sur le plan d\u2019invasion de l\u2019Italie, o\u00f9 les forces alli\u00e9es sont retranch\u00e9es au sud de Rome. A l\u2019est de la M\u00e9diterran\u00e9e, la guerre \u00e9volue mal pour les Anglais. La situation rappelle au commandant des forces alli\u00e9es en Afrique du Nord l\u2019offensive en Tunisie bloqu\u00e9e par les allemands \u00e0 Bizerte, en d\u00e9cembre 1942, puis la victoire finale, en mai 1943.<\/p>\n<p>A l\u2019\u00e9poque, cependant, l\u2019arm\u00e9e Rouge a l\u2019initiative sur tous les fronts de l\u2019Est. Les Sovi\u00e9tiques ont amass\u00e9 530 divisions et, en octobre 1943, sont sur le point d\u2019isoler 500 000 soldats allemands battant en retraite entre la mer d\u2019Azov et le Dniepr.<\/p>\n<p>La 6 novembre, l\u2019arm\u00e9e Rouge entre dans ce reste de Kiev. Pendant ce temps, \u00e0 Moscou, le secr\u00e9taire d\u2019Etat am\u00e9ricain, Cordell Hull, et les ministres des affaires \u00e9trang\u00e8res anglais, Antony Eden, et russe, Viatcheslav Molotov, poursuivent leurs discussions au palais de Spirdonovka. C\u2019est au cours de l\u2019une de leurs r\u00e9unions que Hull obtient l\u2019appui de Molotov sur le projet d\u2019\u00e9tablissement de l\u2019Organisation des nations unies.<\/p>\n<p>Le secr\u00e9taire d\u2019Etat am\u00e9ricain devait exalter \u00e0 Washington, au cours d\u2019une r\u00e9union conjointe des deux chambres du Congr\u00e8s, le triomphe de la Charte atlantique adopt\u00e9e par les Etats-Unis et la Grande-Bretagne en ao\u00fbt 1941 et des principes de la s\u00e9curit\u00e9 collective incarn\u00e9s dans le projet des Nations unies. Son enthousiasme \u00e9tait d\u00e9bordant lorsqu\u2019il d\u00e9clara devant les \u00e9lus am\u00e9ricains que c\u2019\u00e9tait la fin des sph\u00e8res d\u2019influence, des alliances, des \u00e9quilibres de puissance qui avaient marqu\u00e9 tragiquement l\u2019histoire de l\u2019Europe.<\/p>\n<p>Ce qu\u2019il faut surtout retenir de ces \u00e9v\u00e9nements, c\u2019est qu\u2019aux heures les plus sombres de l\u2019alliance occidentale contre l\u2019arm\u00e9e de Hitler, au moment o\u00f9 l\u2019Europe \u00e9tait \u00e0 feu et \u00e0 sang, il fut des hommes qui, non seulement surent donner \u00e0 leurs arm\u00e9es le courage de surmonter les \u00e9preuves et les souffrances pour arracher la victoire, mais firent aussi preuve d\u2019une vision strat\u00e9gique qui leur permit de percevoir les structures d\u2019un nouveau syst\u00e8me de coop\u00e9ration internationale et de s\u00e9curit\u00e9 collective.<\/p>\n<p>Et c\u2019est ainsi que naquit l\u2019ONU, le 24 octobre 1945, sur les d\u00e9combres de la plus grande conflagration que le monde ait jamais connue. Elle refl\u00e9tait les r\u00e9alit\u00e9s de l\u2019\u00e9poque et il ne pouvait en \u00eatre autrement. Mais ses fondateurs tenaient aussi \u00e0 inscrire dans sa charte la vision d\u2019un monde meilleur que celui qu\u2019ils voyaient se consumer devant leurs yeux. Un monde fond\u00e9 sur la coop\u00e9ration r\u00e9gionale et internationale, un monde pacifi\u00e9 o\u00f9 les Etats recouraient de moins en moins \u00e0 la violence pour r\u00e9gler leurs conflits.<\/p>\n<p>C\u2019est cette exp\u00e9rience de coop\u00e9ration que nous vivons tous les jours depuis soixante-quinze ans. A l&rsquo;occasion de la Journ\u00e9e internationale Nelson Mandela, le 18 juillet 2020, le Secr\u00e9taire g\u00e9n\u00e9ral de l&rsquo;ONU, Ant\u00f3nio Guterres, d\u00e9clarait que \u00ab ce qui importait, ce n\u2019\u00e9tait pas le pass\u00e9 des Nations unies, mais leur r\u00f4le \u00e0 l\u2019avenir \u00bb, et qu\u2019il comptait durant le reste de son mandat \u00ab travailler avec les Etats membres pour red\u00e9finir ce r\u00f4le afin de pr\u00e9parer la Maison de verre \u00e0 affronter d\u2019autres menaces qui p\u00e8sent sur l\u2019humanit\u00e9. \u00bb<\/p>\n<p>Le d\u00e9bat est ouvert. Il faut esp\u00e9rer qu\u2019il sera impr\u00e9gn\u00e9 des r\u00e9alit\u00e9s du jour et, en m\u00eame temps, porteur d\u2019une vision d\u2019avenir.<\/p>\n<p class=\"c4\"><strong>Mohamed Habib Salamouna<\/strong><\/p>\n<p class=\"c5\"><strong>Lire aussi<\/strong><\/p>\n<p class=\"c5\"><a href=\"https:\/\/www.leaders.com.tn\/article\/30764-la-celebration-de-la-journee-des-nations-unies\" target=\"_blank\" rel=\"noopener noreferrer\">A l&rsquo;occasion de la c\u00e9l\u00e9bration de la journ\u00e9e des Nations Unies, un symposium sur le th\u00e8me : \u00ab le devoir de solidarit\u00e9 en temps de pand\u00e9mie \u00bb le 23 octobre au Grand H\u00f4tel-Tunis<\/a><br \/>\u00a0<\/p>\n<p>Auteur:<br \/>\n<a href=\"https:\/\/www.leaders.com.tn\/article\/30765-c-est-ainsi-que-naquit-l-onu\">Cliquez ici pour lire l&rsquo;article depuis sa source.<\/a><\/p>\n","protected":false},"excerpt":{"rendered":"<p>Par Mohamed Habib Salamouna &#8211; A la fin de 1943, dans son quartier g\u00e9n\u00e9ral d\u2019Alger, le g\u00e9n\u00e9ral Eisenhower travaille sur le plan d\u2019invasion de l\u2019Italie, o\u00f9 les forces alli\u00e9es sont retranch\u00e9es au sud de Rome. A l\u2019est de la M\u00e9diterran\u00e9e, la guerre \u00e9volue mal pour les Anglais. La situation rappelle au commandant des forces alli\u00e9es [&hellip;]<\/p>\n","protected":false},"author":1772,"featured_media":0,"comment_status":"closed","ping_status":"closed","sticky":false,"template":"","format":"standard","meta":{"fifu_image_url":"","fifu_image_alt":"","footnotes":""},"categories":[73,55],"tags":[],"class_list":["post-102315","post","type-post","status-publish","format-standard","hentry","category-actualite","category-tunisie"],"_links":{"self":[{"href":"https:\/\/linitiative.ca\/International\/wp-json\/wp\/v2\/posts\/102315","targetHints":{"allow":["GET"]}}],"collection":[{"href":"https:\/\/linitiative.ca\/International\/wp-json\/wp\/v2\/posts"}],"about":[{"href":"https:\/\/linitiative.ca\/International\/wp-json\/wp\/v2\/types\/post"}],"author":[{"embeddable":true,"href":"https:\/\/linitiative.ca\/International\/wp-json\/wp\/v2\/users\/1772"}],"replies":[{"embeddable":true,"href":"https:\/\/linitiative.ca\/International\/wp-json\/wp\/v2\/comments?post=102315"}],"version-history":[{"count":0,"href":"https:\/\/linitiative.ca\/International\/wp-json\/wp\/v2\/posts\/102315\/revisions"}],"wp:attachment":[{"href":"https:\/\/linitiative.ca\/International\/wp-json\/wp\/v2\/media?parent=102315"}],"wp:term":[{"taxonomy":"category","embeddable":true,"href":"https:\/\/linitiative.ca\/International\/wp-json\/wp\/v2\/categories?post=102315"},{"taxonomy":"post_tag","embeddable":true,"href":"https:\/\/linitiative.ca\/International\/wp-json\/wp\/v2\/tags?post=102315"}],"curies":[{"name":"wp","href":"https:\/\/api.w.org\/{rel}","templated":true}]}}