{"id":102319,"date":"2020-10-20T16:42:25","date_gmt":"2020-10-20T20:42:25","guid":{"rendered":"https:\/\/linitiative.ca\/International\/bientot-une-universite-privee-a-oujda\/"},"modified":"2020-10-20T16:42:25","modified_gmt":"2020-10-20T20:42:25","slug":"bientot-une-universite-privee-a-oujda","status":"publish","type":"post","link":"https:\/\/linitiative.ca\/International\/bientot-une-universite-privee-a-oujda\/","title":{"rendered":"Bient\u00f4t une Universit\u00e9 priv\u00e9e \u00e0 Oujda"},"content":{"rendered":"<p><strong>Apr\u00e8s Rabat, Casablanca, F\u00e8s, Marrakech et Agadir, Oujda pourrait bien \u00eatre la prochaine ville \u00e0 \u00eatre dot\u00e9e d\u2019une universit\u00e9 priv\u00e9e.<\/strong><\/p>\n<div class=\"c10\"\/>\n<p>L\u2019Etat marocain aurait donn\u00e9 son accord pour faire partie d\u2019un tour de table r\u00e9unissant acteurs priv\u00e9s et publics d\u2019une universit\u00e9 pluridisciplinaire, que devra abriter en 2022\/23 la capitale de l\u2019Oriental. Le futur p\u00f4le universitaire de cette r\u00e9gion, sera inspir\u00e9 du mod\u00e8le de partenariat public priv\u00e9 qui a pr\u00e9valu dans la cr\u00e9ation de l\u2019Universit\u00e9 Internationale de Rabat (UIR) et l\u2019Universit\u00e9 Euro-m\u00e9diterran\u00e9enne de F\u00e8s \u00e0 la diff\u00e9rence, toutefois, que l\u2019Etat marocain devra limiter, cette fois-ci, sa participation \u00e0 20% du capital seulement. Selon des sources proches du dossier encore en gestation, la premi\u00e8re phase du projet devra mobiliser au moins 500 millions de dirhams avant d\u2019atteindre un milliard de dirhams lors d\u2019une \u00e9tape d\u2019expansion ult\u00e9rieure.<\/p>\n<p><strong>Lire aussi | <a href=\"https:\/\/www.challenge.ma\/un-marocain-a-la-tete-de-renault-tanger-160672\/\">Un Marocain \u00e0 la t\u00eate de l\u2019usine Renault Tanger<\/a><\/strong><\/p>\n<p>Pour l\u2019instant, rien ne filtre sur l\u2019\u00e9tendue des formations qui seront prodigu\u00e9es par les facult\u00e9s affili\u00e9es \u00e0 cette future universit\u00e9 priv\u00e9e, ni sur les frais de scolarit\u00e9 qui y seront appliqu\u00e9s, mais il est d\u2019ores et d\u00e9j\u00e0 acquis que les formations scientifiques et techniques seront pr\u00e9dominantes, ce qui est conforme aussi bien aux besoins de formation acad\u00e9mique de la r\u00e9gion de l\u2019Oriental qui aspire \u00e0 s\u2019\u00e9riger en p\u00f4le industriel et technologique du pays, qu\u2019aux tendances locales de la demande en formation sup\u00e9rieure, sachant que la seule business school d\u2019envergure et de taille nationale qui s\u2019\u00e9tait aventur\u00e9e \u00e0 inaugurer un site \u00e0 Oujda (en l\u2019occurrence le groupe HEM), a d\u00fb le fermer quelques ann\u00e9es plus tard, faute de taux de remplissage ad\u00e9quat.<\/p>\n<p><strong>Lire aussi | <a href=\"https:\/\/www.challenge.ma\/lecole-un-enjeu-vital-162090\/\">L\u2019\u00e9cole, un enjeu vital<\/a><\/strong><\/p>\n<p>Rappelons que l\u2019offre en enseignement sup\u00e9rieur dans la r\u00e9gion de l\u2019Oriental demeure tr\u00e8s largement domin\u00e9e par le secteur public, avec un peu moins de 100.000 \u00e9tudiants inscrits au sein des diff\u00e9rents \u00e9tablissements publics, dont pr\u00e8s de 80.000 aupr\u00e8s des huit facult\u00e9s relevant de l\u2019Universit\u00e9 Mohammed Premier d\u2019Oujda (sept \u00e0 la ville d\u2019Oujda elle-m\u00eame et une \u00e0 Nador). Quant \u00e0 l\u2019offre priv\u00e9e en formation aux cycles sup\u00e9rieurs, elle attire \u00e0 peine un millier d\u2019\u00e9tudiants et demeure limit\u00e9e \u00e0 une dizaine d\u2019\u00e9tablissements sup\u00e9rieurs presque tous concentr\u00e9s \u00e0 Oujda, dont l\u2019Ecole des Hautes Etudes d\u2019Ing\u00e9nierie d\u2019Oujda (EHEIO) et l\u2019Ecole Sup\u00e9rieure de Management Informatique et T\u00e9l\u00e9communications Priv\u00e9e d\u2019Oujda (SUPMTI).<\/p>\n<p>Auteur: challenge<br \/>\n<a href=\"https:\/\/www.challenge.ma\/bientot-une-universite-privee-a-oujda-161960\/\">Cliquez ici pour lire l&rsquo;article depuis sa source.<\/a><\/p>\n","protected":false},"excerpt":{"rendered":"<p>Apr\u00e8s Rabat, Casablanca, F\u00e8s, Marrakech et Agadir, Oujda pourrait bien \u00eatre la prochaine ville \u00e0 \u00eatre dot\u00e9e d\u2019une universit\u00e9 priv\u00e9e. L\u2019Etat marocain aurait donn\u00e9 son accord pour faire partie d\u2019un tour de table r\u00e9unissant acteurs priv\u00e9s et publics d\u2019une universit\u00e9 pluridisciplinaire, que devra abriter en 2022\/23 la capitale de l\u2019Oriental. Le futur p\u00f4le universitaire de [&hellip;]<\/p>\n","protected":false},"author":1787,"featured_media":0,"comment_status":"closed","ping_status":"closed","sticky":false,"template":"","format":"standard","meta":{"fifu_image_url":"","fifu_image_alt":"","footnotes":""},"categories":[78,54],"tags":[],"class_list":["post-102319","post","type-post","status-publish","format-standard","hentry","category-economie","category-maroc"],"_links":{"self":[{"href":"https:\/\/linitiative.ca\/International\/wp-json\/wp\/v2\/posts\/102319","targetHints":{"allow":["GET"]}}],"collection":[{"href":"https:\/\/linitiative.ca\/International\/wp-json\/wp\/v2\/posts"}],"about":[{"href":"https:\/\/linitiative.ca\/International\/wp-json\/wp\/v2\/types\/post"}],"author":[{"embeddable":true,"href":"https:\/\/linitiative.ca\/International\/wp-json\/wp\/v2\/users\/1787"}],"replies":[{"embeddable":true,"href":"https:\/\/linitiative.ca\/International\/wp-json\/wp\/v2\/comments?post=102319"}],"version-history":[{"count":0,"href":"https:\/\/linitiative.ca\/International\/wp-json\/wp\/v2\/posts\/102319\/revisions"}],"wp:attachment":[{"href":"https:\/\/linitiative.ca\/International\/wp-json\/wp\/v2\/media?parent=102319"}],"wp:term":[{"taxonomy":"category","embeddable":true,"href":"https:\/\/linitiative.ca\/International\/wp-json\/wp\/v2\/categories?post=102319"},{"taxonomy":"post_tag","embeddable":true,"href":"https:\/\/linitiative.ca\/International\/wp-json\/wp\/v2\/tags?post=102319"}],"curies":[{"name":"wp","href":"https:\/\/api.w.org\/{rel}","templated":true}]}}