{"id":102329,"date":"2020-10-19T18:26:51","date_gmt":"2020-10-19T22:26:51","guid":{"rendered":"https:\/\/linitiative.ca\/International\/affectations-a-la-rtb-et-a-sidwaya-le-synatic-denonce-une-caporalisation-des-medias-publics\/"},"modified":"2020-10-19T18:26:51","modified_gmt":"2020-10-19T22:26:51","slug":"affectations-a-la-rtb-et-a-sidwaya-le-synatic-denonce-une-caporalisation-des-medias-publics","status":"publish","type":"post","link":"https:\/\/linitiative.ca\/International\/affectations-a-la-rtb-et-a-sidwaya-le-synatic-denonce-une-caporalisation-des-medias-publics\/","title":{"rendered":"Affectations \u00e0 la RTB et \u00e0 Sidwaya  : le SYNATIC d\u00e9nonce une \u00ab\u00a0caporalisation\u00a0\u00bb  des m\u00e9dias publics"},"content":{"rendered":"<div class=\"td-post-featured-image\"><a href=\"https:\/\/www.sidwaya.info\/wp-content\/uploads\/2020\/10\/1-43.jpg\" data-caption=\"\"><img loading=\"lazy\" decoding=\"async\" width=\"595\" height=\"334\" class=\"entry-thumb td-modal-image\" src=\"https:\/\/www.sidwaya.info\/wp-content\/uploads\/2020\/10\/1-43.jpg\" srcset=\"https:\/\/www.sidwaya.info\/wp-content\/uploads\/2020\/10\/1-43.jpg 595w, https:\/\/www.sidwaya.info\/wp-content\/uploads\/2020\/10\/1-43-300x168.jpg 300w\" sizes=\"auto, (max-width: 595px) 100vw, 595px\" alt=\"\" title=\"1\"\/><\/a><\/div>\n<p><strong>Le Syndicat autonome des travailleurs de l\u2019information et de la culture (SYNATIC) a d\u00e9nonc\u00e9, lors d\u2019un point de presse, la \u00ab liquidation du mouvement syndical et la caporalisation des m\u00e9dias publics \u00bb, le 19 octobre 2020,<\/strong><br \/><strong>\u00e0 Ouagadougou.<\/strong><\/p>\n<p>\u00abLa derni\u00e8re trouvaille du ministre charg\u00e9 de la communication, porte-parole du gouvernement, a \u00e9t\u00e9 de r\u00e9affecter, le 2 octobre 2020, encore au gr\u00e9 de ses humeurs, plus d\u2019une vingtaine d\u2019agents dans les communes rurales sans motifs valables\u00bb, a d\u00e9nonc\u00e9 le Secr\u00e9taire g\u00e9n\u00e9ral adjoint (SGA) du Syndicat autonome des travailleurs de l\u2019information et de la culture (SYNATIC), Aboubacar Sanfo.<\/p>\n<p>Il a expliqu\u00e9 que par cet acte, des journalistes, des ing\u00e9nieurs de son, des cameramen, des monteurs vid\u00e9o en majorit\u00e9, ont \u00e9t\u00e9 mis \u00e0 la disposition desdites communes, alors que pr\u00e9c\u00e9demment, ils avaient \u00e9t\u00e9 affect\u00e9s dans les directions r\u00e9gionales et centrales du d\u00e9partement de la communication pour n\u00e9cessit\u00e9 de service. Ces informations ont \u00e9t\u00e9 livr\u00e9es, au cours d\u2019une conf\u00e9rence de presse, le 19 octobre 2020 \u00e0 Ouagadougou, la veille de la Journ\u00e9e nationale de la libert\u00e9 de la presse, c\u00e9l\u00e9br\u00e9e chaque 20 octobre. Une occasion saisie par les responsables syndicaux pour d\u00e9noncer avec vigueur la remise en cause de la libert\u00e9 de presse et de la libert\u00e9 syndicale de la part du ministre en charge de la communication et de ses collaborateurs. M. Sanfo et ses camarades voient dans ces actes du minist\u00e8re en charge de la communication, une tentative de liquidation du mouvement syndical et la caporalisation des m\u00e9dias publics.<\/p>\n<p>Pour eux, le seul tort du syndicat, c\u2019est d\u2019avoir revendiqu\u00e9 l\u2019application des lois sur les m\u00e9dias vot\u00e9es, le 4 septembre 2015, transformant les m\u00e9dias publics en soci\u00e9t\u00e9s d\u2019Etat en vue d\u2019am\u00e9liorer cons\u00e9quemment leurs performances au service des populations ainsi que les conditions de travail. En retour, le SGA du SYNATIC a indiqu\u00e9 que les travailleurs de ces organes ont subi toutes sortes de tracasseries, de r\u00e9pressions et de violations de la libert\u00e9 syndicale et de la libert\u00e9 de presse.<\/p>\n<p>\u00abAlors que le syndicat observait une tr\u00eave suivant les recommandations du chef de la d\u00e9l\u00e9gation gouvernementale conduite par le ministre en charge de l\u2019\u00e9conomie et esp\u00e9rait une issue heureuse des n\u00e9gociations, pour la s\u00e9ance du 10 mars 2020, il a \u00e9t\u00e9 surpris par une note d\u2019affectation en date du 2 mars 2020\u00bb, a reproch\u00e9 le SGA. Il a en effet, rappel\u00e9 qu\u2019au motif fallacieux de corriger des irr\u00e9gularit\u00e9s administratives, de certains agents, le ministre Dandjinou s\u2019est lanc\u00e9 avec la b\u00e9n\u00e9diction du gouvernement, dans un processus de liquidation du SYNATIC et des medias publics \u00e0 travers des affectations massives et cyniques de 370 travailleurs des m\u00e9dias publics. Pire encore, a martel\u00e9 M. Sanfo, le ministre de la Communication, dans sa logique de diviser pour mieux r\u00e9gner, a op\u00e9r\u00e9 un passage en force, en rompant les discussions avec le SYNATIC et en faisant appliquer les implications du statut d\u00e9rogatoire sur les r\u00e9mun\u00e9rations du personnel de la RTB et des Editions Sidwaya en fin septembre 2020. Et ce, en l\u2019absence de tout accord issu du cadre de dialogue gouvernement\/ SYNATIC.<\/p>\n<p><strong>Poursuivre le combat<\/strong><\/p>\n<p>Pourtant, a soulign\u00e9 M. Sanfo, le SYNATIC n\u2019a eu de cesse de r\u00e9affirmer sa disposition au dialogue. Toujours attach\u00e9 \u00e0 l\u2019esprit de dialogue social, le syndicat a interpell\u00e9 une fois de plus le pr\u00e9sident du Faso, le Premier ministre, \u00e0 trouver une solution diligente \u00e0 cette crise qui secoue les m\u00e9dias publics depuis cinq ans. Toute chose, qui selon les responsables du SYNATIC, passe d\u2019abord par la r\u00e9int\u00e9gration de tous les camarades expuls\u00e9s hors des m\u00e9dias. A cela, ils ont ajout\u00e9, la finalisation des n\u00e9gociations engag\u00e9es depuis le 30 octobre 2019, autour du statut d\u00e9rogatoire en faveur de leurs m\u00e9dias. En tout \u00e9tat de cause, les responsables du SYNATIC se r\u00e9servent le droit d\u2019entreprendre des actions multiformes si l\u2019\u00e9volution de la situation ne lui laisse que ce choix.<\/p>\n<p>\u00ab Le SYNATIC tiendra R\u00e9mis Dandjinou et le gouvernement pour les seuls responsables de toute \u00e9ventuelle d\u00e9t\u00e9rioration du climat social dans les m\u00e9dias publics les jours \u00e0 venir, du fait de la non satisfaction de ses pr\u00e9occupations \u00bb, a pr\u00e9venu , le SGA du SYNATIC. Le bureau national du syndicat a invit\u00e9 les travailleurs de la RTB et des Editions Sidwaya \u00e0 rester mobilis\u00e9s et \u00e0 l\u2019\u00e9coute pour toujours dire non aux \u00ab\u00a0affectations sanctions\u00a0\u00bb, aux \u00ab\u00a0tracasseries de tout genre\u00a0\u00bb et \u00e0 \u00ab\u00a0la violation des libert\u00e9s de presse et des libert\u00e9s syndicales\u00a0\u00bb. A la question de savoir si le SYNATIC a toujours de l\u2019espoir dans cette lutte, le Secr\u00e9taire g\u00e9n\u00e9ral (SG) du SYNATIC, Siriki Dram\u00e9 est formel : \u00abNous ne sommes pas du tout d\u00e9sesp\u00e9r\u00e9s. Nous allons continuer le combat et quelque soit le r\u00e9gime. Nous allons user de tous les moyens pour mener le combat jusqu\u2019au bout \u00bb.<\/p>\n<p class=\"c1\"><strong>Mariam OUEDRAOGO<\/strong><br \/><strong>mesmira14@gmail.com<\/strong><\/p>\n<div class=\"td-a-rec td-a-rec-id-content_bottom tdi_30_9ff td_block_template_1\"><img loading=\"lazy\" decoding=\"async\" class=\"aligncenter size-full wp-image-27454\" src=\"https:\/\/www.sidwaya.info\/wp-content\/uploads\/2020\/10\/PUB-Bandeau-paiement-mobile-siteweb.jpg\" alt=\"\" width=\"728\" height=\"90\"\/><\/div>\n<p>Auteur: BM. Sidwaya<br \/>\n<a href=\"https:\/\/www.sidwaya.info\/blog\/2020\/10\/19\/affectations-a-la-rtb-et-a-sidwaya-le-synatic-denonce-une-caporalisation-des-medias-publics\/\">Cliquez ici pour lire l&rsquo;article depuis sa source.<\/a><\/p>\n","protected":false},"excerpt":{"rendered":"<p>Le Syndicat autonome des travailleurs de l\u2019information et de la culture (SYNATIC) a d\u00e9nonc\u00e9, lors d\u2019un point de presse, la \u00ab liquidation du mouvement syndical et la caporalisation des m\u00e9dias publics \u00bb, le 19 octobre 2020,\u00e0 Ouagadougou. \u00abLa derni\u00e8re trouvaille du ministre charg\u00e9 de la communication, porte-parole du gouvernement, a \u00e9t\u00e9 de r\u00e9affecter, le 2 [&hellip;]<\/p>\n","protected":false},"author":1816,"featured_media":102330,"comment_status":"closed","ping_status":"closed","sticky":false,"template":"","format":"standard","meta":{"fifu_image_url":"","fifu_image_alt":"","footnotes":""},"categories":[73,81],"tags":[],"class_list":["post-102329","post","type-post","status-publish","format-standard","has-post-thumbnail","hentry","category-actualite","category-burkina-faso"],"_links":{"self":[{"href":"https:\/\/linitiative.ca\/International\/wp-json\/wp\/v2\/posts\/102329","targetHints":{"allow":["GET"]}}],"collection":[{"href":"https:\/\/linitiative.ca\/International\/wp-json\/wp\/v2\/posts"}],"about":[{"href":"https:\/\/linitiative.ca\/International\/wp-json\/wp\/v2\/types\/post"}],"author":[{"embeddable":true,"href":"https:\/\/linitiative.ca\/International\/wp-json\/wp\/v2\/users\/1816"}],"replies":[{"embeddable":true,"href":"https:\/\/linitiative.ca\/International\/wp-json\/wp\/v2\/comments?post=102329"}],"version-history":[{"count":0,"href":"https:\/\/linitiative.ca\/International\/wp-json\/wp\/v2\/posts\/102329\/revisions"}],"wp:featuredmedia":[{"embeddable":true,"href":"https:\/\/linitiative.ca\/International\/wp-json\/"}],"wp:attachment":[{"href":"https:\/\/linitiative.ca\/International\/wp-json\/wp\/v2\/media?parent=102329"}],"wp:term":[{"taxonomy":"category","embeddable":true,"href":"https:\/\/linitiative.ca\/International\/wp-json\/wp\/v2\/categories?post=102329"},{"taxonomy":"post_tag","embeddable":true,"href":"https:\/\/linitiative.ca\/International\/wp-json\/wp\/v2\/tags?post=102329"}],"curies":[{"name":"wp","href":"https:\/\/api.w.org\/{rel}","templated":true}]}}