{"id":102331,"date":"2020-10-19T18:31:26","date_gmt":"2020-10-19T22:31:26","guid":{"rendered":"https:\/\/linitiative.ca\/International\/journee-nationale-de-la-liberte-de-la-presse-message-du-ministre-de-la-communication-et-des-relations-avec-le-parlement-porte-parole-du-gouvernement-remis-fulgance-dandjinou\/"},"modified":"2020-10-19T18:31:26","modified_gmt":"2020-10-19T22:31:26","slug":"journee-nationale-de-la-liberte-de-la-presse-message-du-ministre-de-la-communication-et-des-relations-avec-le-parlement-porte-parole-du-gouvernement-remis-fulgance-dandjinou","status":"publish","type":"post","link":"https:\/\/linitiative.ca\/International\/journee-nationale-de-la-liberte-de-la-presse-message-du-ministre-de-la-communication-et-des-relations-avec-le-parlement-porte-parole-du-gouvernement-remis-fulgance-dandjinou\/","title":{"rendered":"Journ\u00e9e nationale de la libert\u00e9 de la presse  : message du ministre de la communication et des relations avec le parlement,  porte-parole du gouvernement,  Remis Fulgance Dandjinou"},"content":{"rendered":"<div class=\"td-post-featured-image\"><a href=\"https:\/\/www.sidwaya.info\/wp-content\/uploads\/2020\/10\/1-44.jpg\" data-caption=\"\"><img loading=\"lazy\" decoding=\"async\" width=\"588\" height=\"595\" class=\"entry-thumb td-modal-image\" src=\"https:\/\/www.sidwaya.info\/wp-content\/uploads\/2020\/10\/1-44.jpg\" srcset=\"https:\/\/www.sidwaya.info\/wp-content\/uploads\/2020\/10\/1-44.jpg 588w, https:\/\/www.sidwaya.info\/wp-content\/uploads\/2020\/10\/1-44-296x300.jpg 296w, https:\/\/www.sidwaya.info\/wp-content\/uploads\/2020\/10\/1-44-415x420.jpg 415w\" sizes=\"auto, (max-width: 588px) 100vw, 588px\" alt=\"\" title=\"1\"\/><\/a><\/div>\n<p>Ce jour 20 octobre 2020, les acteurs de l\u2019information et de la communication comm\u00e9morent la Journ\u00e9e nationale de la libert\u00e9 de la presse autour du th\u00e8me : \u00ab Le journalisme \u00e0 l\u2019\u00e9preuve de l\u2019\u00e9thique et de la d\u00e9ontologie en p\u00e9riode \u00e9lectorale \u00bb.<br \/>Je voudrais souhaiter une heureuse c\u00e9l\u00e9bration \u00e0 toutes et \u00e0 tous, dans un esprit de consolidation de nos espaces de libert\u00e9 d\u2019expression et de presse et de promotion de paix et de la coh\u00e9sion sociale.<\/p>\n<p>Je voudrais saluer et f\u00e9liciter les professionnels des m\u00e9dias pour le traitement responsable et professionnel de l\u2019information relative \u00e0 l\u2019extr\u00e9misme violent, au terrorisme, \u00e0 la gestion des personnes d\u00e9plac\u00e9es internes et \u00e0 la mobilisation pour l\u2019engagement communautaire, dans le cadre de la lutte contre la Covid-19.<br \/>Je renouvelle mes encouragements aux journalistes, techniciens, patrons de m\u00e9dias qui ont montr\u00e9 une grande capacit\u00e9 de r\u00e9silience face \u00e0 un contexte national rendu plus difficile, du fait de la crise s\u00e9curitaire et socio-sanitaire, qui a fortement \u00e9branl\u00e9 la structure \u00e9conomique des entreprises de presse, chose pr\u00e9judiciable \u00e0 leur survie.<br \/>Des mesures ont \u00e9t\u00e9 prises par le Pr\u00e9sident du Faso, Son Excellence Roch Marc Christian Kabor\u00e9, \u00e0 savoir, l\u2019utilisation de la subvention de l\u2019Etat \u00e0 la presse priv\u00e9e, au titre de l\u2019ann\u00e9e 2020 et des cr\u00e9dits disponibles au titre du Fonds d\u2019appui \u00e0 la presse priv\u00e9e, la r\u00e9duction de 50%, au titre de l\u2019ann\u00e9e 2020, du paiement de la redevance TNT pour les t\u00e9l\u00e9visions et des redevances ARCEP pour les organes de presse de radiodiffusion, afin de r\u00e9duire les effets pervers de la crise sanitaire sur le secteur de la communication.<br \/>Ces mesures d\u2019accompagnements connaissent certes des limites, mais doivent \u00eatre mises \u00e0 contribution pour garantir une s\u00e9curit\u00e9 \u00e9conomique certaine aux acteurs qui font vivre le dispositif informationnel au Burkina Faso.<\/p>\n<p><strong>Ch\u00e8res cons\u0153urs,<\/strong><br \/><strong>Chers confr\u00e8res,<\/strong><br \/>\u00ab Le journalisme \u00e0 l\u2019\u00e9preuve de l\u2019\u00e9thique et de la d\u00e9ontologie en p\u00e9riode \u00e9lectorale \u00bb, est le th\u00e8me de la c\u00e9l\u00e9bration de la journ\u00e9e nationale de la libert\u00e9 de la presse 2020. Cette th\u00e9matique est d\u2019actualit\u00e9 avec la tenue des \u00e9lections pr\u00e9sidentielle et l\u00e9gislatives du 22 novembre 2020 et la campagne \u00e9lectorale qui va pr\u00e9c\u00e9der cette \u00e9ch\u00e9ance.<br \/>Notre pays compte \u00e0 ce jour, plus de 260 m\u00e9dias, toutes cat\u00e9gories confondues dont plus de 70 titres de presse. Il est superflu d\u2019\u00e9voquer leur importance, en cette p\u00e9riode \u00e9lectorale, en termes d\u2019\u00e9ducation des \u00e9lecteurs et \u00e9lectrices, de veille sur le processus \u00e9lectoral dans son ensemble, de bonne conduite du d\u00e9bat contradictoire, de gestion de la d\u00e9sinformation, de pr\u00e9vention des violences, etc.<br \/>Nous le savons tous, nombreux sont les facteurs susceptibles de fragiliser ce potentiel des m\u00e9dias. Pour r\u00e9duire ces facteurs, le degr\u00e9 d\u2019engagement des professionnels \u00e0 respecter les principes d\u2019\u00e9thiques et de d\u00e9ontologie est d\u00e9terminant. Cet \u00e9l\u00e9ment est sous-tendu par la capacit\u00e9 \u00e0 collecter, traiter et diffuser une information de qualit\u00e9, \u00e0 assurer l\u2019\u00e9quilibre de l\u2019information et l\u2019acc\u00e8s \u00e9quitable des acteurs. La capacit\u00e9 \u00e0 garantir des d\u00e9bats contradictoires respectant les codes de bonne conduite et les valeurs de paix et de coh\u00e9sion sociale, avant, pendant, \u00e0 l\u2019issue de la campagne \u00e9lectorale et des \u00e9lections, constitue une condition fondamentale pour assurer des \u00e9lections apais\u00e9es. C\u2019est aussi une des conditions garantissant la s\u00e9curit\u00e9 pour les journalistes dans l\u2019exercice de leur profession.<\/p>\n<p><strong>Chers cons\u0153urs,<\/strong><br \/><strong>Chers confr\u00e8res,<\/strong><br \/>Selon le classement mondial de Reporter sans fronti\u00e8re (RSF), \u00e9dition 2020, de la libert\u00e9 de la presse, rendu public le lundi 20 avril 2020, le Burkina Faso se classe \u00e0 la 38e place, sur un total de 180 pays au monde et \u00e0 la 5\u00e8 place africaine. Notre pays perd 2 places par rapport \u00e0 2019, mais reste class\u00e9 \u00ab parmi les r\u00e9ussites du continent africain en mati\u00e8re de libert\u00e9 de la presse, avec un paysage m\u00e9diatique dynamique, professionnel et pluraliste \u00bb, selon RSF.<br \/>Ce positionnement, appr\u00e9ci\u00e9 de tous, est la traduction des efforts constants des hommes et des femmes de presse, de m\u00eame que de la volont\u00e9 affich\u00e9e des plus hautes autorit\u00e9s de notre pays de travailler constamment \u00e0 renforcer la libert\u00e9 de presse, d\u2019expression et d\u2019opinion.<br \/>Pour accompagner les inlassables efforts consentis pour tenir ce challenge, le minist\u00e8re de la Communication et des relations avec le Parlement, comme le conseil sup\u00e9rieur de la communication, la CENI et d\u2019autres structures publiques, priv\u00e9es et de la soci\u00e9t\u00e9 civile, ont organis\u00e9 ou programm\u00e9 des formations au profit des acteurs des m\u00e9dias.<br \/>Les 27, 28 et 29 octobre prochain, mon d\u00e9partement va d\u00e9ployer des cadres de renforcement de capacit\u00e9s de professionnels des m\u00e9dias, sur la collecte et le traitement de l\u2019information en p\u00e9riode \u00e9lectorale, sur fact-cheking ou v\u00e9rification des faits, dans quatre r\u00e9gions : les Hauts Bassins, le Centre-Ouest, le Nord et le Centre Est.<br \/>C\u2019est ensemble, dans cette dynamique de consolidation des connaissances et des bonnes pratiques, par la formation, que nous allons r\u00e9duire les risques de fragilisation du potentiel impactant des m\u00e9dias et jouer le r\u00f4le qui est le n\u00f4tre dans le respect de l\u2019\u00e9thique et de la d\u00e9ontologie.<\/p>\n<p><strong>Ch\u00e8res cons\u0153urs,<\/strong><br \/><strong>Chers confr\u00e8res,<\/strong><br \/>Le gouvernement renouvelle son engagement \u00e0 poursuivre ses efforts, pour que les hommes et les femmes de presse exercent leur profession dans les conditions optimums de s\u00e9curit\u00e9, de libert\u00e9 et d\u2019impartialit\u00e9, en toute ind\u00e9pendance, afin que leurs productions r\u00e9pondent v\u00e9ritablement \u00e0 la diversit\u00e9 et \u00e0 la pluralit\u00e9 des opinions, au service de la paix et de la coh\u00e9sion sociale des populations.<\/p>\n<p>Vive la libert\u00e9 de la presse !<br \/>Vive le Burkina Faso !<br \/>Bonne c\u00e9l\u00e9bration de la journ\u00e9e nationale de la libert\u00e9 de la presse \u00e0 toutes et \u00e0 tous !<br \/>Je vous remercie !<\/p>\n<p class=\"c1\"><strong>R\u00e9mis Fulgance DANDJINOU<\/strong><br \/><strong>Officier de l\u2019ordre National<\/strong><\/p>\n<div class=\"td-a-rec td-a-rec-id-content_bottom tdi_30_383 td_block_template_1\"><img loading=\"lazy\" decoding=\"async\" class=\"aligncenter size-full wp-image-27454\" src=\"https:\/\/www.sidwaya.info\/wp-content\/uploads\/2020\/10\/PUB-Bandeau-paiement-mobile-siteweb.jpg\" alt=\"\" width=\"728\" height=\"90\"\/><\/div>\n<p>Auteur: BM. Sidwaya<br \/>\n<a href=\"https:\/\/www.sidwaya.info\/blog\/2020\/10\/19\/journee-nationale-de-la-liberte-de-la-presse-message-du-ministre-de-la-communication-et-des-relations-avec-le-parlement-porte-parole-du-gouvernement-remis-fulgance-dandjinou\/\">Cliquez ici pour lire l&rsquo;article depuis sa source.<\/a><\/p>\n","protected":false},"excerpt":{"rendered":"<p>Ce jour 20 octobre 2020, les acteurs de l\u2019information et de la communication comm\u00e9morent la Journ\u00e9e nationale de la libert\u00e9 de la presse autour du th\u00e8me : \u00ab Le journalisme \u00e0 l\u2019\u00e9preuve de l\u2019\u00e9thique et de la d\u00e9ontologie en p\u00e9riode \u00e9lectorale \u00bb.Je voudrais souhaiter une heureuse c\u00e9l\u00e9bration \u00e0 toutes et \u00e0 tous, dans un esprit [&hellip;]<\/p>\n","protected":false},"author":1816,"featured_media":102332,"comment_status":"closed","ping_status":"closed","sticky":false,"template":"","format":"standard","meta":{"fifu_image_url":"","fifu_image_alt":"","footnotes":""},"categories":[73,81],"tags":[],"class_list":["post-102331","post","type-post","status-publish","format-standard","has-post-thumbnail","hentry","category-actualite","category-burkina-faso"],"_links":{"self":[{"href":"https:\/\/linitiative.ca\/International\/wp-json\/wp\/v2\/posts\/102331","targetHints":{"allow":["GET"]}}],"collection":[{"href":"https:\/\/linitiative.ca\/International\/wp-json\/wp\/v2\/posts"}],"about":[{"href":"https:\/\/linitiative.ca\/International\/wp-json\/wp\/v2\/types\/post"}],"author":[{"embeddable":true,"href":"https:\/\/linitiative.ca\/International\/wp-json\/wp\/v2\/users\/1816"}],"replies":[{"embeddable":true,"href":"https:\/\/linitiative.ca\/International\/wp-json\/wp\/v2\/comments?post=102331"}],"version-history":[{"count":0,"href":"https:\/\/linitiative.ca\/International\/wp-json\/wp\/v2\/posts\/102331\/revisions"}],"wp:featuredmedia":[{"embeddable":true,"href":"https:\/\/linitiative.ca\/International\/wp-json\/"}],"wp:attachment":[{"href":"https:\/\/linitiative.ca\/International\/wp-json\/wp\/v2\/media?parent=102331"}],"wp:term":[{"taxonomy":"category","embeddable":true,"href":"https:\/\/linitiative.ca\/International\/wp-json\/wp\/v2\/categories?post=102331"},{"taxonomy":"post_tag","embeddable":true,"href":"https:\/\/linitiative.ca\/International\/wp-json\/wp\/v2\/tags?post=102331"}],"curies":[{"name":"wp","href":"https:\/\/api.w.org\/{rel}","templated":true}]}}