{"id":102338,"date":"2020-10-20T14:18:03","date_gmt":"2020-10-20T18:18:03","guid":{"rendered":"https:\/\/linitiative.ca\/International\/alassane-ouattara-devoile-sa-vision-pour-booster-les-secteurs-porteurs-de-croissance\/"},"modified":"2020-10-20T14:18:03","modified_gmt":"2020-10-20T18:18:03","slug":"alassane-ouattara-devoile-sa-vision-pour-booster-les-secteurs-porteurs-de-croissance","status":"publish","type":"post","link":"https:\/\/linitiative.ca\/International\/alassane-ouattara-devoile-sa-vision-pour-booster-les-secteurs-porteurs-de-croissance\/","title":{"rendered":"Alassane Ouattara d\u00e9voile sa vision pour booster les secteurs porteurs de croissance"},"content":{"rendered":"<div readability=\"32\">\n<p>Publi\u00e9 le 20.10.2020 \u00e0 19h18 par APA News<\/p>\n<\/div>\n<div readability=\"136\">\n<p>Tirant les le\u00e7ons du pass\u00e9, Alassane Ouattara, candidat du Rassemblement des houphou\u00ebtistes pour la d\u00e9mocratie et la paix (Rhdp) \u00e0 la pr\u00e9sidentielle ivoirienne du 31 octobre 2020, envisage de mettre l\u2019Etat \u00ab en situation de moteur \u00bb pour booster des secteurs porteurs de croissance, a dit mardi le ministre d\u2019Etat, secr\u00e9taire g\u00e9n\u00e9ral de la pr\u00e9sidence Patrick Achi, son directeur de campagne charg\u00e9 des projets de soci\u00e9t\u00e9, face au Patronat.M. Patrick Achi, ministre d\u2019Etat, secr\u00e9taire g\u00e9n\u00e9ral de la pr\u00e9sidence de la R\u00e9publique, pr\u00e9sentait le projet de soci\u00e9t\u00e9 de M. Ouattara devant les acteurs du secteur priv\u00e9 ivoirien, \u00e0 la Maison de l\u2019entreprise, le si\u00e8ge de la Conf\u00e9d\u00e9ration g\u00e9n\u00e9rale des entreprises de C\u00f4te d\u2019Ivoire (Cgeci, le Patronat).<\/p>\n<p>Il a d\u00e9velopp\u00e9 que \u00ab les pays qui avancent le plus rapidement possible ont un contr\u00f4le l\u00e9ger, certains, sur des cha\u00eenes de valeur \u00bb, qui partent par exemple pour le secteur agro-industriel, depuis le planteur jusque dans les magasins \u00e0 New-York, \u00e0 Paris ou \u00e0 P\u00e9kin.\u00a0<\/p>\n<p>Dans ce contexte, \u00ab tous les acteurs du secteur priv\u00e9 qui sont tout au long de cette cha\u00eene sont g\u00e9r\u00e9s dans un environnement de r\u00e9gulation qui fait l\u2019objet de discussions entre le public et le priv\u00e9 \u00bb, a dit M. Achi, ajoutant \u00ab ce sont des questions qui seront le contexte des discussions pour demain \u00bb.<\/p>\n<p>L\u2019Etat, insinuera-t-il, a une politique \u00e9conomique lib\u00e9rale, mais souhaite \u00ab int\u00e9grer les cha\u00eenes de valeur mondiale \u00bb en assurant des fondements de comp\u00e9titivit\u00e9 aux entreprises locales et en cr\u00e9ant des champions nationaux.\u00a0<\/p>\n<p>Au niveau de la cha\u00eene du palmier \u00e0 huile, il a fait observer que la Malaisie qui \u00e9tait, en 1960, \u00e0 pr\u00e8s de 500.000 tonnes quand la C\u00f4te d\u2019Ivoire \u00e9tait \u00e0 300.000 tonnes, est aujourd\u2019hui \u00e0 20 millions de tonnes alors que la C\u00f4te d\u2019Ivoire est \u00e0 500.000 tonnes.\u00a0<\/p>\n<p>\u00abQuand on regarde tout cela, on se rend compte qu\u2019il y a un v\u00e9ritable r\u00f4le de l\u2019Etat qui va au-del\u00e0 de mettre simplement \u00e0 disposition les infrastructures et des incitations fiscales \u00bb, a soutenu M. Patrick Achi, soulignant qu\u2019 \u00ab il doit jouer un r\u00f4le moteur et \u00eatre le chef d\u2019orchestre \u00bb.\u00a0<\/p>\n<p>Cela, devrait permettre dor\u00e9navant de prendre de bonnes approches Etat\/secteur priv\u00e9, car parfois, des cadres incitatifs ont \u00e9t\u00e9 mis en place, mais des investisseurs surtout \u00e9trangers attendent et ne souhaitent pas prendre de risques, a-t-il relev\u00e9. \u00a0 \u00a0 \u00a0 \u00a0 \u00a0\u00a0<\/p>\n<p>La C\u00f4te d\u2019Ivoire a engag\u00e9 cette d\u00e9cennie une politique de transformation structurelle de son \u00e9conomie qui a conduit au d\u00e9veloppement du secteur secondaire, dont la part dans le PIB est pass\u00e9e de 22% en 2012 \u00e0 26% en 2019 pour atteindre 7 300 milliards de Fcfa.<\/p>\n<p>\u00ab Le r\u00f4le du secteur priv\u00e9 dans le d\u00e9veloppement \u00e9conomique est social dans notre pays est absolument d\u00e9terminant \u00bb, a mentionn\u00e9 M. Achi, indiquant que le secteur priv\u00e9 constitue le principal levier de cr\u00e9ation de richesses et d\u2019emplois.<\/p>\n<p>Le secteur priv\u00e9 en C\u00f4te d\u2019Ivoire repr\u00e9sente deux-tiers du total des investissements du pays, 83% des emplois et plus de 90% des recettes de l\u2019Etat. Ces r\u00e9sultats ont permis au pays de sortir plus de 1,6 millions de personnes de la pauvret\u00e9, de 2011 \u00e0 ce jour.\u00a0<\/p>\n<p>L\u2019Etat de C\u00f4te d\u2019Ivoire a mis en place le premier Programme national de d\u00e9veloppement (PND) sur la p\u00e9riode 2012-2015, d\u2019un montant de 11.000 milliards Fcfa. Le second PND, lui, s\u2019\u00e9tend sur la p\u00e9riode 2016-2020 pour un montant de 30.000 milliards Fcfa et vise \u00e0 relever les d\u00e9fis d\u2019industrialisation de l\u2019\u00e9conomie. \u00a0\u00a0<\/p>\n<p>L\u2019\u00e9lection pr\u00e9sidentielle est pr\u00e9vue le 31 octobre 2020. En 2015, M. Ouattara avait \u00e9t\u00e9 invit\u00e9 pour pr\u00e9senter son projet de soci\u00e9t\u00e9 et son programme \u00e9conomique.<\/p>\n<p>Ce mardi, \u00e9tant en deuil, apr\u00e8s la perte de son oncle Ciss\u00e9 Moussa, collaborateur de longue date et un parent tr\u00e8s proche, il s\u2019est fait remplacer par M. Patrick Achi, son directeur de campagne charg\u00e9 des projets de soci\u00e9t\u00e9. \u00a0\u00a0<\/p>\n<\/div>\n<p>Auteur: APA News<br \/>\n<a href=\"https:\/\/www.journalducameroun.com\/alassane-ouattara-devoile-sa-vision-pour-booster-les-secteurs-porteurs-de-croissance\/\">Cliquez ici pour lire l&rsquo;article depuis sa source.<\/a><\/p>\n","protected":false},"excerpt":{"rendered":"<p>Publi\u00e9 le 20.10.2020 \u00e0 19h18 par APA News Tirant les le\u00e7ons du pass\u00e9, Alassane Ouattara, candidat du Rassemblement des houphou\u00ebtistes pour la d\u00e9mocratie et la paix (Rhdp) \u00e0 la pr\u00e9sidentielle ivoirienne du 31 octobre 2020, envisage de mettre l\u2019Etat \u00ab en situation de moteur \u00bb pour booster des secteurs porteurs de croissance, a dit mardi [&hellip;]<\/p>\n","protected":false},"author":1965,"featured_media":0,"comment_status":"closed","ping_status":"closed","sticky":false,"template":"","format":"standard","meta":{"fifu_image_url":"","fifu_image_alt":"","footnotes":""},"categories":[73,82],"tags":[],"class_list":["post-102338","post","type-post","status-publish","format-standard","hentry","category-actualite","category-cameroun"],"_links":{"self":[{"href":"https:\/\/linitiative.ca\/International\/wp-json\/wp\/v2\/posts\/102338","targetHints":{"allow":["GET"]}}],"collection":[{"href":"https:\/\/linitiative.ca\/International\/wp-json\/wp\/v2\/posts"}],"about":[{"href":"https:\/\/linitiative.ca\/International\/wp-json\/wp\/v2\/types\/post"}],"author":[{"embeddable":true,"href":"https:\/\/linitiative.ca\/International\/wp-json\/wp\/v2\/users\/1965"}],"replies":[{"embeddable":true,"href":"https:\/\/linitiative.ca\/International\/wp-json\/wp\/v2\/comments?post=102338"}],"version-history":[{"count":0,"href":"https:\/\/linitiative.ca\/International\/wp-json\/wp\/v2\/posts\/102338\/revisions"}],"wp:attachment":[{"href":"https:\/\/linitiative.ca\/International\/wp-json\/wp\/v2\/media?parent=102338"}],"wp:term":[{"taxonomy":"category","embeddable":true,"href":"https:\/\/linitiative.ca\/International\/wp-json\/wp\/v2\/categories?post=102338"},{"taxonomy":"post_tag","embeddable":true,"href":"https:\/\/linitiative.ca\/International\/wp-json\/wp\/v2\/tags?post=102338"}],"curies":[{"name":"wp","href":"https:\/\/api.w.org\/{rel}","templated":true}]}}