{"id":102339,"date":"2020-10-20T14:18:05","date_gmt":"2020-10-20T18:18:05","guid":{"rendered":"https:\/\/linitiative.ca\/International\/cote-divoire-prorogation-de-la-periode-de-distribution-des-cartes-delecteur-jusquau-25-octobre\/"},"modified":"2020-10-20T14:18:05","modified_gmt":"2020-10-20T18:18:05","slug":"cote-divoire-prorogation-de-la-periode-de-distribution-des-cartes-delecteur-jusquau-25-octobre","status":"publish","type":"post","link":"https:\/\/linitiative.ca\/International\/cote-divoire-prorogation-de-la-periode-de-distribution-des-cartes-delecteur-jusquau-25-octobre\/","title":{"rendered":"C\u00f4te d\u2019Ivoire: prorogation de la p\u00e9riode de distribution des cartes d\u2019\u00e9lecteur jusqu\u2019au 25 octobre"},"content":{"rendered":"<div readability=\"32\">\n<p>Publi\u00e9 le 20.10.2020 \u00e0 19h18 par APA News<\/p>\n<\/div>\n<div readability=\"59\">\n<p>Initialement pr\u00e9vue pour prendre fin ce mardi, la p\u00e9riode de distribution des cartes d\u2019\u00e9lecteur a \u00e9t\u00e9 prorog\u00e9e jusqu\u2019au dimanche 25 octobre prochain, a annonc\u00e9 dans un communiqu\u00e9, la Commission \u00e9lectorale ind\u00e9pendante (CEI), l\u2019institution charg\u00e9e d\u2019organiser les \u00e9lections en C\u00f4te d\u2019Ivoire.\u00ab La distribution se poursuit sur le territoire national et dans 18 pays \u00e0 l\u2019\u00e9tranger dans tous les lieux de vote \u00bb, a pr\u00e9cis\u00e9 l\u2019organe \u00e9lectoral.<\/p>\n<p>\u00a0Les pi\u00e8ces exig\u00e9es pour le retrait de la carte d\u2019\u00e9lecteur pour les \u00e9lecteurs inscrits en C\u00f4te d\u2019Ivoire sont la carte nationale d\u2019identit\u00e9 ou l\u2019attestation d\u2019identit\u00e9 ou le certificat de nationalit\u00e9 ou le r\u00e9c\u00e9piss\u00e9 d\u2019enr\u00f4lement d\u00e9livr\u00e9 par l\u2019Office nationale de l\u2019\u00e9tat-civil et de l\u2019identification (ONECI).<\/p>\n<p>Quant aux \u00e9lecteurs inscrits \u00e0 l\u2019\u00e9tranger, les pi\u00e8ces exig\u00e9es pour le retrait de la carte d\u2019\u00e9lecteur sont la carte consulaire ou le passeport biom\u00e9trique ou la carte nationale d\u2019identit\u00e9.<\/p>\n<p>Cette op\u00e9ration de distribution et de retrait \u00a0des cartes d\u2019\u00e9lecteurs concerne l\u2019ensemble des 7 495 082 \u00e9lecteurs inscrits sur la liste \u00e9lectorale ivoirienne.<\/p>\n<p>La distribution des cartes d\u2019\u00e9lecteurs, rappelle-t-on, \u00a0a d\u00e9but\u00e9 le 14 octobre dernier et devrait s\u2019achever ce mardi 20 octobre 2020. L\u2019\u00e9lection du pr\u00e9sident de la R\u00e9publique de C\u00f4te d\u2019Ivoire est constitutionnellement pr\u00e9vue le 31 octobre prochain.<\/p>\n<\/div>\n<p>Auteur: APA News<br \/>\n<a href=\"https:\/\/www.journalducameroun.com\/cote-divoire-prorogation-de-la-periode-de-distribution-des-cartes-delecteur-jusquau-25-octobre\/\">Cliquez ici pour lire l&rsquo;article depuis sa source.<\/a><\/p>\n","protected":false},"excerpt":{"rendered":"<p>Publi\u00e9 le 20.10.2020 \u00e0 19h18 par APA News Initialement pr\u00e9vue pour prendre fin ce mardi, la p\u00e9riode de distribution des cartes d\u2019\u00e9lecteur a \u00e9t\u00e9 prorog\u00e9e jusqu\u2019au dimanche 25 octobre prochain, a annonc\u00e9 dans un communiqu\u00e9, la Commission \u00e9lectorale ind\u00e9pendante (CEI), l\u2019institution charg\u00e9e d\u2019organiser les \u00e9lections en C\u00f4te d\u2019Ivoire.\u00ab La distribution se poursuit sur le territoire [&hellip;]<\/p>\n","protected":false},"author":1965,"featured_media":0,"comment_status":"closed","ping_status":"closed","sticky":false,"template":"","format":"standard","meta":{"fifu_image_url":"","fifu_image_alt":"","footnotes":""},"categories":[73,82],"tags":[],"class_list":["post-102339","post","type-post","status-publish","format-standard","hentry","category-actualite","category-cameroun"],"_links":{"self":[{"href":"https:\/\/linitiative.ca\/International\/wp-json\/wp\/v2\/posts\/102339","targetHints":{"allow":["GET"]}}],"collection":[{"href":"https:\/\/linitiative.ca\/International\/wp-json\/wp\/v2\/posts"}],"about":[{"href":"https:\/\/linitiative.ca\/International\/wp-json\/wp\/v2\/types\/post"}],"author":[{"embeddable":true,"href":"https:\/\/linitiative.ca\/International\/wp-json\/wp\/v2\/users\/1965"}],"replies":[{"embeddable":true,"href":"https:\/\/linitiative.ca\/International\/wp-json\/wp\/v2\/comments?post=102339"}],"version-history":[{"count":0,"href":"https:\/\/linitiative.ca\/International\/wp-json\/wp\/v2\/posts\/102339\/revisions"}],"wp:attachment":[{"href":"https:\/\/linitiative.ca\/International\/wp-json\/wp\/v2\/media?parent=102339"}],"wp:term":[{"taxonomy":"category","embeddable":true,"href":"https:\/\/linitiative.ca\/International\/wp-json\/wp\/v2\/categories?post=102339"},{"taxonomy":"post_tag","embeddable":true,"href":"https:\/\/linitiative.ca\/International\/wp-json\/wp\/v2\/tags?post=102339"}],"curies":[{"name":"wp","href":"https:\/\/api.w.org\/{rel}","templated":true}]}}