{"id":102340,"date":"2020-10-20T15:18:03","date_gmt":"2020-10-20T19:18:03","guid":{"rendered":"https:\/\/linitiative.ca\/International\/electricite-le-prix-moyen-du-kwh-en-cote-divoire-estime-a-695-fcfa-ministre\/"},"modified":"2020-10-20T15:18:03","modified_gmt":"2020-10-20T19:18:03","slug":"electricite-le-prix-moyen-du-kwh-en-cote-divoire-estime-a-695-fcfa-ministre","status":"publish","type":"post","link":"https:\/\/linitiative.ca\/International\/electricite-le-prix-moyen-du-kwh-en-cote-divoire-estime-a-695-fcfa-ministre\/","title":{"rendered":"Electricit\u00e9: le prix moyen du Kwh en C\u00f4te d\u2019Ivoire estim\u00e9 \u00e0 69,5 Fcfa (Ministre)"},"content":{"rendered":"<div readability=\"32\">\n<p>Publi\u00e9 le 20.10.2020 \u00e0 20h18 par APA News<\/p>\n<\/div>\n<div readability=\"121\">\n<p>Le prix moyen du Kwh d\u2019\u00e9lectricit\u00e9 en C\u00f4te d\u2019Ivoire est de 69,5 Fcfa, a indiqu\u00e9 mardi le ministre ivoirien du P\u00e9trole, de l\u2019\u00e9nergie et des \u00e9nergies renouvelables, Abdourahmane Ciss\u00e9, face au Patronat, dans le cadre de la campagne pour la pr\u00e9sidentielle du 31 octobre 2020.\u00ab\u00a0Le prix moyen du Kwh en C\u00f4te d\u2019Ivoire est de 69,5 Fcfa et lorsqu\u2019on le compare \u00e0 certains pays de la sous-r\u00e9gion\u00a0; au Maroc, on est \u00e0 72 Fcfa le Kwh, au Ghana 76 Fcfa le Kwh, au S\u00e9n\u00e9gal, au B\u00e9nin et au Togo, on est au-del\u00e0 de 100 Fcfa le Kwh\u00a0\u00bb, a dit M. Abdourahmane Ciss\u00e9.<\/p>\n<p>S\u00fbrement, admettra-t-il, \u00ab il y a des efforts \u00e0 faire \u00bb. Toutefois, la vision de M. Alassane Ouattara, candidat du Rassemblement des houphou\u00ebtistes pour la d\u00e9mocratie et la paix (Rhdp, pouvoir) dans le secteur de l\u2019\u00e9nergie, est l\u2019am\u00e9lioration de la qualit\u00e9 de l\u2019\u00e9nergie fournie. \u00a0<\/p>\n<p>\u00ab En 2010, nous avions un temps moyen de coupure d\u2019\u00e9lectricit\u00e9 qui \u00e9tait d\u2019environ 56 heures par an et nous sommes pass\u00e9s \u00e0 moins de 18 heures aujourd\u2019hui \u00bb, a-t-il soulign\u00e9, ajoutant que \u00ab l\u2019objectif de l\u2019Etat, c\u2019est de passer en 2025 \u00e0 moins de 10h en moyenne \u00bb par an. \u00a0\u00a0<\/p>\n<p>Aujourd\u2019hui, le minist\u00e8re travaille sur \u00ab l\u2019\u00e9quilibre financier du secteur de l\u2019\u00e9nergie \u00bb, car \u00ab c\u2019est quand c\u2019est mis en mal qu\u2019on pense faire des augmentations \u00bb, a-t-il fait savoir, relevant que \u00ab le secteur est exc\u00e9dentaire, il est positif \u00bb.\u00a0<\/p>\n<p>Le secteur de l\u2019\u00e9nergie en C\u00f4te d\u2019Ivoire enregistre des rendements qui sont pass\u00e9s de \u00ab\u00a071% en 2010 \u00e0 plus de 80% aujourd\u2019hui\u00a0\u00bb, ce qui montre qu\u2019il y a moins de pertes, a fait remarquer le ministre du P\u00e9trole, de l\u2019\u00e9nergie et des \u00e9nergies renouvelables.<\/p>\n<p>\u00ab\u00a0Si le secteur garde un \u00e9quilibre financier, on n\u2019a pas besoin de faire des augmentations\u00a0\u00bb, a-t-il insist\u00e9, rappelant que fin 2018, M. Ouattara a lanc\u00e9 le programme social du gouvernement qui a permis de baisser de 20% le prix du Kwh pour les m\u00e9nages abonn\u00e9s au tarif social de 5 amp\u00e8res.<\/p>\n<p>\u00ab\u00a0Nous sommes dans une logique de travailler \u00e0 faire b\u00e9n\u00e9ficier aux populations et \u00e9ventuellement un jour aux entreprises\u00a0\u00bb, a-t-il assur\u00e9, soutenant que \u00ab\u00a0des efforts positifs sont faits en mati\u00e8re d\u2019am\u00e9lioration de l\u2019\u00e9quilibre financier\u00a0\u00bb.<\/p>\n<p>Concernant la facture d\u2019\u00e9lectricit\u00e9, jug\u00e9e souvent sal\u00e9e par le secteur priv\u00e9, il a r\u00e9pondu que ce n\u2019est pas uniquement d\u00fb au prix du Kwh, mais c\u2019est le prix du Kwh multipli\u00e9 par la consommation, tout en exhortant les op\u00e9rateurs \u00e0 utiliser rationnellement l\u2019\u00e9nergie \u00e9lectrique. \u00a0\u00a0<\/p>\n<p>\u00ab\u00a0Nous travaillons \u00e0 l\u2019optimisation de la quantit\u00e9 d\u2019\u00e9nergie consomm\u00e9e par les m\u00e9nages et par les industriels\u00a0\u00bb, a laiss\u00e9 entendre M. Ciss\u00e9, qui a annonc\u00e9 que le minist\u00e8re vient de lancer une campagne sur la ma\u00eetrise de l\u2019\u00e9nergie, qui est en cours.<\/p>\n<p>Le ministre ivoirien du P\u00e9trole, de l\u2019\u00e9nergie et des \u00e9nergies renouvelables, Abdourahmane Ciss\u00e9, a \u00e9voqu\u00e9 des audits \u00e9nerg\u00e9tiques pour r\u00e9duire la quantit\u00e9 d\u2019\u00e9nergie utilis\u00e9e avec les m\u00eames besoins, un processus actuellement expliqu\u00e9 au secteur priv\u00e9. \u00a0<\/p>\n<\/div>\n<p>Auteur: APA News<br \/>\n<a href=\"https:\/\/www.journalducameroun.com\/electricite-le-prix-moyen-du-kwh-en-cote-divoire-estime-a-695-fcfa-ministre\/\">Cliquez ici pour lire l&rsquo;article depuis sa source.<\/a><\/p>\n","protected":false},"excerpt":{"rendered":"<p>Publi\u00e9 le 20.10.2020 \u00e0 20h18 par APA News Le prix moyen du Kwh d\u2019\u00e9lectricit\u00e9 en C\u00f4te d\u2019Ivoire est de 69,5 Fcfa, a indiqu\u00e9 mardi le ministre ivoirien du P\u00e9trole, de l\u2019\u00e9nergie et des \u00e9nergies renouvelables, Abdourahmane Ciss\u00e9, face au Patronat, dans le cadre de la campagne pour la pr\u00e9sidentielle du 31 octobre 2020.\u00ab\u00a0Le prix moyen [&hellip;]<\/p>\n","protected":false},"author":1965,"featured_media":0,"comment_status":"closed","ping_status":"closed","sticky":false,"template":"","format":"standard","meta":{"fifu_image_url":"","fifu_image_alt":"","footnotes":""},"categories":[73,82],"tags":[],"class_list":["post-102340","post","type-post","status-publish","format-standard","hentry","category-actualite","category-cameroun"],"_links":{"self":[{"href":"https:\/\/linitiative.ca\/International\/wp-json\/wp\/v2\/posts\/102340","targetHints":{"allow":["GET"]}}],"collection":[{"href":"https:\/\/linitiative.ca\/International\/wp-json\/wp\/v2\/posts"}],"about":[{"href":"https:\/\/linitiative.ca\/International\/wp-json\/wp\/v2\/types\/post"}],"author":[{"embeddable":true,"href":"https:\/\/linitiative.ca\/International\/wp-json\/wp\/v2\/users\/1965"}],"replies":[{"embeddable":true,"href":"https:\/\/linitiative.ca\/International\/wp-json\/wp\/v2\/comments?post=102340"}],"version-history":[{"count":0,"href":"https:\/\/linitiative.ca\/International\/wp-json\/wp\/v2\/posts\/102340\/revisions"}],"wp:attachment":[{"href":"https:\/\/linitiative.ca\/International\/wp-json\/wp\/v2\/media?parent=102340"}],"wp:term":[{"taxonomy":"category","embeddable":true,"href":"https:\/\/linitiative.ca\/International\/wp-json\/wp\/v2\/categories?post=102340"},{"taxonomy":"post_tag","embeddable":true,"href":"https:\/\/linitiative.ca\/International\/wp-json\/wp\/v2\/tags?post=102340"}],"curies":[{"name":"wp","href":"https:\/\/api.w.org\/{rel}","templated":true}]}}