{"id":102358,"date":"2020-10-21T09:55:14","date_gmt":"2020-10-21T13:55:14","guid":{"rendered":"https:\/\/linitiative.ca\/International\/%ef%bb%bfsahara-marocain-la-jordanie-reitere-son-soutien-a-linitiative-dautonomie\/"},"modified":"2020-10-21T09:55:14","modified_gmt":"2020-10-21T13:55:14","slug":"%ef%bb%bfsahara-marocain-la-jordanie-reitere-son-soutien-a-linitiative-dautonomie","status":"publish","type":"post","link":"https:\/\/linitiative.ca\/International\/%ef%bb%bfsahara-marocain-la-jordanie-reitere-son-soutien-a-linitiative-dautonomie\/","title":{"rendered":"\ufeffSahara marocain: la Jordanie r\u00e9it\u00e8re son soutien \u00e0 l\u2019initiative d\u2019autonomie"},"content":{"rendered":"<p class=\"has-text-color has-vivid-red-color c2\"><strong>Dans le cadre de l\u2019int\u00e9grit\u00e9 territoriale du Maroc<\/strong><\/p>\n<p class=\"has-text-color c3\"><strong>La Jordanie a r\u00e9it\u00e9r\u00e9, mardi devant la 4\u00e8me Commission de l\u2019Assembl\u00e9e g\u00e9n\u00e9rale des Nations-Unies, son soutien \u00e0 l\u2019initiative marocaine d\u2019autonomie, qui est \u00aben harmonie avec les r\u00e9solutions pertinentes du Conseil de s\u00e9curit\u00e9 et de l\u2019Assembl\u00e9e g\u00e9n\u00e9rale\u00bb, tout en saluant les efforts du Royaume visant le d\u00e9veloppement de ses provinces du Sud et l\u2019am\u00e9lioration des conditions de vie de leur population.<\/strong><\/p>\n<p>\u00abMon pays salue l\u2019engagement positif du Royaume du Maroc fr\u00e8re visant \u00e0 aboutir \u00e0 une solution politique consensuelle et d\u00e9finitive \u00e0 la question du Sahara \u00e0 travers la pr\u00e9sentation de l\u2019initiative d\u2019autonomie, qui est en harmonie avec les r\u00e9solutions pertinentes du Conseil de s\u00e9curit\u00e9 et de l\u2019Assembl\u00e9e g\u00e9n\u00e9rale\u00bb, a d\u00e9clar\u00e9 le repr\u00e9sentant de la Jordanie devant la Commission.<\/p>\n<p>A cet \u00e9gard, il a r\u00e9affirm\u00e9 le soutien de la Jordanie \u00e0 l\u2019initiative marocaine d\u2019autonomie \u00aben tant que m\u00e9canisme s\u00e9rieux et r\u00e9aliste qui prend en compte les sp\u00e9cificit\u00e9s de la r\u00e9gion, la souverainet\u00e9 du Royaume du Maroc sur son territoire et son int\u00e9grit\u00e9 territoriale totale, conform\u00e9ment \u00e0 la Charte des Nations-Unies\u00bb.<\/p>\n<p>Le diplomate jordanien a \u00e9galement lou\u00e9 les efforts du Maroc visant le d\u00e9veloppement de ses provinces du Sud, et l\u2019am\u00e9lioration des conditions de vie de leur population tout en leur permettant de b\u00e9n\u00e9ficier des ressources de la r\u00e9gion, outre les efforts du Royaume en mati\u00e8re de lutte contre la pand\u00e9mie de Covid-19 dans la r\u00e9gion.<\/p>\n<p>Il a aussi salu\u00e9 les efforts du Secr\u00e9taire g\u00e9n\u00e9ral de l\u2019ONU visant \u00e0 favoriser des progr\u00e8s dans le processus politique pour aboutir \u00e0 une solution r\u00e9aliste et durable \u00e0 ce diff\u00e9rend r\u00e9gional, tout en se f\u00e9licitant de l\u2019\u00e9lan cr\u00e9\u00e9 par les deux tables rondes tenues en d\u00e9cembre 2018 et mars 2019, \u00abavec la participation positive de l\u2019ensemble des parties concern\u00e9es\u00bb, \u00e0 savoir, le Maroc, l\u2019Alg\u00e9rie, la Mauritanie et le polisario.<\/p>\n<p>Auteur: M&rsquo;hammed rahal<br \/>\n<a href=\"http:\/\/albayane.press.ma\/%EF%BB%BFsahara-marocain-la-jordanie-reitere-son-soutien-a-linitiative-dautonomie.html\">Cliquez ici pour lire l&rsquo;article depuis sa source.<\/a><\/p>\n","protected":false},"excerpt":{"rendered":"<p>Dans le cadre de l\u2019int\u00e9grit\u00e9 territoriale du Maroc La Jordanie a r\u00e9it\u00e9r\u00e9, mardi devant la 4\u00e8me Commission de l\u2019Assembl\u00e9e g\u00e9n\u00e9rale des Nations-Unies, son soutien \u00e0 l\u2019initiative marocaine d\u2019autonomie, qui est \u00aben harmonie avec les r\u00e9solutions pertinentes du Conseil de s\u00e9curit\u00e9 et de l\u2019Assembl\u00e9e g\u00e9n\u00e9rale\u00bb, tout en saluant les efforts du Royaume visant le d\u00e9veloppement de [&hellip;]<\/p>\n","protected":false},"author":1760,"featured_media":0,"comment_status":"closed","ping_status":"closed","sticky":false,"template":"","format":"standard","meta":{"fifu_image_url":"","fifu_image_alt":"","footnotes":""},"categories":[73,54],"tags":[],"class_list":["post-102358","post","type-post","status-publish","format-standard","hentry","category-actualite","category-maroc"],"_links":{"self":[{"href":"https:\/\/linitiative.ca\/International\/wp-json\/wp\/v2\/posts\/102358","targetHints":{"allow":["GET"]}}],"collection":[{"href":"https:\/\/linitiative.ca\/International\/wp-json\/wp\/v2\/posts"}],"about":[{"href":"https:\/\/linitiative.ca\/International\/wp-json\/wp\/v2\/types\/post"}],"author":[{"embeddable":true,"href":"https:\/\/linitiative.ca\/International\/wp-json\/wp\/v2\/users\/1760"}],"replies":[{"embeddable":true,"href":"https:\/\/linitiative.ca\/International\/wp-json\/wp\/v2\/comments?post=102358"}],"version-history":[{"count":0,"href":"https:\/\/linitiative.ca\/International\/wp-json\/wp\/v2\/posts\/102358\/revisions"}],"wp:attachment":[{"href":"https:\/\/linitiative.ca\/International\/wp-json\/wp\/v2\/media?parent=102358"}],"wp:term":[{"taxonomy":"category","embeddable":true,"href":"https:\/\/linitiative.ca\/International\/wp-json\/wp\/v2\/categories?post=102358"},{"taxonomy":"post_tag","embeddable":true,"href":"https:\/\/linitiative.ca\/International\/wp-json\/wp\/v2\/tags?post=102358"}],"curies":[{"name":"wp","href":"https:\/\/api.w.org\/{rel}","templated":true}]}}