{"id":102359,"date":"2020-10-21T09:58:33","date_gmt":"2020-10-21T13:58:33","guid":{"rendered":"https:\/\/linitiative.ca\/International\/%ef%bb%bfle-burkina-faso-reaffirme-son-soutien-a-lintegrite-territoriale-du-maroc\/"},"modified":"2020-10-21T09:58:33","modified_gmt":"2020-10-21T13:58:33","slug":"%ef%bb%bfle-burkina-faso-reaffirme-son-soutien-a-lintegrite-territoriale-du-maroc","status":"publish","type":"post","link":"https:\/\/linitiative.ca\/International\/%ef%bb%bfle-burkina-faso-reaffirme-son-soutien-a-lintegrite-territoriale-du-maroc\/","title":{"rendered":"\ufeffLe Burkina Faso r\u00e9affirme son soutien \u00e0 l\u2019int\u00e9grit\u00e9 territoriale du Maroc"},"content":{"rendered":"<p class=\"has-text-color has-vivid-red-color c2\"><strong>Devant la Quatri\u00e8me Commission de l\u2019Assembl\u00e9e g\u00e9n\u00e9rale des Nations-Unies<\/strong><\/p>\n<p class=\"has-text-color c3\"><strong>Le Burkina Faso a r\u00e9affirm\u00e9, mardi devant la Quatri\u00e8me Commission de l\u2019Assembl\u00e9e g\u00e9n\u00e9rale des Nations-Unies, son soutien \u00e0 l\u2019initiative marocaine d\u2019autonomie au Sahara, qui constitue une solution cr\u00e9dible et r\u00e9aliste pour la r\u00e9solution de ce diff\u00e9rend r\u00e9gional.<\/strong><\/p>\n<p>\u00abLe Burkina Faso r\u00e9affirme son soutien \u00e0 l\u2019initiative marocaine d\u2019autonomie, pour laquelle le Conseil de S\u00e9curit\u00e9 s\u2019est f\u00e9licit\u00e9 des efforts s\u00e9rieux et cr\u00e9dibles du Maroc pour r\u00e9soudre le diff\u00e9rend\u00bb, estimant qu\u2019elle constitue une solution cr\u00e9dible et r\u00e9aliste dans le d\u00e9nouement de ce diff\u00e9rend r\u00e9gional, a d\u00e9clar\u00e9 devant la Commission l\u2019ambassadeur Repr\u00e9sentant permanent du Burkina Faso \u00e0 l\u2019ONU, Eric Tiare.<\/p>\n<p>\u00abSur le plan socio-\u00e9conomique, le Burkina Faso salue les investissements en faveur des populations du Sahara et se f\u00e9licite des efforts et r\u00e9alisations dans le cadre de la lutte contre la pand\u00e9mie de la Covid-19\u00bb, a soulign\u00e9 l\u2019ambassadeur.<\/p>\n<p>M. Tiare a \u00e9galement exprim\u00e9 le soutien du Burkina Faso au processus politique en cours \u00abmen\u00e9 sous l\u2019\u00e9gide exclusive du Secr\u00e9taire g\u00e9n\u00e9ral des Nations-Unies et qui vise \u00e0 parvenir \u00e0 une solution politique, mutuellement acceptable et n\u00e9goci\u00e9e au diff\u00e9rend r\u00e9gional, fond\u00e9e sur le r\u00e9alisme et un esprit de compromis\u00bb.<\/p>\n<p>Le Burkina Faso, a dit l\u2019ambassadeur, se f\u00e9licite des \u00abavanc\u00e9es notables enregistr\u00e9es lors des deux tables rondes tenues \u00e0 Gen\u00e8ve et r\u00e9unissant l\u2019Alg\u00e9rie, le Maroc, la Mauritanie et le polisario, et demande au prochain Envoy\u00e9 Personnel du Secr\u00e9taire g\u00e9n\u00e9ral des Nations-Unies et successeur de M. K\u00f6hler, de reprendre les n\u00e9gociations l\u00e0 o\u00f9 elles se sont arr\u00eat\u00e9es \u00e0 l\u2019occasion des discussions \u00e0 venir lors de la troisi\u00e8me table ronde, que nous appelons de tous nos v\u0153ux\u00bb.<\/p>\n<p>\u00abLe Burkina Faso salue la demande du Conseil de S\u00e9curit\u00e9 aux quatre acteurs afin qu\u2019ils restent engag\u00e9s, tout au long de la dur\u00e9e du processus afin qu\u2019il aboutisse\u00bb, a-t-il conclu.<\/p>\n<p>Auteur: M&rsquo;hammed rahal<br \/>\n<a href=\"http:\/\/albayane.press.ma\/%EF%BB%BFle-burkina-faso-reaffirme-son-soutien-a-lintegrite-territoriale-du-maroc.html\">Cliquez ici pour lire l&rsquo;article depuis sa source.<\/a><\/p>\n","protected":false},"excerpt":{"rendered":"<p>Devant la Quatri\u00e8me Commission de l\u2019Assembl\u00e9e g\u00e9n\u00e9rale des Nations-Unies Le Burkina Faso a r\u00e9affirm\u00e9, mardi devant la Quatri\u00e8me Commission de l\u2019Assembl\u00e9e g\u00e9n\u00e9rale des Nations-Unies, son soutien \u00e0 l\u2019initiative marocaine d\u2019autonomie au Sahara, qui constitue une solution cr\u00e9dible et r\u00e9aliste pour la r\u00e9solution de ce diff\u00e9rend r\u00e9gional. \u00abLe Burkina Faso r\u00e9affirme son soutien \u00e0 l\u2019initiative marocaine [&hellip;]<\/p>\n","protected":false},"author":1760,"featured_media":0,"comment_status":"closed","ping_status":"closed","sticky":false,"template":"","format":"standard","meta":{"fifu_image_url":"","fifu_image_alt":"","footnotes":""},"categories":[73,54],"tags":[],"class_list":["post-102359","post","type-post","status-publish","format-standard","hentry","category-actualite","category-maroc"],"_links":{"self":[{"href":"https:\/\/linitiative.ca\/International\/wp-json\/wp\/v2\/posts\/102359","targetHints":{"allow":["GET"]}}],"collection":[{"href":"https:\/\/linitiative.ca\/International\/wp-json\/wp\/v2\/posts"}],"about":[{"href":"https:\/\/linitiative.ca\/International\/wp-json\/wp\/v2\/types\/post"}],"author":[{"embeddable":true,"href":"https:\/\/linitiative.ca\/International\/wp-json\/wp\/v2\/users\/1760"}],"replies":[{"embeddable":true,"href":"https:\/\/linitiative.ca\/International\/wp-json\/wp\/v2\/comments?post=102359"}],"version-history":[{"count":0,"href":"https:\/\/linitiative.ca\/International\/wp-json\/wp\/v2\/posts\/102359\/revisions"}],"wp:attachment":[{"href":"https:\/\/linitiative.ca\/International\/wp-json\/wp\/v2\/media?parent=102359"}],"wp:term":[{"taxonomy":"category","embeddable":true,"href":"https:\/\/linitiative.ca\/International\/wp-json\/wp\/v2\/categories?post=102359"},{"taxonomy":"post_tag","embeddable":true,"href":"https:\/\/linitiative.ca\/International\/wp-json\/wp\/v2\/tags?post=102359"}],"curies":[{"name":"wp","href":"https:\/\/api.w.org\/{rel}","templated":true}]}}