{"id":102360,"date":"2020-10-21T10:04:32","date_gmt":"2020-10-21T14:04:32","guid":{"rendered":"https:\/\/linitiative.ca\/International\/colombie-les-indigenes-se-mobilisent-contre-le-president-ivan-duque\/"},"modified":"2020-10-21T10:04:32","modified_gmt":"2020-10-21T14:04:32","slug":"colombie-les-indigenes-se-mobilisent-contre-le-president-ivan-duque","status":"publish","type":"post","link":"https:\/\/linitiative.ca\/International\/colombie-les-indigenes-se-mobilisent-contre-le-president-ivan-duque\/","title":{"rendered":"Colombie: Les indig\u00e8nes se mobilisent contre le Pr\u00e9sident Ivan Duque"},"content":{"rendered":"<p class=\"c2\"><strong>Nabil El Bousaadi<\/strong><\/p>\n<p class=\"has-text-color c3\"><em>Ce lundi, deux jours avant la journ\u00e9e de \u00abmobilisation sociale\u00bb et de \u00abgr\u00e8ve nationale\u00bb \u00e0 laquelle ont appel\u00e9 un grand nombre de syndicats de travailleurs et d\u2019\u00e9tudiants, ce sont quelques 7.000 indig\u00e8nes, issues de plusieurs ethnies du Cauca au sud-ouest du pays constituant 4,4% des 50.000 habitants de Colombie, qui, apr\u00e8s neuf jours de voyage \u00e0 pied et \u00e0 bord de ces autocars bariol\u00e9s qu\u2019ils appellent \u00abchivas\u00bb se sont d\u00e9plac\u00e9s jusqu\u2019\u00e0 Bogota, la capitale, sans rencontrer aucune r\u00e9sistance. Objectif: rencontrer le pr\u00e9sident et d\u00e9noncer la violence qu\u2019ils subissent sur leurs propres terres de la part des groupes arm\u00e9s de narco-trafiquants; une vague de violence qui aurait fait quelques 313 victimes depuis qu\u2019Ivan Duque a pris le pouvoir en Ao\u00fbt 2018.<\/em><\/p>\n<p>Les indig\u00e8nes reprochent, notamment, \u00e0 l\u2019Etat colombien de ne pas avoir pris le contr\u00f4le des anciens fiefs des Forces Arm\u00e9es R\u00e9volutionnaires de Colombie (FARC) \u2013 la plus puissante gu\u00e9rilla du continent \u2013 apr\u00e8s la signature de l\u2019accord de paix de 2016 ; ce qui aurait facilit\u00e9 le renforcement d\u2019autres groupes arm\u00e9es se disputant le contr\u00f4le du trafic de stup\u00e9fiants.<\/p>\n<p>Ayant pass\u00e9 la nuit de dimanche \u00e0 lundi dans un grand complexe sportif \u00e0 l\u2019invitation de Claudia Lopez, la maire de centre-gauche, les indig\u00e8nes veulent \u00abfaire entendre leur voix\u00bb et d\u00e9noncer la politique men\u00e9e par ce pr\u00e9sident de droite qui avait d\u00e9j\u00e0 refus\u00e9 de les rencontrer \u00e0 Cali, ville proche du Cauca se trouvant \u00e0 pr\u00e8s de 460 kilom\u00e8tres de la capitale.<\/p>\n<p>Aussi, apr\u00e8s avoir travers\u00e9 la ville au son de tambours et de fl\u00fbtes, les visages masqu\u00e9s pour se pr\u00e9munir de la pand\u00e9mie du coronavirus et en \u00e9tant bien encadr\u00e9s par des \u00e9l\u00e9ments de la Garde indig\u00e8ne traditionnelle munis de cannes orn\u00e9es de ruban, les manifestants se sont regroup\u00e9s sur la place Bolivar, non loin du palais pr\u00e9sidentiel avec l\u2019espoir d\u2019y rencontrer le pr\u00e9sident.<\/p>\n<p>\u00abNous voulons la paix, l\u2019\u00e9galit\u00e9, le respect et que l\u2019on cesse de nous assassiner (\u2026) Le gouvernement doit nous \u00e9couter et nous recevoir. Nous m\u00e9ritons le respect comme tout le monde\u00bb a d\u00e9clar\u00e9 Carmen Pito, une manifestante de 53 ans, sous les cris d\u2019encouragement de la foule.<\/p>\n<p>En prenant la parole au nom des militants des communaut\u00e9s noires qui ont rejoint cette \u00abminga\u00bb (\u00abaction collective \u00bb en langue quechua) Javier Pena, 46 ans, s\u2019est \u00e9cri\u00e9 : \u00abIls sont en train de nous tuer, de d\u00e9cimer la jeunesse. Nous, les indig\u00e8nes et les afros sommes la population la plus menac\u00e9e\u00bb.<\/p>\n<p>Or, en consid\u00e9rant que de tels attroupements constituent un r\u00e9el danger \u00e0 l\u2019heure du coronavirus alors que le pays approche du million de contaminations au Covid-19 et que 28.000 colombiens en sont morts ces sept derniers mois, Ivan Duque n\u2019a pas jug\u00e9 opportun de sortir pour rencontrer les manifestants et, surtout, pour les \u00e9couter et r\u00e9pondre \u00e0 leurs dol\u00e9ances.<\/p>\n<p>Le pr\u00e9sident colombien, pour lequel \u00abrien ne justifie\u00bb le fait de mettre en danger la sant\u00e9 et la vie des citoyens a rejet\u00e9 tout dialogue direct au motif qu\u2019il s\u2019agit d\u2019un d\u00e9bat politique qui devrait \u00eatre trait\u00e9 au Parlement en d\u00e9clarant : \u00abSi nous devons discuter, faisons-le dans le cadre de la d\u00e9mocratie, sans ultimatums\u00bb.<\/p>\n<p>Ce n\u2019est point l\u00e0 l\u2019avis de Hermes Pete du Conseil r\u00e9gional indig\u00e8ne du Cauca (CRIC), pour lequel par un tel comportement le pr\u00e9sident s\u2019est, tout simplement, \u00abl\u00e2chement retranch\u00e9\u00bb. Aussi, face \u00e0 cette rebuffade du pr\u00e9sident et \u00e0 la n\u00e9cessit\u00e9 de d\u00e9noncer la responsabilit\u00e9 de son gouvernement dans l\u2019atteinte \u00e0 leurs droits fondamentaux, les indig\u00e8nes n\u2019eurent pas d\u2019autre choix que celui d\u2019intenter un proc\u00e8s symbolique \u00e0 l\u2019encontre d\u2019Ivan Duque.<\/p>\n<p>Mais quoiqu\u2019il en soit et au-del\u00e0 de sa port\u00e9e purement symbolique, rien n\u2019interdit de penser que ce proc\u00e8s pourrait aussi ouvrir la voie \u00e0 un d\u00e9bat dans l\u2019enceinte du Parlement, alors attendons pour voir\u2026<\/p>\n<p>Auteur: M&rsquo;hammed rahal<br \/>\n<a href=\"http:\/\/albayane.press.ma\/colombie-les-indigenes-se-mobilisent-contre-le-president-ivan-duque.html\">Cliquez ici pour lire l&rsquo;article depuis sa source.<\/a><\/p>\n","protected":false},"excerpt":{"rendered":"<p>Nabil El Bousaadi Ce lundi, deux jours avant la journ\u00e9e de \u00abmobilisation sociale\u00bb et de \u00abgr\u00e8ve nationale\u00bb \u00e0 laquelle ont appel\u00e9 un grand nombre de syndicats de travailleurs et d\u2019\u00e9tudiants, ce sont quelques 7.000 indig\u00e8nes, issues de plusieurs ethnies du Cauca au sud-ouest du pays constituant 4,4% des 50.000 habitants de Colombie, qui, apr\u00e8s neuf [&hellip;]<\/p>\n","protected":false},"author":1760,"featured_media":0,"comment_status":"closed","ping_status":"closed","sticky":false,"template":"","format":"standard","meta":{"fifu_image_url":"","fifu_image_alt":"","footnotes":""},"categories":[73,54],"tags":[],"class_list":["post-102360","post","type-post","status-publish","format-standard","hentry","category-actualite","category-maroc"],"_links":{"self":[{"href":"https:\/\/linitiative.ca\/International\/wp-json\/wp\/v2\/posts\/102360","targetHints":{"allow":["GET"]}}],"collection":[{"href":"https:\/\/linitiative.ca\/International\/wp-json\/wp\/v2\/posts"}],"about":[{"href":"https:\/\/linitiative.ca\/International\/wp-json\/wp\/v2\/types\/post"}],"author":[{"embeddable":true,"href":"https:\/\/linitiative.ca\/International\/wp-json\/wp\/v2\/users\/1760"}],"replies":[{"embeddable":true,"href":"https:\/\/linitiative.ca\/International\/wp-json\/wp\/v2\/comments?post=102360"}],"version-history":[{"count":0,"href":"https:\/\/linitiative.ca\/International\/wp-json\/wp\/v2\/posts\/102360\/revisions"}],"wp:attachment":[{"href":"https:\/\/linitiative.ca\/International\/wp-json\/wp\/v2\/media?parent=102360"}],"wp:term":[{"taxonomy":"category","embeddable":true,"href":"https:\/\/linitiative.ca\/International\/wp-json\/wp\/v2\/categories?post=102360"},{"taxonomy":"post_tag","embeddable":true,"href":"https:\/\/linitiative.ca\/International\/wp-json\/wp\/v2\/tags?post=102360"}],"curies":[{"name":"wp","href":"https:\/\/api.w.org\/{rel}","templated":true}]}}