{"id":102361,"date":"2020-10-21T10:17:00","date_gmt":"2020-10-21T14:17:00","guid":{"rendered":"https:\/\/linitiative.ca\/International\/%ef%bb%bflunesco-revele-la-face-cachee-du-trafic-de-biens-culturels\/"},"modified":"2020-10-21T10:17:00","modified_gmt":"2020-10-21T14:17:00","slug":"%ef%bb%bflunesco-revele-la-face-cachee-du-trafic-de-biens-culturels","status":"publish","type":"post","link":"https:\/\/linitiative.ca\/International\/%ef%bb%bflunesco-revele-la-face-cachee-du-trafic-de-biens-culturels\/","title":{"rendered":"\ufeffL\u2019UNESCO r\u00e9v\u00e8le la face cach\u00e9e du trafic de biens culturels"},"content":{"rendered":"<p class=\"has-text-color has-vivid-red-color c2\"><strong>Le vrai prix de l\u2019art<\/strong><\/p>\n<p class=\"has-text-color c3\"><strong>A l\u2019occasion du 50\u00e8me anniversaire de la Convention de l\u2019Unesco sur les mesures \u00e0 prendre pour interdire et emp\u00eacher l\u2019importation, l\u2019exportation et le transport illicites de la propri\u00e9t\u00e9 de biens culturels, l\u2019organisation onusienne lance, mardi, une campagne internationale de communication afin de sensibiliser le grand public amateur d\u2019art aux cons\u00e9quences d\u00e9sastreuses de ce trafic.<\/strong><\/p>\n<p>Selon l\u2019Unesco, le commerce illicite de biens culturels repr\u00e9sente pr\u00e8s de 10 milliards de dollars chaque ann\u00e9e. Ce trafic, aliment\u00e9 par le pillage parfois tr\u00e8s organis\u00e9 de zones arch\u00e9ologiques, constitue une source de financement majeure d\u2019organisations criminelles et terroristes et d\u00e9poss\u00e8de les peuples de leur histoire et de leur identit\u00e9.<\/p>\n<div class=\"wp-block-image\"><img loading=\"lazy\" decoding=\"async\" src=\"http:\/\/albayane.press.ma\/wp-content\/uploads\/4-16.png\" alt=\"\" class=\"wp-image-97669\" width=\"575\" height=\"341\"\/><\/div>\n<p>La campagne, intitul\u00e9e Le vrai prix de l\u2019art et imagin\u00e9e avec l\u2019agence de communication DDB Paris, emprunte ses codes \u00e0 l\u2019univers de l\u2019art et du design pour mieux r\u00e9v\u00e9ler la v\u00e9rit\u00e9 sombre cach\u00e9e derri\u00e8re certaines \u0153uvres, explique un communiqu\u00e9 de l\u2019Unesco.<\/p>\n<p>\u00abChaque visuel pr\u00e9sente un objet in situ, int\u00e9gr\u00e9 \u00e0 la d\u00e9coration int\u00e9rieure d\u2019un acheteur. Une accroche vient r\u00e9v\u00e9ler de fa\u00e7on cruelle l\u2019envers du d\u00e9cor : financement du terrorisme, fouilles ill\u00e9gales, vols dans un mus\u00e9e d\u00e9truit par la guerre, liquidation de la m\u00e9moire d\u2019un peuple\u2026 Chaque annonce raconte l\u2019histoire vraie d\u2019une antiquit\u00e9 vol\u00e9e dans une r\u00e9gion du monde (Moyen-Orient, Afrique, Europe, Asie et Am\u00e9rique Latine)\u00bb, d\u00e9taille l\u2019organisation onusienne.<\/p>\n<p>Diffus\u00e9e \u00e0 partir de mardi, la campagne est lanc\u00e9e en amont de plusieurs \u00e9v\u00e9nements importants, organis\u00e9s \u00e0 l\u2019occasion de cet anniversaire, notamment la r\u00e9union du Comit\u00e9 de la Convention pr\u00e9vue les 27 et 28 octobre, la premi\u00e8re Journ\u00e9e internationale de lutte contre le trafic illicite de biens culturels (14 novembre), et une conf\u00e9rence internationale \u00e0 Berlin (16-18 novembre), qui a pour objectif d\u2019analyser les priorit\u00e9s par r\u00e9gion, d\u2019\u00e9tudier les enjeux et de partager des solutions.<\/p>\n<p>\u00abLe trafic illicite constitue un vol caract\u00e9ris\u00e9 de la m\u00e9moire des peuples. Eveiller les consciences et appeler \u00e0 la plus extr\u00eame vigilance est n\u00e9cessaire pour lutter contre cette r\u00e9alit\u00e9 largement sous-estim\u00e9e\u00bb, a d\u00e9clar\u00e9, \u00e0 cette occasion, Audrey Azoulay, Directrice g\u00e9n\u00e9rale de l\u2019Unesco.<\/p>\n<p>Auteur: M&rsquo;hammed rahal<br \/>\n<a href=\"http:\/\/albayane.press.ma\/%EF%BB%BFlunesco-revele-la-face-cachee-du-trafic-de-biens-culturels.html\">Cliquez ici pour lire l&rsquo;article depuis sa source.<\/a><\/p>\n","protected":false},"excerpt":{"rendered":"<p>Le vrai prix de l\u2019art A l\u2019occasion du 50\u00e8me anniversaire de la Convention de l\u2019Unesco sur les mesures \u00e0 prendre pour interdire et emp\u00eacher l\u2019importation, l\u2019exportation et le transport illicites de la propri\u00e9t\u00e9 de biens culturels, l\u2019organisation onusienne lance, mardi, une campagne internationale de communication afin de sensibiliser le grand public amateur d\u2019art aux cons\u00e9quences [&hellip;]<\/p>\n","protected":false},"author":1760,"featured_media":102362,"comment_status":"closed","ping_status":"closed","sticky":false,"template":"","format":"standard","meta":{"fifu_image_url":"","fifu_image_alt":"","footnotes":""},"categories":[73,54],"tags":[],"class_list":["post-102361","post","type-post","status-publish","format-standard","has-post-thumbnail","hentry","category-actualite","category-maroc"],"_links":{"self":[{"href":"https:\/\/linitiative.ca\/International\/wp-json\/wp\/v2\/posts\/102361","targetHints":{"allow":["GET"]}}],"collection":[{"href":"https:\/\/linitiative.ca\/International\/wp-json\/wp\/v2\/posts"}],"about":[{"href":"https:\/\/linitiative.ca\/International\/wp-json\/wp\/v2\/types\/post"}],"author":[{"embeddable":true,"href":"https:\/\/linitiative.ca\/International\/wp-json\/wp\/v2\/users\/1760"}],"replies":[{"embeddable":true,"href":"https:\/\/linitiative.ca\/International\/wp-json\/wp\/v2\/comments?post=102361"}],"version-history":[{"count":0,"href":"https:\/\/linitiative.ca\/International\/wp-json\/wp\/v2\/posts\/102361\/revisions"}],"wp:featuredmedia":[{"embeddable":true,"href":"https:\/\/linitiative.ca\/International\/wp-json\/"}],"wp:attachment":[{"href":"https:\/\/linitiative.ca\/International\/wp-json\/wp\/v2\/media?parent=102361"}],"wp:term":[{"taxonomy":"category","embeddable":true,"href":"https:\/\/linitiative.ca\/International\/wp-json\/wp\/v2\/categories?post=102361"},{"taxonomy":"post_tag","embeddable":true,"href":"https:\/\/linitiative.ca\/International\/wp-json\/wp\/v2\/tags?post=102361"}],"curies":[{"name":"wp","href":"https:\/\/api.w.org\/{rel}","templated":true}]}}