{"id":102380,"date":"2020-10-21T13:42:33","date_gmt":"2020-10-21T17:42:33","guid":{"rendered":"https:\/\/linitiative.ca\/International\/djelfa-demantelement-dun-atelier-clandestin-de-fabrication-darmes-et-de-munitions-de-categorie-cinq\/"},"modified":"2020-10-21T13:42:33","modified_gmt":"2020-10-21T17:42:33","slug":"djelfa-demantelement-dun-atelier-clandestin-de-fabrication-darmes-et-de-munitions-de-categorie-cinq","status":"publish","type":"post","link":"https:\/\/linitiative.ca\/International\/djelfa-demantelement-dun-atelier-clandestin-de-fabrication-darmes-et-de-munitions-de-categorie-cinq\/","title":{"rendered":"Djelfa: d\u00e9mant\u00e8lement d\u2019un atelier clandestin de fabrication d\u2019armes et de munitions de cat\u00e9gorie cinq"},"content":{"rendered":"<div readability=\"38\">\n<p dir=\"ltr\" class=\"c30\"><strong>DJELFA &#8211; La brigade de la police judiciaire de la S\u00fbret\u00e9 de da\u00efra d\u2019Ain Ouessara (10 km au nord de Djelfa) a d\u00e9mantel\u00e9 un atelier clandestin de fabrication d\u2019armes et de munitions de cat\u00e9gorie cinq (5), a-t-on appris, mercredi, aupr\u00e8s de la cellule de communication de ce corps s\u00e9curitaire.<\/strong><\/p>\n<\/div>\n<div readability=\"74.5\">\n<p dir=\"ltr\" class=\"c30\">L\u2019op\u00e9ration, r\u00e9alis\u00e9e dans le cadre de la lutte contre le crime en milieu urbain, a permis de \u00a0\u00bb d\u00e9manteler un atelier clandestin de fabrication d\u2019armes et de munitions de cat\u00e9gorie cinq (5) , sans autorisation, avec possession d\u2019armes prohib\u00e9es de cat\u00e9gorie six, sans justificatif l\u00e9gal\u00a0\u00bb, a indiqu\u00e9 \u00e0 l\u2019APS, le charg\u00e9 de la communication aupr\u00e8s de la S\u00fbret\u00e9 de wilaya, le commissaire de police, Fites Sa\u00e0d.<\/p>\n<blockquote readability=\"12\">\n<p dir=\"ltr\" class=\"c30\"><em><strong>Il a, \u00e9galement, signal\u00e9 l\u2019arrestation de trois individus, \u00e2g\u00e9s d\u2019une quarantaine d\u2019ann\u00e9es, \u00e0 l\u2019issue de cette op\u00e9ration men\u00e9e gr\u00e2ce \u00e0 l\u2019exploitation d\u2019informations faisant \u00e9tat qu&rsquo;un groupe de personnes utiliserait un domicile pour la fabrication et la vente de fusils de chasse et de munitions sans autorisation des autorit\u00e9s comp\u00e9tentes.<\/strong><\/em><\/p>\n<\/blockquote>\n<p dir=\"ltr\" class=\"c30\">La mise sous surveillance du domicile en question, puis sa perquisition a permis, par la suite, la saisie de 724 g de poudre \u00e0 fusils, 1,15 kg de grenaille, appel\u00e9 commun\u00e9ment \u00ab\u00a0Sachem\u00a0\u00bb, et trois fusils de chasse de calibre 16mm, outre 74 cartouches pleines, 40 cartouches vides (calibre 16mm) et 64 capsules non usag\u00e9es.<\/p>\n<p dir=\"ltr\" class=\"c30\">Des outils utilis\u00e9s pour la recharge des cartouches, et une arme blanche de cat\u00e9gorie six ont \u00e9t\u00e9, \u00e9galement, saisis sur place, a-t-on ajout\u00e9 de m\u00eame source.<\/p>\n<p dir=\"ltr\" class=\"c30\">Les trois suspects ont \u00e9t\u00e9 pr\u00e9sent\u00e9s au procureur de la R\u00e9publique pr\u00e9s le tribunal d\u2019Ain Ouessara, qui a transf\u00e9r\u00e9 leurs dossiers au juge d\u2019instruction. Il a ordonn\u00e9 leur mise sous contr\u00f4le judiciaire en application des proc\u00e9dures de citation imm\u00e9diate.<\/p>\n<\/div>\n<p>Auteur:<br \/>\n<a href=\"http:\/\/www.aps.dz\/regions\/111541-djelfa-demantelement-d-un-atelier-clandestin-de-fabrication-d-armes-et-de-munitions-de-categorie-cinq\">Cliquez ici pour lire l&rsquo;article depuis sa source.<\/a><\/p>\n","protected":false},"excerpt":{"rendered":"<p>DJELFA &#8211; La brigade de la police judiciaire de la S\u00fbret\u00e9 de da\u00efra d\u2019Ain Ouessara (10 km au nord de Djelfa) a d\u00e9mantel\u00e9 un atelier clandestin de fabrication d\u2019armes et de munitions de cat\u00e9gorie cinq (5), a-t-on appris, mercredi, aupr\u00e8s de la cellule de communication de ce corps s\u00e9curitaire. L\u2019op\u00e9ration, r\u00e9alis\u00e9e dans le cadre de [&hellip;]<\/p>\n","protected":false},"author":1790,"featured_media":0,"comment_status":"closed","ping_status":"closed","sticky":false,"template":"","format":"standard","meta":{"fifu_image_url":"","fifu_image_alt":"","footnotes":""},"categories":[53,76],"tags":[],"class_list":["post-102380","post","type-post","status-publish","format-standard","hentry","category-algerie","category-regions"],"_links":{"self":[{"href":"https:\/\/linitiative.ca\/International\/wp-json\/wp\/v2\/posts\/102380","targetHints":{"allow":["GET"]}}],"collection":[{"href":"https:\/\/linitiative.ca\/International\/wp-json\/wp\/v2\/posts"}],"about":[{"href":"https:\/\/linitiative.ca\/International\/wp-json\/wp\/v2\/types\/post"}],"author":[{"embeddable":true,"href":"https:\/\/linitiative.ca\/International\/wp-json\/wp\/v2\/users\/1790"}],"replies":[{"embeddable":true,"href":"https:\/\/linitiative.ca\/International\/wp-json\/wp\/v2\/comments?post=102380"}],"version-history":[{"count":0,"href":"https:\/\/linitiative.ca\/International\/wp-json\/wp\/v2\/posts\/102380\/revisions"}],"wp:attachment":[{"href":"https:\/\/linitiative.ca\/International\/wp-json\/wp\/v2\/media?parent=102380"}],"wp:term":[{"taxonomy":"category","embeddable":true,"href":"https:\/\/linitiative.ca\/International\/wp-json\/wp\/v2\/categories?post=102380"},{"taxonomy":"post_tag","embeddable":true,"href":"https:\/\/linitiative.ca\/International\/wp-json\/wp\/v2\/tags?post=102380"}],"curies":[{"name":"wp","href":"https:\/\/api.w.org\/{rel}","templated":true}]}}