{"id":102384,"date":"2020-10-21T09:44:03","date_gmt":"2020-10-21T13:44:03","guid":{"rendered":"https:\/\/linitiative.ca\/International\/maisons-de-letudiant-des-structures-au-service-de-la-scolarisation\/"},"modified":"2020-10-21T09:44:03","modified_gmt":"2020-10-21T13:44:03","slug":"maisons-de-letudiant-des-structures-au-service-de-la-scolarisation","status":"publish","type":"post","link":"https:\/\/linitiative.ca\/International\/maisons-de-letudiant-des-structures-au-service-de-la-scolarisation\/","title":{"rendered":"Maisons de l\u2019\u00e9tudiant, des structures au service de la scolarisation"},"content":{"rendered":"<div readability=\"36\">\n<p>Chichaoua \u2013 Les Maisons de l\u2019\u00e9tudiant (Dour Talib) dans la province de Chichaoua constituent des structures sociales permettant au syst\u00e8me \u00e9ducatif \u00e0 l\u2019\u00e9chelle provinciale de s\u2019acquitter pleinement de ses missions, notamment en mati\u00e8re de lutte contre la d\u00e9perdition scolaire et de promotion de la scolarisation en milieu rural.<\/p>\n<\/div>\n<div readability=\"73\">\n<p>Dans ce sillage, le gouverneur de la province, Bouabid El Guerrab, accompagn\u00e9 des autorit\u00e9s locales, a effectu\u00e9, mardi, une visite \u00e0 la Maison de l\u2019\u00e9tudiant dans la commune de Assif El Mal, qui assure des services sociaux aux \u00e9l\u00e8ves issus des zones montagneuses afin de garantir la continuit\u00e9 du droit \u00e0 l\u2019enseignement.<\/p>\n<p>M. El Guerrab s\u2019est, ainsi, inform\u00e9 de pr\u00e8s des diff\u00e9rentes mesures pr\u00e9ventives prises par cette structure pour accueillir ses pensionnaires, et de la conformit\u00e9 de ces dispositifs au protocole sanitaire que le syst\u00e8me provincial d\u2019\u00e9ducation et de formation veille \u00e0 mettre en \u0153uvre conform\u00e9ment aux directives du minist\u00e8re de tutelle.<\/p>\n<p>A cette occasion, M. Driss El Mhaimar, pr\u00e9sident de l\u2019Association islamique de bienfaisance qui g\u00e8re la Maison de l\u2019\u00e9tudiant \u00e0 Assif El Mal, a pr\u00e9sent\u00e9 des explications sur les diff\u00e9rentes installations qui composent cette structure (chambres, restauration, blocs sanitaires et \u00e9quipements de protection).<\/p>\n<p>Cette visite de terrain a \u00e9galement concern\u00e9 le coll\u00e8ge d\u2019Assif El Mal o\u00f9 le gouverneur s\u2019est enquis du d\u00e9roulement normal des \u00e9tudes et du respect des mesures de pr\u00e9caution mises en place pour pr\u00e9venir la propagation de la pand\u00e9mie de la Covid-19 en milieu scolaire.<\/p>\n<p>Le directeur de l\u2019\u00e9tablissement a saisi l\u2019occasion pour donner des explications techniques et des statistiques sur le nombre total des \u00e9l\u00e8ves, les ressources humaines et les mesures prises pour assurer la continuit\u00e9 p\u00e9dagogique dans cette conjoncture induite par le nouveau coronavirus.<\/p>\n<p>Cette visite s\u2019inscrit dans le cadre du suivi par les autorit\u00e9s provinciales de Chichaoua du d\u00e9roulement de l\u2019ann\u00e9e scolaire (2020-2021) afin de garantir les conditions n\u00e9cessaires et appropri\u00e9es d\u2019accueil des \u00e9l\u00e8ves.<\/p>\n<\/div>\n<p>Auteur: Meriem IGASS<br \/>\n<a href=\"http:\/\/www.mapmarrakech.ma\/fr\/les-maisons-de-letudiant-des-structures-au-service-de-la-scolarisation-en-milieu-rural\/\">Cliquez ici pour lire l&rsquo;article depuis sa source.<\/a><\/p>\n","protected":false},"excerpt":{"rendered":"<p>Chichaoua \u2013 Les Maisons de l\u2019\u00e9tudiant (Dour Talib) dans la province de Chichaoua constituent des structures sociales permettant au syst\u00e8me \u00e9ducatif \u00e0 l\u2019\u00e9chelle provinciale de s\u2019acquitter pleinement de ses missions, notamment en mati\u00e8re de lutte contre la d\u00e9perdition scolaire et de promotion de la scolarisation en milieu rural. Dans ce sillage, le gouverneur de la [&hellip;]<\/p>\n","protected":false},"author":1788,"featured_media":0,"comment_status":"closed","ping_status":"closed","sticky":false,"template":"","format":"standard","meta":{"fifu_image_url":"","fifu_image_alt":"","footnotes":""},"categories":[54,76],"tags":[],"class_list":["post-102384","post","type-post","status-publish","format-standard","hentry","category-maroc","category-regions"],"_links":{"self":[{"href":"https:\/\/linitiative.ca\/International\/wp-json\/wp\/v2\/posts\/102384","targetHints":{"allow":["GET"]}}],"collection":[{"href":"https:\/\/linitiative.ca\/International\/wp-json\/wp\/v2\/posts"}],"about":[{"href":"https:\/\/linitiative.ca\/International\/wp-json\/wp\/v2\/types\/post"}],"author":[{"embeddable":true,"href":"https:\/\/linitiative.ca\/International\/wp-json\/wp\/v2\/users\/1788"}],"replies":[{"embeddable":true,"href":"https:\/\/linitiative.ca\/International\/wp-json\/wp\/v2\/comments?post=102384"}],"version-history":[{"count":0,"href":"https:\/\/linitiative.ca\/International\/wp-json\/wp\/v2\/posts\/102384\/revisions"}],"wp:attachment":[{"href":"https:\/\/linitiative.ca\/International\/wp-json\/wp\/v2\/media?parent=102384"}],"wp:term":[{"taxonomy":"category","embeddable":true,"href":"https:\/\/linitiative.ca\/International\/wp-json\/wp\/v2\/categories?post=102384"},{"taxonomy":"post_tag","embeddable":true,"href":"https:\/\/linitiative.ca\/International\/wp-json\/wp\/v2\/tags?post=102384"}],"curies":[{"name":"wp","href":"https:\/\/api.w.org\/{rel}","templated":true}]}}