{"id":102387,"date":"2020-10-21T14:53:18","date_gmt":"2020-10-21T18:53:18","guid":{"rendered":"https:\/\/linitiative.ca\/International\/pluies-de-distinctions-pour-tanger-med-zones\/"},"modified":"2020-10-21T14:53:18","modified_gmt":"2020-10-21T18:53:18","slug":"pluies-de-distinctions-pour-tanger-med-zones","status":"publish","type":"post","link":"https:\/\/linitiative.ca\/International\/pluies-de-distinctions-pour-tanger-med-zones\/","title":{"rendered":"Pluies de distinctions pour Tanger Med Zones"},"content":{"rendered":"<div class=\"body\">\n<div class=\"field field-name-body field-type-text-with-summary field-label-hidden\">\n<div class=\"field-items\" readability=\"10\">\n<div class=\"field-item even\" property=\"content:encoded\" readability=\"15\">\n<p class=\"rtejustify\">Cons\u00e9cration pour Tanger Med Zones. La plateforme industrielle a \u00e9t\u00e9 class\u00e9e seconde zone \u00e9conomique mondiale au \u00abFDI\u2019s Global Free Zone of the Year\u00bb, le palmar\u00e8s des zones \u00e9conomiques les plus attractives au monde pour l\u2019ann\u00e9e 2020 r\u00e9alis\u00e9 par FDI Intelligence du Financial Times. Tanger Med Zones d\u00e9passe Duba\u00ef Multi Commodities Center, Katowice Special Economic Zone en Pologne, Waigaoqiao Free Trade Zone en Chine. Elle est ainsi la premi\u00e8re zone africaine occupe une place aussi \u00e9lev\u00e9e dans ce classement. Outre ce classement, Tanger Med Zones d\u00e9croche le premier prix mondial pour la cat\u00e9gorie grands projets d\u2019investissements, la mention de sp\u00e9cialiste mondial du secteur automobile et le 1er prix africain pour les PMEs.<br \/><em>M.A.B.<\/em><\/p>\n<\/div>\n<\/div>\n<\/div>\n<\/div>\n<div class=\"eco-conseil\">\n<div class=\"view view-eco-conseil-16 view-id-eco_conseil_16 view-display-id-cookies view-dom-id-0f845d89efa9884dfdd2c522971af499\">\n<div class=\"view-content\">\n<div id=\"views-bootstrap-grid-1\" class=\"views-bootstrap-grid-plugin-style\">\n<div class=\"row\">\n<div class=\" col-xs-12 col-lg-4\">\n<div class=\"row\">\n<div class=\"col col-xs-12 col-lg-12\">\n<div class=\"field-content\"><a href=\"\/article\/1068670-les-domaines-agricoles-pour-une-agriculture-sans-glyphosate\"><img loading=\"lazy\" decoding=\"async\" class=\"img-responsive\" typeof=\"foaf:Image\" src=\"https:\/\/www.leconomiste.com\/sites\/default\/files\/eco7\/public\/styles\/800x400\/public\/default_images\/default_une.jpg?itok=4jZlgnIZ\" width=\"660\" height=\"330\" alt=\"\"\/><\/a><\/div>\n<\/div>\n<div class=\" title_suite_2 col col-xs-12 col-lg-12\"> <a href=\"\/article\/1068670-les-domaines-agricoles-pour-une-agriculture-sans-glyphosate\"\/><span class=\"field-content\">Article 1068670<\/span><\/div>\n<\/div>\n<\/div>\n<div class=\" col-xs-12 col-lg-4\">\n<div class=\"row\">\n<div class=\"col col-xs-12 col-lg-12\">\n<div class=\"field-content\"><a href=\"\/article\/1068669-casablanca-encore-2-semaines-de-couvre-feu\"><img loading=\"lazy\" decoding=\"async\" class=\"img-responsive\" typeof=\"foaf:Image\" src=\"https:\/\/www.leconomiste.com\/sites\/default\/files\/eco7\/public\/styles\/800x400\/public\/default_images\/default_une.jpg?itok=4jZlgnIZ\" width=\"660\" height=\"330\" alt=\"\"\/><\/a><\/div>\n<\/div>\n<div class=\" title_suite_2 col col-xs-12 col-lg-12\"> <a href=\"\/article\/1068669-casablanca-encore-2-semaines-de-couvre-feu\"\/><span class=\"field-content\">Casablanca: Encore 2 semaines de couvre-feu<\/span><\/div>\n<\/div>\n<\/div>\n<div class=\" col-xs-12 col-lg-4\">\n<div class=\"row\">\n<div class=\"col col-xs-12 col-lg-12\">\n<div class=\"field-content\"><a href=\"\/article\/1068668-sopriam-les-commandes-ouvertes-pour-la-nouvelle-c3\"><img loading=\"lazy\" decoding=\"async\" class=\"img-responsive\" typeof=\"foaf:Image\" src=\"https:\/\/www.leconomiste.com\/sites\/default\/files\/eco7\/public\/styles\/800x400\/public\/default_images\/default_une.jpg?itok=4jZlgnIZ\" width=\"660\" height=\"330\" alt=\"\"\/><\/a><\/div>\n<\/div>\n<div class=\" title_suite_2 col col-xs-12 col-lg-12\"> <a href=\"\/article\/1068668-sopriam-les-commandes-ouvertes-pour-la-nouvelle-c3\"\/><span class=\"field-content\">Sopriam: Les commandes ouvertes pour la nouvelle C3<\/span><\/div>\n<\/div>\n<\/div>\n<\/div>\n<\/div>\n<\/div>\n<\/div>\n<\/div>\n<p>Auteur: hlafriqi<br \/>\n<a href=\"https:\/\/www.leconomiste.com\/article\/1068667-pluies-de-distinctions-pour-tanger-med-zones\">Cliquez ici pour lire l&rsquo;article depuis sa source.<\/a><\/p>\n","protected":false},"excerpt":{"rendered":"<p>Cons\u00e9cration pour Tanger Med Zones. La plateforme industrielle a \u00e9t\u00e9 class\u00e9e seconde zone \u00e9conomique mondiale au \u00abFDI\u2019s Global Free Zone of the Year\u00bb, le palmar\u00e8s des zones \u00e9conomiques les plus attractives au monde pour l\u2019ann\u00e9e 2020 r\u00e9alis\u00e9 par FDI Intelligence du Financial Times. Tanger Med Zones d\u00e9passe Duba\u00ef Multi Commodities Center, Katowice Special Economic Zone [&hellip;]<\/p>\n","protected":false},"author":1763,"featured_media":0,"comment_status":"closed","ping_status":"closed","sticky":false,"template":"","format":"standard","meta":{"fifu_image_url":"","fifu_image_alt":"","footnotes":""},"categories":[78,54],"tags":[],"class_list":["post-102387","post","type-post","status-publish","format-standard","hentry","category-economie","category-maroc"],"_links":{"self":[{"href":"https:\/\/linitiative.ca\/International\/wp-json\/wp\/v2\/posts\/102387","targetHints":{"allow":["GET"]}}],"collection":[{"href":"https:\/\/linitiative.ca\/International\/wp-json\/wp\/v2\/posts"}],"about":[{"href":"https:\/\/linitiative.ca\/International\/wp-json\/wp\/v2\/types\/post"}],"author":[{"embeddable":true,"href":"https:\/\/linitiative.ca\/International\/wp-json\/wp\/v2\/users\/1763"}],"replies":[{"embeddable":true,"href":"https:\/\/linitiative.ca\/International\/wp-json\/wp\/v2\/comments?post=102387"}],"version-history":[{"count":0,"href":"https:\/\/linitiative.ca\/International\/wp-json\/wp\/v2\/posts\/102387\/revisions"}],"wp:attachment":[{"href":"https:\/\/linitiative.ca\/International\/wp-json\/wp\/v2\/media?parent=102387"}],"wp:term":[{"taxonomy":"category","embeddable":true,"href":"https:\/\/linitiative.ca\/International\/wp-json\/wp\/v2\/categories?post=102387"},{"taxonomy":"post_tag","embeddable":true,"href":"https:\/\/linitiative.ca\/International\/wp-json\/wp\/v2\/tags?post=102387"}],"curies":[{"name":"wp","href":"https:\/\/api.w.org\/{rel}","templated":true}]}}