{"id":102395,"date":"2020-10-21T12:30:00","date_gmt":"2020-10-21T16:30:00","guid":{"rendered":"https:\/\/linitiative.ca\/International\/pirlo-eteint-la-polemique-dybala\/"},"modified":"2020-10-21T12:30:00","modified_gmt":"2020-10-21T16:30:00","slug":"pirlo-eteint-la-polemique-dybala","status":"publish","type":"post","link":"https:\/\/linitiative.ca\/International\/pirlo-eteint-la-polemique-dybala\/","title":{"rendered":"Pirlo \u00e9teint  la pol\u00e9mique Dybala"},"content":{"rendered":"<p class=\"p1 c3\"><span class=\"c2\">Contrairement aux rumeurs qui ont circul\u00e9, il n\u2019y a aucun malaise entre Andrea Pirlo et son joueur argentin Paulo Dybala. C\u2019est le coach lui-m\u00eame qui l\u2019a affirm\u00e9 lundi, lors du point-presse pr\u00e9c\u00e9dant le premier match de Ligue des Champions.<\/span><\/p>\n<p class=\"p1 c3\"><span class=\"c2\">Questionn\u00e9 \u00e0 propos de La Joya, le coach bianconero a confi\u00e9 : \u00ab j&rsquo;ai parl\u00e9 avec Paulo hier, comme je le fais avec tout le monde.<span class=\"Apple-converted-space\">\u00a0<\/span><\/span><\/p>\n<p class=\"p1 c3\"><span class=\"c2\">Il \u00e9tait un peu en col\u00e8re de ne pas avoir jou\u00e9 \u00e0 Crotone, mais il faut se rappeler qu&rsquo;il n&rsquo;a pas jou\u00e9 pendant 3 mois et qu&rsquo;il a pass\u00e9 10 jours en Argentine \u00e0 prendre des m\u00e9dicaments parce qu&rsquo;il avait un virus intestinal. \u00bb<\/span><\/p>\n<p class=\"p1 c3\"><span class=\"c2\">Pirlo a aussi pr\u00e9cis\u00e9 qu\u2019il aurait pu accorder du temps de jeu \u00e0 l\u2019ex-palermitain lors du dernier match de championnat. Mais, l\u2019expulsion de Federico Chiesa a chang\u00e9 ses plans et l\u2019a oblig\u00e9 \u00e0 privil\u00e9gier des options d\u00e9fensives.<\/span><\/p>\n<p class=\"p1 c3\"><span class=\"c2\">Dybala n\u2019a pas encore disput\u00e9 la moindre minute cette saison en Serie A. Une situation d\u00e9licate et qui nourrit les rumeurs sur son avenir. Sa prolongation de contrat avec la Vieille Dame ne serait plus aussi certaine.<\/span><\/p>\n<p>Auteur: letemps1<br \/>\n<a href=\"http:\/\/www.letemps.com.tn\/article\/117706\/pirlo-%C3%A9teint-la-pol%C3%A9mique-dybala\">Cliquez ici pour lire l&rsquo;article depuis sa source.<\/a><\/p>\n","protected":false},"excerpt":{"rendered":"<p>Contrairement aux rumeurs qui ont circul\u00e9, il n\u2019y a aucun malaise entre Andrea Pirlo et son joueur argentin Paulo Dybala. C\u2019est le coach lui-m\u00eame qui l\u2019a affirm\u00e9 lundi, lors du point-presse pr\u00e9c\u00e9dant le premier match de Ligue des Champions. Questionn\u00e9 \u00e0 propos de La Joya, le coach bianconero a confi\u00e9 : \u00ab j&rsquo;ai parl\u00e9 avec [&hellip;]<\/p>\n","protected":false},"author":1773,"featured_media":0,"comment_status":"closed","ping_status":"closed","sticky":false,"template":"","format":"standard","meta":{"fifu_image_url":"","fifu_image_alt":"","footnotes":""},"categories":[73,55],"tags":[],"class_list":["post-102395","post","type-post","status-publish","format-standard","hentry","category-actualite","category-tunisie"],"_links":{"self":[{"href":"https:\/\/linitiative.ca\/International\/wp-json\/wp\/v2\/posts\/102395","targetHints":{"allow":["GET"]}}],"collection":[{"href":"https:\/\/linitiative.ca\/International\/wp-json\/wp\/v2\/posts"}],"about":[{"href":"https:\/\/linitiative.ca\/International\/wp-json\/wp\/v2\/types\/post"}],"author":[{"embeddable":true,"href":"https:\/\/linitiative.ca\/International\/wp-json\/wp\/v2\/users\/1773"}],"replies":[{"embeddable":true,"href":"https:\/\/linitiative.ca\/International\/wp-json\/wp\/v2\/comments?post=102395"}],"version-history":[{"count":0,"href":"https:\/\/linitiative.ca\/International\/wp-json\/wp\/v2\/posts\/102395\/revisions"}],"wp:attachment":[{"href":"https:\/\/linitiative.ca\/International\/wp-json\/wp\/v2\/media?parent=102395"}],"wp:term":[{"taxonomy":"category","embeddable":true,"href":"https:\/\/linitiative.ca\/International\/wp-json\/wp\/v2\/categories?post=102395"},{"taxonomy":"post_tag","embeddable":true,"href":"https:\/\/linitiative.ca\/International\/wp-json\/wp\/v2\/tags?post=102395"}],"curies":[{"name":"wp","href":"https:\/\/api.w.org\/{rel}","templated":true}]}}