{"id":102398,"date":"2020-10-21T12:30:00","date_gmt":"2020-10-21T16:30:00","guid":{"rendered":"https:\/\/linitiative.ca\/International\/la-rs-berkane-en-finale\/"},"modified":"2020-10-21T12:30:00","modified_gmt":"2020-10-21T16:30:00","slug":"la-rs-berkane-en-finale","status":"publish","type":"post","link":"https:\/\/linitiative.ca\/International\/la-rs-berkane-en-finale\/","title":{"rendered":"La RS Berkane en finale"},"content":{"rendered":"<p>Pour la 2\u00e8me ann\u00e9e cons\u00e9cutive<\/p>\n<footer class=\"submitted clearfix\">\n<p><span class=\"date-display-single\" property=\"dc:date\" datatype=\"xsd:dateTime\" content=\"2020-10-21T00:00:00+01:00\">Mercredi 21 Octobre 2020<\/span><\/p>\n<\/footer>\n<div class=\"content clearfix\" readability=\"35.186395759717\"><span class=\"print-link\"><span class=\"print_html\"><a href=\"http:\/\/www.letemps.com.tn\/print\/117708\" title=\"Display a printer-friendly version of this page.\" class=\"print-page\" onclick=\"window.open(this.href); return false\" rel=\"nofollow\"><img decoding=\"async\" class=\"print-icon\" typeof=\"foaf:Image\" src=\"http:\/\/www.letemps.com.tn\/sites\/all\/modules\/print\/icons\/print_icon.gif\" alt=\"\u0646\u0633\u062e\u0629 \u0644\u0644\u0637\u0628\u0627\u0639\u0629\" title=\"\u0646\u0633\u062e\u0629 \u0644\u0644\u0637\u0628\u0627\u0639\u0629\"\/><\/a><\/span><\/span><\/p>\n<div class=\"beacon9-social\">\n<p><iframe src=\"http:\/\/www.facebook.com\/plugins\/like.php?href=http%3A%2F%2Fwww.letemps.com.tn%2Farticle%2F117708%2Fla-rs-berkane-en-finale&amp;layout=button_count&amp;show_faces=false&amp;action=like&amp;font=arial&amp;colorscheme=light\" scrolling=\"no\" frameborder=\"0\" class=\"c1\" allowtransparency=\"true\">[embedded content]<\/iframe><\/p>\n<\/div>\n<div class=\"field field-name-field-op-main-image field-type-image field-label-hidden field-items field-item even\"><img loading=\"lazy\" decoding=\"async\" typeof=\"foaf:Image\" src=\"http:\/\/www.letemps.com.tn\/sites\/www.letemps.com.tn\/files\/styles\/620px_wide\/public\/main\/articles\/Sans titre-1-Re\u0301cupe\u0301re\u0301_770.jpg\" width=\"620\" height=\"400\" alt=\"\"\/><\/div>\n<div class=\"field field-name-body field-type-text-with-summary field-label-hidden field-items field-item even\" readability=\"41\">\n<p class=\"p1 c3\"><span class=\"c2\">Bis repetita pour la Renaissance sportive de Berkane ! Le club marocain s\u2019est qualifi\u00e9 pour sa deuxi\u00e8me finale de Coupe de la Conf\u00e9d\u00e9ration de rang, lundi \u00e0 Rabat aux d\u00e9pens du Hassania Agadir (2-1). L\u2019\u00e9quipe ch\u00e8re au pr\u00e9sident de la F\u00e9d\u00e9ration marocaine a marqu\u00e9 par deux fois sur penalty par son capitaine Mohamed Aziz (19eme, 61eme), tandis qu\u2019Imad Kimaoui avait \u00e9galis\u00e9 pour les Gadiris suite \u00e0 un coup franc (30eme).<span class=\"Apple-converted-space\">\u00a0<\/span><\/span><\/p>\n<p class=\"p1 c3\"><span class=\"c2\">La seconde demi-finale devait<span class=\"Apple-converted-space\">\u00a0<\/span> opposer hier \u00e0 Casablanca les Guin\u00e9ens du Horoya AC aux Egyptiens du Pyramids FC.<\/span><\/p>\n<\/div>\n<\/div>\n<p>Auteur: letemps1<br \/>\n<a href=\"http:\/\/www.letemps.com.tn\/article\/117708\/la-rs-berkane-en-finale\">Cliquez ici pour lire l&rsquo;article depuis sa source.<\/a><\/p>\n","protected":false},"excerpt":{"rendered":"<p>Pour la 2\u00e8me ann\u00e9e cons\u00e9cutive Mercredi 21 Octobre 2020 [embedded content] Bis repetita pour la Renaissance sportive de Berkane ! Le club marocain s\u2019est qualifi\u00e9 pour sa deuxi\u00e8me finale de Coupe de la Conf\u00e9d\u00e9ration de rang, lundi \u00e0 Rabat aux d\u00e9pens du Hassania Agadir (2-1). L\u2019\u00e9quipe ch\u00e8re au pr\u00e9sident de la F\u00e9d\u00e9ration marocaine a marqu\u00e9 [&hellip;]<\/p>\n","protected":false},"author":1773,"featured_media":102399,"comment_status":"closed","ping_status":"closed","sticky":false,"template":"","format":"standard","meta":{"fifu_image_url":"","fifu_image_alt":"","footnotes":""},"categories":[73,55],"tags":[],"class_list":["post-102398","post","type-post","status-publish","format-standard","has-post-thumbnail","hentry","category-actualite","category-tunisie"],"_links":{"self":[{"href":"https:\/\/linitiative.ca\/International\/wp-json\/wp\/v2\/posts\/102398","targetHints":{"allow":["GET"]}}],"collection":[{"href":"https:\/\/linitiative.ca\/International\/wp-json\/wp\/v2\/posts"}],"about":[{"href":"https:\/\/linitiative.ca\/International\/wp-json\/wp\/v2\/types\/post"}],"author":[{"embeddable":true,"href":"https:\/\/linitiative.ca\/International\/wp-json\/wp\/v2\/users\/1773"}],"replies":[{"embeddable":true,"href":"https:\/\/linitiative.ca\/International\/wp-json\/wp\/v2\/comments?post=102398"}],"version-history":[{"count":0,"href":"https:\/\/linitiative.ca\/International\/wp-json\/wp\/v2\/posts\/102398\/revisions"}],"wp:featuredmedia":[{"embeddable":true,"href":"https:\/\/linitiative.ca\/International\/wp-json\/"}],"wp:attachment":[{"href":"https:\/\/linitiative.ca\/International\/wp-json\/wp\/v2\/media?parent=102398"}],"wp:term":[{"taxonomy":"category","embeddable":true,"href":"https:\/\/linitiative.ca\/International\/wp-json\/wp\/v2\/categories?post=102398"},{"taxonomy":"post_tag","embeddable":true,"href":"https:\/\/linitiative.ca\/International\/wp-json\/wp\/v2\/tags?post=102398"}],"curies":[{"name":"wp","href":"https:\/\/api.w.org\/{rel}","templated":true}]}}