{"id":102410,"date":"2020-10-21T08:19:36","date_gmt":"2020-10-21T12:19:36","guid":{"rendered":"https:\/\/linitiative.ca\/International\/111504-ligue-1-mco-le-preparateur-physique-francais-et-le-joueur-ivoirien-rejoindront-bientot-l-equipe\/"},"modified":"2020-10-21T08:19:36","modified_gmt":"2020-10-21T12:19:36","slug":"111504-ligue-1-mco-le-preparateur-physique-francais-et-le-joueur-ivoirien-rejoindront-bientot-l-equipe","status":"publish","type":"post","link":"https:\/\/linitiative.ca\/International\/111504-ligue-1-mco-le-preparateur-physique-francais-et-le-joueur-ivoirien-rejoindront-bientot-l-equipe\/","title":{"rendered":"Ligue 1-MCO: le pr\u00e9parateur physique fran\u00e7ais et le joueur ivoirien rejoindront bient\u00f4t l\u2019\u00e9quipe"},"content":{"rendered":"<div readability=\"36\">\n<p><strong>ORAN &#8211; La direction du MC Oran a r\u00e9ussi \u00e0 se procurer une autorisation des services du minist\u00e8re des Affaires \u00e9trang\u00e8res permettant \u00e0 son nouveau pr\u00e9parateur physique fran\u00e7ais ainsi qu&rsquo;\u00e0 son nouveau joueur ivoirien de rejoindre l&rsquo;\u00e9quipe, a-t-on appris mercredi aupr\u00e8s de la direction de ce club de Ligue 1 de football.<\/strong><\/p>\n<\/div>\n<div readability=\"69.05755732335\">\n<p>Le pr\u00e9parateur physique Alain Durand et le milieu de terrain Landry Houssou sont attendus dans les prochains jours en Alg\u00e9rie apr\u00e8s avoir accompli les formalit\u00e9s administratives d\u2019usage. Ils devraient rallier le pays via la Tunisie en raison de la fermeture de l\u2019espace a\u00e9rien alg\u00e9rien, a soulign\u00e9 \u00e0 l\u2019APS, le charg\u00e9 de communication du MCO, Rafik Cherrak.<\/p>\n<blockquote readability=\"11\">\n<p><em><strong>Cette nouvelle devrait r\u00e9jouir en premier lieu l\u2019entra\u00eeneur fran\u00e7ais des \u00ab\u00a0Hamraoua\u00a0\u00bb, Bernard Casoni, qui \u00e9tait derri\u00e8re le recrutement du coach et du joueur concern\u00e9s. Il s\u2019est m\u00eame dit \u00ab\u00a0impatient\u00a0\u00bb de les voir int\u00e9grer le groupe, lors de la conf\u00e9rence de presse qu\u2019il a anim\u00e9e derni\u00e8rement.<\/strong><\/em><\/p>\n<\/blockquote>\n<p>Casoni, arriv\u00e9 cet \u00e9t\u00e9 au MCO pour un contrat d\u2019une ann\u00e9e, n\u2019a pas tari d\u2019\u00e9loges sur Alain Durand qui fera \u00e9galement office d\u2019entra\u00eeneur-adjoint. Idem pour le jeune milieu de terrain ivoirien, Landry Houssou (20 ans), sur lequel l\u2019ex-coach du MC Alger a dit \u00ab\u00a0miser \u00e9norm\u00e9ment\u00a0\u00bb, qualifiant son recrutement d'\u00a0\u00bbinvestissement de taille\u00a0\u00bb pour le club phare de la capitale de l\u2019Ouest \u00ab\u00a0qui pourrait tirer \u00e9norm\u00e9ment profit d\u2019un \u00e9ventuel transfert de cet \u00e9l\u00e9ment \u00e0 l\u2019\u00e9tranger \u00e0 l&rsquo;avenir\u00a0\u00bb.<\/p>\n<hr\/>\n<h3>Lire aussi:\u00a0<a href=\"http:\/\/www.aps.dz\/sport\/109276-ligue1-mc-oran-naamani-arrive-le-club-passe-a-la-vitesse-superieure\" target=\"_blank\" rel=\"noopener noreferrer\">Ligue1\/MC Oran : Na\u00e2mani arrive, le club passe \u00e0 la vitesse sup\u00e9rieure<\/a><\/h3>\n<hr\/>\n<blockquote readability=\"14\">\n<p><em><strong>Sur un autre plan, le stage du MCO \u00e0 Tlemcen, qui devait d\u00e9buter samedi prochain, a \u00e9t\u00e9 d\u00e9cal\u00e9 de 24 heures, a encore pr\u00e9cis\u00e9 le charg\u00e9 de communication de cette formation qui a connu plusieurs changements aussi bien sur le plan administratif, avec l\u2019arriv\u00e9e d\u2019une nouvelle direction sous la pr\u00e9sidence de Tayeb Mahiaoui, que technique.<\/strong><\/em><\/p>\n<\/blockquote>\n<p>Concernant ce dernier volet, le MCO, et outre la nomination d\u2019un nouveau staff technique sous la houlette de l\u2019ancien d\u00e9fenseur de la s\u00e9lection fran\u00e7aise, pas moins de 12 nouveaux joueurs ont \u00e9t\u00e9 recrut\u00e9s par le pr\u00e9sident Mahiaoui, rappelle-t-on.<\/p>\n<p>Les \u00ab\u00a0Rouge et Blanc\u00a0\u00bb, qui ont enregistr\u00e9 trois cas de Covid-19 parmi leur effectif depuis le d\u00e9but de la pr\u00e9paration d\u2019intersaison, joueront vendredi leur premier match amical face \u00e0 la s\u00e9lection nationale de police au stade Ahmed-Zabana.<\/p>\n<\/div>\n<p>Auteur:<br \/>\n<a href=\"http:\/\/www.aps.dz\/sport\/111504-ligue-1-mco-le-preparateur-physique-francais-et-le-joueur-ivoirien-rejoindront-bientot-l-equipe?utm_source=feedburner&#038;utm_medium=feed&#038;utm_campaign=Feed%3A+aps-sport+%28APS+-+SPORT%29\">Cliquez ici pour lire l&rsquo;article depuis sa source.<\/a><\/p>\n","protected":false},"excerpt":{"rendered":"<p>ORAN &#8211; La direction du MC Oran a r\u00e9ussi \u00e0 se procurer une autorisation des services du minist\u00e8re des Affaires \u00e9trang\u00e8res permettant \u00e0 son nouveau pr\u00e9parateur physique fran\u00e7ais ainsi qu&rsquo;\u00e0 son nouveau joueur ivoirien de rejoindre l&rsquo;\u00e9quipe, a-t-on appris mercredi aupr\u00e8s de la direction de ce club de Ligue 1 de football. Le pr\u00e9parateur physique [&hellip;]<\/p>\n","protected":false},"author":1790,"featured_media":0,"comment_status":"closed","ping_status":"closed","sticky":false,"template":"","format":"standard","meta":{"fifu_image_url":"","fifu_image_alt":"","footnotes":""},"categories":[53,75],"tags":[],"class_list":["post-102410","post","type-post","status-publish","format-standard","hentry","category-algerie","category-sport"],"_links":{"self":[{"href":"https:\/\/linitiative.ca\/International\/wp-json\/wp\/v2\/posts\/102410","targetHints":{"allow":["GET"]}}],"collection":[{"href":"https:\/\/linitiative.ca\/International\/wp-json\/wp\/v2\/posts"}],"about":[{"href":"https:\/\/linitiative.ca\/International\/wp-json\/wp\/v2\/types\/post"}],"author":[{"embeddable":true,"href":"https:\/\/linitiative.ca\/International\/wp-json\/wp\/v2\/users\/1790"}],"replies":[{"embeddable":true,"href":"https:\/\/linitiative.ca\/International\/wp-json\/wp\/v2\/comments?post=102410"}],"version-history":[{"count":0,"href":"https:\/\/linitiative.ca\/International\/wp-json\/wp\/v2\/posts\/102410\/revisions"}],"wp:attachment":[{"href":"https:\/\/linitiative.ca\/International\/wp-json\/wp\/v2\/media?parent=102410"}],"wp:term":[{"taxonomy":"category","embeddable":true,"href":"https:\/\/linitiative.ca\/International\/wp-json\/wp\/v2\/categories?post=102410"},{"taxonomy":"post_tag","embeddable":true,"href":"https:\/\/linitiative.ca\/International\/wp-json\/wp\/v2\/tags?post=102410"}],"curies":[{"name":"wp","href":"https:\/\/api.w.org\/{rel}","templated":true}]}}