{"id":102418,"date":"2020-10-21T11:24:00","date_gmt":"2020-10-21T15:24:00","guid":{"rendered":"https:\/\/linitiative.ca\/International\/tiaret-tentative-denlevement-dune-fillette-a-la-cite-badr\/"},"modified":"2020-10-21T11:24:00","modified_gmt":"2020-10-21T15:24:00","slug":"tiaret-tentative-denlevement-dune-fillette-a-la-cite-badr","status":"publish","type":"post","link":"https:\/\/linitiative.ca\/International\/tiaret-tentative-denlevement-dune-fillette-a-la-cite-badr\/","title":{"rendered":"TIARET : Tentative d\u2019enl\u00e8vement d\u2019une fillette \u00e0 la cit\u00e9 \u2018\u2019Badr\u2019\u2019"},"content":{"rendered":"<p><br id=\"sep_para_1\" class=\"sep_para access\"\/><\/p>\n<div id=\"para_1\" class=\"para_39127548 resize\">\n<div class=\"photo shadow left\"><a href=\"javascript:void(0)\" rel=\"https:\/\/www.reflexiondz.net\/photo\/art\/grande\/50791677-39127548.jpg?v=1603295140&amp;ibox\" title=\"TIARET : Tentative d\u2019enl\u00e8vement d\u2019une fillette \u00e0 la cit\u00e9 \u2018\u2019Badr\u2019\u2019\"><img decoding=\"async\" class=\"responsive c9\" src=\"https:\/\/www.reflexiondz.net\/photo\/art\/grande\/50791677-39127548.jpg?v=1603295140\" alt=\"TIARET : Tentative d\u2019enl\u00e8vement d\u2019une fillette \u00e0 la cit\u00e9 \u2018\u2019Badr\u2019\u2019\" title=\"TIARET : Tentative d\u2019enl\u00e8vement d\u2019une fillette \u00e0 la cit\u00e9 \u2018\u2019Badr\u2019\u2019\"\/><img decoding=\"async\" class=\"not-responsive\" src=\"https:\/\/www.reflexiondz.net\/photo\/art\/default\/50791677-39127548.jpg?v=1603295142\" alt=\"TIARET : Tentative d\u2019enl\u00e8vement d\u2019une fillette \u00e0 la cit\u00e9 \u2018\u2019Badr\u2019\u2019\" title=\"TIARET : Tentative d\u2019enl\u00e8vement d\u2019une fillette \u00e0 la cit\u00e9 \u2018\u2019Badr\u2019\u2019\"\/><\/a><\/div>\n<div class=\"texte access firstletter\">Selon une source g\u00e9n\u00e9ralement bien inform\u00e9e, une fille \u00e2g\u00e9e d&rsquo;\u00e0 peine 8 ans, jouait dehors pr\u00e9s\u00a0 du b\u00e2timent o\u00f9 elle habite, lorsqu\u2019elle a \u00e9t\u00e9 interpell\u00e9e par son fr\u00e8re qui lui a remis des baguettes de pain, en lui disant de les faire monter au domicile familial. En escaladant les escaliers, pour rejoindre son appartement, elle\u00a0 s&rsquo;est trouv\u00e9e face \u00e0 face avec un individu portant un gilet et une casquette, le visage couvert d\u2019une bavette, le rendant inconnu.\u00a0 . L\u2019inconnu a pris la fillette\u00a0 en question dans ses bras et lui a ferm\u00e9 la bouche, ignorant qu\u2019elle \u00e9tait surveill\u00e9e de tr\u00e8s pr\u00e8s, \u00e0 travers la fen\u00eatre, par sa m\u00e8re qui a commenc\u00e9 \u00e0 crier, appuy\u00e9e par des cris de femmes du voisinage. A ce moment, le kidnappeur a l\u00e2ch\u00e9 la fille et a pris la fuite, laissant les habitants de la cit\u00e9 \u00ab\u00a0Badr \u00a0\u00bb sous le choc. Une enqu\u00eate a \u00e9t\u00e9 ouverte par les services de police judiciaire.<\/div>\n<\/div>\n<p>Auteur: Abdelkader  Benrebiha<br \/>\n<a href=\"https:\/\/www.reflexiondz.net\/TIARET-Tentative-d-enlevement-d-une-fillette-a-la-cite-Badr_a65937.html\">Cliquez ici pour lire l&rsquo;article depuis sa source.<\/a><\/p>\n","protected":false},"excerpt":{"rendered":"<p>Selon une source g\u00e9n\u00e9ralement bien inform\u00e9e, une fille \u00e2g\u00e9e d&rsquo;\u00e0 peine 8 ans, jouait dehors pr\u00e9s\u00a0 du b\u00e2timent o\u00f9 elle habite, lorsqu\u2019elle a \u00e9t\u00e9 interpell\u00e9e par son fr\u00e8re qui lui a remis des baguettes de pain, en lui disant de les faire monter au domicile familial. En escaladant les escaliers, pour rejoindre son appartement, elle\u00a0 [&hellip;]<\/p>\n","protected":false},"author":1740,"featured_media":0,"comment_status":"closed","ping_status":"closed","sticky":false,"template":"","format":"standard","meta":{"fifu_image_url":"","fifu_image_alt":"","footnotes":""},"categories":[53,76],"tags":[],"class_list":["post-102418","post","type-post","status-publish","format-standard","hentry","category-algerie","category-regions"],"_links":{"self":[{"href":"https:\/\/linitiative.ca\/International\/wp-json\/wp\/v2\/posts\/102418","targetHints":{"allow":["GET"]}}],"collection":[{"href":"https:\/\/linitiative.ca\/International\/wp-json\/wp\/v2\/posts"}],"about":[{"href":"https:\/\/linitiative.ca\/International\/wp-json\/wp\/v2\/types\/post"}],"author":[{"embeddable":true,"href":"https:\/\/linitiative.ca\/International\/wp-json\/wp\/v2\/users\/1740"}],"replies":[{"embeddable":true,"href":"https:\/\/linitiative.ca\/International\/wp-json\/wp\/v2\/comments?post=102418"}],"version-history":[{"count":0,"href":"https:\/\/linitiative.ca\/International\/wp-json\/wp\/v2\/posts\/102418\/revisions"}],"wp:attachment":[{"href":"https:\/\/linitiative.ca\/International\/wp-json\/wp\/v2\/media?parent=102418"}],"wp:term":[{"taxonomy":"category","embeddable":true,"href":"https:\/\/linitiative.ca\/International\/wp-json\/wp\/v2\/categories?post=102418"},{"taxonomy":"post_tag","embeddable":true,"href":"https:\/\/linitiative.ca\/International\/wp-json\/wp\/v2\/tags?post=102418"}],"curies":[{"name":"wp","href":"https:\/\/api.w.org\/{rel}","templated":true}]}}