{"id":102420,"date":"2020-10-21T10:57:00","date_gmt":"2020-10-21T14:57:00","guid":{"rendered":"https:\/\/linitiative.ca\/International\/dr-mohamed-gueddiche-chef-decole-un-homme-dune-remarquable-bonte\/"},"modified":"2020-10-21T10:57:00","modified_gmt":"2020-10-21T14:57:00","slug":"dr-mohamed-gueddiche-chef-decole-un-homme-dune-remarquable-bonte","status":"publish","type":"post","link":"https:\/\/linitiative.ca\/International\/dr-mohamed-gueddiche-chef-decole-un-homme-dune-remarquable-bonte\/","title":{"rendered":"Dr Mohamed Gueddiche: Chef d\u2019\u00e9cole, un homme d\u2019une remarquable bont\u00e9"},"content":{"rendered":"<p class=\"c4\"><span class=\"c3\"><span class=\"c2\"><em><strong>Par Professeur Robert Ha\u00efat<\/strong><\/em><\/span><\/span><\/p>\n<p class=\"c4\"><strong>\u2018\u2019Lorsqu\u2019un vivant nous quitte, \u00e9mu, je le contemple ; car entrer dans la mort \u2026 \u2018\u2019<br \/><\/strong><\/p>\n<p class=\"c4\"><strong>Ce po\u00e8me de Victor Hugo, \u00e9crit en 1872 en l\u2019honneur de Th\u00e9ophile Gautier, est un hymne \u00e0 la disparition d\u2019un \u00eatre cher, une interrogation lancinante sur la finalit\u00e9 de la destin\u00e9e et le myst\u00e8re absolu d\u2019une vie parvenue \u00e0 son terme.<br \/>Mais il est aussi l\u2019expression d\u2019un profond respect.<br \/><\/strong><\/p>\n<p class=\"c4\"><strong>Et c\u2019est bien de respect qu\u2019il s\u2019agit quand on \u00e9voque le lumineux souvenir du Docteur Mohamed Gueddiche, quand on veut lui rendre hommage et \u00e9voquer la triple empreinte dont il a marqu\u00e9 la cardiologie tunisienne.<\/strong><\/p>\n<p><img decoding=\"async\" src=\"\/uploads\/FCK_files\/Mohamed-Gueddiche--Colonie-de-vacances-6.jpg\" width=\"30%\" vspace=\"5\" hspace=\"5\" align=\"left\" alt=\"\"\/>D&rsquo;abord, parce que le Docteur Mohamed Gueddiche \u00e9tait un chef d\u2019\u00e9cole. Ses \u00e9l\u00e8ves ont pris le relais, avec leurs coll\u00e8gues des g\u00e9n\u00e9rations suivantes, pour contribuer \u00e0 faire de la Soci\u00e9t\u00e9 tunisienne de cardiologie et chirurgie cardio-vasculaire ce qu\u2019elle est devenue aujourd\u2019hui. Au fil des ans, j\u2019ai assist\u00e9 \u00e0 son irr\u00e9sistible envol, \u00e0 son remarquable essor, \u00e0 ses constants progr\u00e8s cliniques et techniques, \u00e0 la juste place qu\u2019elle a su r\u00e9server \u00e0 nos cons\u0153urs cardiologues, \u00e0 sa position d\u00e9sormais affirm\u00e9e dans les congr\u00e8s internationaux de cardiologie.<\/p>\n<p>Ensuite, parce que Docteur Mohamed Gueddiche a cr\u00e9\u00e9 avec le Dr Mohamed Ghannem l\u2019Association franco-tunisienne de cardiologie. J\u2019ai eu l\u2019honneur de la pr\u00e9sider pendant plusieurs ann\u00e9es et je sais le r\u00f4le si important qu\u2019elle a jou\u00e9 et continue de jouer dans l\u2019\u00e9tablissement des liens amicaux unissant la cardiologie fran\u00e7aise et la cardiologie tunisienne. Tout cela semble tellement \u00e9vident aujourd\u2019hui qu\u2019on a du mal \u00e0 imaginer les nombreuses difficult\u00e9s qu\u2019il a fallu initialement aplanir et r\u00e9soudre. Entre bien d\u2019autres, j\u2019en \u00e9voquerai deux : il fallait veiller \u00e0 ce que l\u2019Association ne soit en aucune mani\u00e8re une sorte de soci\u00e9t\u00e9 savante officieuse que l\u2019on aurait pu suspecter de vouloir concurrencer les soci\u00e9t\u00e9s de cardiologie officielles, ce qui n\u2019\u00e9tait \u00e9videmment pas le cas. Il fut \u00e9galement d\u00e9cid\u00e9, en toute logique, que les r\u00e9unions scientifiques se tiendraient alternativement dans les deux pays concern\u00e9s. Mais au d\u00e9cours de la malencontreuse erreur d\u2019organisation de la r\u00e9union de Paris, le Docteur Mohamed Gueddiche d\u00e9cida de fixer d\u00e9finitivement les Journ\u00e9es de l\u2019Association en Tunisie ; et ce, pour le plus grand bonheur des centaines de participants qui, au cours des ann\u00e9es, assist\u00e8rent \u00e0 des sessions scientifiques d\u2019un tr\u00e8s haut niveau, occasion unique d\u2019\u00e9changer, d\u2019apprendre les uns des autres, de se rencontrer de fa\u00e7on informelle lors d\u2019amicales soir\u00e9es que la l\u00e9gendaire et chaleureuse hospitalit\u00e9 tunisienne sait rendre inimitables.<\/p>\n<p class=\"c5\"><img decoding=\"async\" src=\"\/uploads\/FCK_files\/Mohamed-Gueddiche---Facult\u00e9-de-sant\u00e9-de-Lyon.jpg\" width=\"100%\" vspace=\"5\" hspace=\"5\" align=\"middle\" alt=\"\"\/><\/p>\n<p>Enfin, parce que le Docteur Mohamed Gueddiche \u00e9tait un homme d\u2019une remarquable bont\u00e9 et gentillesse. Alors que sa haute fonction le pla\u00e7ait \u00e0 une tr\u00e8s grande proximit\u00e9 du pouvoir, il n\u2019\u00e9tait pas un homme de pouvoir et ne recherchait pas les honneurs. Constamment tourn\u00e9s vers les autres, sa position ne lui servait que pour aider, rendre service, r\u00e9soudre les probl\u00e8mes, r\u00e9pondre aux besoins croissants, notamment en \u00e9quipement m\u00e9dical, des d\u00e9partements de cardiologie. Avec sa simplicit\u00e9 naturelle, il aimait participer aux soir\u00e9es de gala de l\u2019Association. Affable, il \u00e9tait heureux de retrouver ses confr\u00e8res et de se d\u00e9tendre au milieu des chants et des danses folkloriques traditionnels. Tr\u00e8s rarement, il s\u2019autorisait \u00e0 chanter car il adorait chanter et chantait remarquablement ; et je n\u2019ai pas oubli\u00e9 qu\u2019un soir, m\u00eal\u00e9 aupublic, j\u2019ai eu le privil\u00e8ge d\u2019assister \u00e0 ce moment d\u2019exception.<\/p>\n<p>Cher Docteur Gueddiche, c\u2019est un t\u00e9moin de votre action qui rappelle et salue tout ce que la cardiologie tunisienne vous doit ; c\u2019est un ami, un enfant du pays qui pleure votre disparition, s\u2019associe au chagrin de votre famille et esp\u00e8re que vous avez enfin trouv\u00e9 la paix.<\/p>\n<p class=\"c6\"><strong>Professeur Robert Ha\u00efat<\/strong><br \/><span class=\"c3\"><em>Ancien Pr\u00e9sident de la Soci\u00e9t\u00e9 fran\u00e7aise de cardiologie<\/em><\/span><\/p>\n<p class=\"c7\"><strong>Lire aussi<\/strong><\/p>\n<p class=\"c7\"><a href=\"https:\/\/www.leaders.com.tn\/article\/30457-deces-du-professeur-mohamed-gueddiche-medecin-personnel-de-ben-ali\" target=\"_blank\" rel=\"noopener noreferrer\">D\u00e9c\u00e8s du professeur Mohamed Gueddiche, m\u00e9decin personnel de Ben Ali<\/a><\/p>\n<p>Auteur:<br \/>\n<a href=\"https:\/\/www.leaders.com.tn\/article\/30769-dr-mohamed-gueddiche-chef-d-ecole-un-homme-d-une-remarquable-bonte\">Cliquez ici pour lire l&rsquo;article depuis sa source.<\/a><\/p>\n","protected":false},"excerpt":{"rendered":"<p>Par Professeur Robert Ha\u00efat \u2018\u2019Lorsqu\u2019un vivant nous quitte, \u00e9mu, je le contemple ; car entrer dans la mort \u2026 \u2018\u2019 Ce po\u00e8me de Victor Hugo, \u00e9crit en 1872 en l\u2019honneur de Th\u00e9ophile Gautier, est un hymne \u00e0 la disparition d\u2019un \u00eatre cher, une interrogation lancinante sur la finalit\u00e9 de la destin\u00e9e et le myst\u00e8re absolu [&hellip;]<\/p>\n","protected":false},"author":1772,"featured_media":102421,"comment_status":"closed","ping_status":"closed","sticky":false,"template":"","format":"standard","meta":{"fifu_image_url":"","fifu_image_alt":"","footnotes":""},"categories":[73,55],"tags":[],"class_list":["post-102420","post","type-post","status-publish","format-standard","has-post-thumbnail","hentry","category-actualite","category-tunisie"],"_links":{"self":[{"href":"https:\/\/linitiative.ca\/International\/wp-json\/wp\/v2\/posts\/102420","targetHints":{"allow":["GET"]}}],"collection":[{"href":"https:\/\/linitiative.ca\/International\/wp-json\/wp\/v2\/posts"}],"about":[{"href":"https:\/\/linitiative.ca\/International\/wp-json\/wp\/v2\/types\/post"}],"author":[{"embeddable":true,"href":"https:\/\/linitiative.ca\/International\/wp-json\/wp\/v2\/users\/1772"}],"replies":[{"embeddable":true,"href":"https:\/\/linitiative.ca\/International\/wp-json\/wp\/v2\/comments?post=102420"}],"version-history":[{"count":0,"href":"https:\/\/linitiative.ca\/International\/wp-json\/wp\/v2\/posts\/102420\/revisions"}],"wp:featuredmedia":[{"embeddable":true,"href":"https:\/\/linitiative.ca\/International\/wp-json\/"}],"wp:attachment":[{"href":"https:\/\/linitiative.ca\/International\/wp-json\/wp\/v2\/media?parent=102420"}],"wp:term":[{"taxonomy":"category","embeddable":true,"href":"https:\/\/linitiative.ca\/International\/wp-json\/wp\/v2\/categories?post=102420"},{"taxonomy":"post_tag","embeddable":true,"href":"https:\/\/linitiative.ca\/International\/wp-json\/wp\/v2\/tags?post=102420"}],"curies":[{"name":"wp","href":"https:\/\/api.w.org\/{rel}","templated":true}]}}