{"id":102422,"date":"2020-10-21T12:24:00","date_gmt":"2020-10-21T16:24:00","guid":{"rendered":"https:\/\/linitiative.ca\/International\/dora-milad-premiere-femme-presidente-de-la-federation-tunisienne-de-lhotellerie\/"},"modified":"2020-10-21T12:24:00","modified_gmt":"2020-10-21T16:24:00","slug":"dora-milad-premiere-femme-presidente-de-la-federation-tunisienne-de-lhotellerie","status":"publish","type":"post","link":"https:\/\/linitiative.ca\/International\/dora-milad-premiere-femme-presidente-de-la-federation-tunisienne-de-lhotellerie\/","title":{"rendered":"Dora Milad, premi\u00e8re femme pr\u00e9sidente de la F\u00e9d\u00e9ration Tunisienne de l\u2019H\u00f4tellerie"},"content":{"rendered":"<p>Digne repr\u00e9sentante, elle aussi, de son p\u00e8re feu Aziz Milad, Dora Milad vient d\u2019\u00eatre port\u00e9e \u00e0 la t\u00eate de la f\u00e9d\u00e9ration tunisienne de l\u2019h\u00f4tellerie (FTH), pour un mandat de deux ans (2020 &#8211; 2022). En ces temps de crise, sa mission ainsi que celle de ses co-\u00e9quipiers membres du bureau ex\u00e9cutif, ne sera gu\u00e8re facile. Battante, dans les g\u00e8nes, il lui appartient d\u2019\u0153uvrer de toute son ardeur avec tous les h\u00f4teliers \u00e0 sauver un secteur en forte d\u00e9rive.<br \/>Le nouveau bureau ex\u00e9cutif de la<\/p>\n<p><a href=\"https:\/\/www.fth.com.tn\/\" target=\"_blank\" rel=\"noopener noreferrer\">FTH<\/a><\/p>\n<p>se compose comme suit :<\/p>\n<p class=\"c3\"><span class=\"c2\"><strong>\u2022<\/strong><\/span> Pr\u00e9sidente: <span class=\"c2\"><strong>Mme Dora Milad<\/strong><\/span><\/p>\n<p class=\"c3\"><span class=\"c2\"><strong>\u2022<\/strong><\/span> Secr\u00e9taire G\u00e9n\u00e9ral(e) : <span class=\"c2\"><strong>Mme Rim Belajouza Ben Fadhel<\/strong><\/span><\/p>\n<p class=\"c3\"><span class=\"c2\"><strong>\u2022<\/strong><\/span> Secr\u00e9taire G\u00e9n\u00e9ral adjoint : <span class=\"c2\"><strong>M. Tahar Zahar<\/strong><\/span><\/p>\n<p class=\"c3\"><span class=\"c2\"><strong>\u2022<\/strong><\/span> Tr\u00e9sorier : <span class=\"c2\"><strong>M. Khaled Fakhfakh<\/strong><\/span><\/p>\n<p class=\"c3\"><span class=\"c2\"><strong>\u2022<\/strong><\/span> Tr\u00e9sorier(e) adjointe : <span class=\"c2\"><strong>Mme Amina Sta<\/strong><\/span><\/p>\n<p class=\"c3\"><span class=\"c2\"><strong>\u2022<\/strong><\/span> Pr\u00e9sident de la Commission juridique et climat social : <span class=\"c2\"><strong>M. Slim Dimassi<\/strong><\/span><\/p>\n<p class=\"c3\"><span class=\"c2\"><strong>\u2022<\/strong><\/span> Pr\u00e9sident de la Commission \u00e9conomique et financi\u00e8re : <span class=\"c2\"><strong>M. Jalel Henchiri<\/strong><\/span><\/p>\n<p class=\"c3\"><span class=\"c2\"><strong>\u2022<\/strong><\/span> Pr\u00e9sident de la Commission Communication : <span class=\"c2\"><strong>M. Khaled Fakhfakh<\/strong><\/span><\/p>\n<p class=\"c3\"><span class=\"c2\"><strong>\u2022<\/strong><\/span> Pr\u00e9sident de la Commission Marketing et Promotion : <span class=\"c2\"><strong>M. Mohamed Ben Ezzedine<\/strong><\/span><\/p>\n<p class=\"c3\"><span class=\"c2\"><strong>\u2022<\/strong><\/span> Pr\u00e9sident de la Commission Environnement et D\u00e9veloppement Durable : <span class=\"c2\"><strong>M. Tarak Chaabouni<\/strong><\/span><\/p>\n<p>Bon vent!<\/p>\n<p>Auteur:<br \/>\n<a href=\"https:\/\/www.leaders.com.tn\/article\/30770-reunion-du-conseil-national-de-la-federation-tunisienne-de-l-hotellerie\">Cliquez ici pour lire l&rsquo;article depuis sa source.<\/a><\/p>\n","protected":false},"excerpt":{"rendered":"<p>Digne repr\u00e9sentante, elle aussi, de son p\u00e8re feu Aziz Milad, Dora Milad vient d\u2019\u00eatre port\u00e9e \u00e0 la t\u00eate de la f\u00e9d\u00e9ration tunisienne de l\u2019h\u00f4tellerie (FTH), pour un mandat de deux ans (2020 &#8211; 2022). En ces temps de crise, sa mission ainsi que celle de ses co-\u00e9quipiers membres du bureau ex\u00e9cutif, ne sera gu\u00e8re facile. [&hellip;]<\/p>\n","protected":false},"author":1772,"featured_media":0,"comment_status":"closed","ping_status":"closed","sticky":false,"template":"","format":"standard","meta":{"fifu_image_url":"","fifu_image_alt":"","footnotes":""},"categories":[73,55],"tags":[],"class_list":["post-102422","post","type-post","status-publish","format-standard","hentry","category-actualite","category-tunisie"],"_links":{"self":[{"href":"https:\/\/linitiative.ca\/International\/wp-json\/wp\/v2\/posts\/102422","targetHints":{"allow":["GET"]}}],"collection":[{"href":"https:\/\/linitiative.ca\/International\/wp-json\/wp\/v2\/posts"}],"about":[{"href":"https:\/\/linitiative.ca\/International\/wp-json\/wp\/v2\/types\/post"}],"author":[{"embeddable":true,"href":"https:\/\/linitiative.ca\/International\/wp-json\/wp\/v2\/users\/1772"}],"replies":[{"embeddable":true,"href":"https:\/\/linitiative.ca\/International\/wp-json\/wp\/v2\/comments?post=102422"}],"version-history":[{"count":0,"href":"https:\/\/linitiative.ca\/International\/wp-json\/wp\/v2\/posts\/102422\/revisions"}],"wp:attachment":[{"href":"https:\/\/linitiative.ca\/International\/wp-json\/wp\/v2\/media?parent=102422"}],"wp:term":[{"taxonomy":"category","embeddable":true,"href":"https:\/\/linitiative.ca\/International\/wp-json\/wp\/v2\/categories?post=102422"},{"taxonomy":"post_tag","embeddable":true,"href":"https:\/\/linitiative.ca\/International\/wp-json\/wp\/v2\/tags?post=102422"}],"curies":[{"name":"wp","href":"https:\/\/api.w.org\/{rel}","templated":true}]}}