{"id":102423,"date":"2020-10-21T12:43:00","date_gmt":"2020-10-21T16:43:00","guid":{"rendered":"https:\/\/linitiative.ca\/International\/huile-dolive-et-dattes-tunisiennes-plebiscitees-en-coree\/"},"modified":"2020-10-21T12:43:00","modified_gmt":"2020-10-21T16:43:00","slug":"huile-dolive-et-dattes-tunisiennes-plebiscitees-en-coree","status":"publish","type":"post","link":"https:\/\/linitiative.ca\/International\/huile-dolive-et-dattes-tunisiennes-plebiscitees-en-coree\/","title":{"rendered":"Huile d\u2019olive et dattes tunisiennes pl\u00e9biscit\u00e9es en Cor\u00e9e"},"content":{"rendered":"<p>Une premi\u00e8re cargaison de 23.324 litres d\u2019huile d\u2019olive vierge tunisienne est arriv\u00e9e cette semaine en Cor\u00e9e, augurant une s\u00e9rie de nouvelles commandes lanc\u00e9es par l\u2019importateur S.N.Food.<\/p>\n<p class=\"c2\"><img decoding=\"async\" src=\"\/uploads\/FCK_files\/122150529_2697713167113411_8436433459983177439_o.jpg\" width=\"100%\" vspace=\"5\" hspace=\"5\" align=\"middle\" alt=\"\"\/><\/p>\n<p>L\u2019ambassadeur de Tunisie \u00e0 S\u00e9oul, N\u00e9bih El Abed a tenu se rendre au port d\u2019Incheon, s\u2019assurer des bonnes conditions de r\u00e9ception de ce lot. La dynamique d\u2019acc\u00e8s des produits tunisiens sur le march\u00e9 cor\u00e9en a connu cette ann\u00e9e un nouvel \u00e9lan avec l\u2019exportation de 13 tonnes de dattes Deglet Nour, exp\u00e9di\u00e9es pour la premi\u00e8re fois par avion. Le succ\u00e8s remport\u00e9 par nos dattes aupr\u00e8s des consommateurs a incit\u00e9 S.N.Food \u00e0 importer un deuxi\u00e8me lot de 24 tonnes. L\u2019appui de l\u2019ambassade et du Cepex a \u00e9t\u00e9 particuli\u00e8rement utile aux op\u00e9rateurs tunisien et cor\u00e9en afin de renforcer leur partenariat commercial.<\/p>\n<p class=\"c2\"><img decoding=\"async\" src=\"\/uploads\/FCK_files\/122009466_2697712097113518_6676986593427912262_o.jpg\" width=\"100%\" vspace=\"5\" hspace=\"5\" align=\"middle\" alt=\"\"\/><\/p>\n<p>Auteur:<br \/>\n<a href=\"https:\/\/www.leaders.com.tn\/article\/30771-huile-d-olive-et-dattes-tunisiennes-plebiscitees-en-coree\">Cliquez ici pour lire l&rsquo;article depuis sa source.<\/a><\/p>\n","protected":false},"excerpt":{"rendered":"<p>Une premi\u00e8re cargaison de 23.324 litres d\u2019huile d\u2019olive vierge tunisienne est arriv\u00e9e cette semaine en Cor\u00e9e, augurant une s\u00e9rie de nouvelles commandes lanc\u00e9es par l\u2019importateur S.N.Food. L\u2019ambassadeur de Tunisie \u00e0 S\u00e9oul, N\u00e9bih El Abed a tenu se rendre au port d\u2019Incheon, s\u2019assurer des bonnes conditions de r\u00e9ception de ce lot. La dynamique d\u2019acc\u00e8s des produits [&hellip;]<\/p>\n","protected":false},"author":1772,"featured_media":102424,"comment_status":"closed","ping_status":"closed","sticky":false,"template":"","format":"standard","meta":{"fifu_image_url":"","fifu_image_alt":"","footnotes":""},"categories":[73,55],"tags":[],"class_list":["post-102423","post","type-post","status-publish","format-standard","has-post-thumbnail","hentry","category-actualite","category-tunisie"],"_links":{"self":[{"href":"https:\/\/linitiative.ca\/International\/wp-json\/wp\/v2\/posts\/102423","targetHints":{"allow":["GET"]}}],"collection":[{"href":"https:\/\/linitiative.ca\/International\/wp-json\/wp\/v2\/posts"}],"about":[{"href":"https:\/\/linitiative.ca\/International\/wp-json\/wp\/v2\/types\/post"}],"author":[{"embeddable":true,"href":"https:\/\/linitiative.ca\/International\/wp-json\/wp\/v2\/users\/1772"}],"replies":[{"embeddable":true,"href":"https:\/\/linitiative.ca\/International\/wp-json\/wp\/v2\/comments?post=102423"}],"version-history":[{"count":0,"href":"https:\/\/linitiative.ca\/International\/wp-json\/wp\/v2\/posts\/102423\/revisions"}],"wp:featuredmedia":[{"embeddable":true,"href":"https:\/\/linitiative.ca\/International\/wp-json\/"}],"wp:attachment":[{"href":"https:\/\/linitiative.ca\/International\/wp-json\/wp\/v2\/media?parent=102423"}],"wp:term":[{"taxonomy":"category","embeddable":true,"href":"https:\/\/linitiative.ca\/International\/wp-json\/wp\/v2\/categories?post=102423"},{"taxonomy":"post_tag","embeddable":true,"href":"https:\/\/linitiative.ca\/International\/wp-json\/wp\/v2\/tags?post=102423"}],"curies":[{"name":"wp","href":"https:\/\/api.w.org\/{rel}","templated":true}]}}