{"id":102430,"date":"2020-10-21T06:00:00","date_gmt":"2020-10-21T10:00:00","guid":{"rendered":"https:\/\/linitiative.ca\/International\/au-nom-de-la-patrie-et-de-son-emancipation\/"},"modified":"2020-10-21T06:00:00","modified_gmt":"2020-10-21T10:00:00","slug":"au-nom-de-la-patrie-et-de-son-emancipation","status":"publish","type":"post","link":"https:\/\/linitiative.ca\/International\/au-nom-de-la-patrie-et-de-son-emancipation\/","title":{"rendered":"Au nom de la patrie et de son \u00e9mancipation !"},"content":{"rendered":"<p class=\"c4\">Il y a quelques jours, j\u2019ai re\u00e7u un courrier qui me reprochait de ne pas prendre position quand il devient important de d\u00e9fendre la pens\u00e9e positive et les \u00abconstantes nationales\u00bb. Celles-l\u00e0 m\u00eames qui ont inspir\u00e9 le d\u00e9clenchement de la guerre de lib\u00e9ration. Un courrier que je ne partagerai pas avec vous, ami(e)s lectrices et lecteurs, parce qu\u2019il est le produit d\u2019un courant qui pense davantage accentuer l\u2019intimidation et gagner par le reproche, lorsqu\u2019il \u00e9voque la patrie et ce qui t\u00e9moignerait de son \u00e9mancipation. Mais, aussi, parce qu\u2019il n\u2019a jamais \u00e9t\u00e9 question de servir d\u2019espace publicitaire aux s\u00e9v\u00e8res r\u00e9flexions. Le langage propre \u00e0 une pens\u00e9e \u00e9triqu\u00e9e et tellement sectaire qu\u2019elle en devient \u00e9c\u0153urante. J\u2019ai \u00e9voqu\u00e9, hier, quelques-uns de nos journalistes et auteurs de grand talent auxquels on d\u00e9nie le droit de penser autrement, d\u2019enjamber la ligne rouge d\u00e9finie comme inviolable par ceux-l\u00e0 m\u00eames qui n\u2019ont jamais su ou eu le courage de courir un quelconque risque de se voir contredire. Il m\u2019arrive aussi souvent de penser \u00e0 ceux de nos artistes qui s\u2019exilent pour que leur soit, enfin, reconnu le droit de laisser courir librement une vocation brim\u00e9e par la culture du vide qui s\u00e9vit chez eux. Il est hors de question que cette chronique rejoigne la meute qui, \u00e0 chaque cr\u00e9ation, \u00e9trang\u00e8re au go\u00fbt de penseurs suffisants, se pense habilit\u00e9e \u00e0 intervenir, s\u2019autorise \u00e0 condamner et pr\u00eache all\u00e8grement pour une chapelle qui nivelle par le bas et veille \u00e0 ce que le grain n\u2019aille pas au soleil. Pas question d\u2019approcher ces faiseurs de bien qui ne disparaissent des \u00e9crans que pour mieux convoquer la critique n\u00e9gative dans laquelle on les sait exceller.\u00a0<br \/>La charmante personne qui m\u2019a gratifi\u00e9e de ce torchon m\u2019aura offert, et je l\u2019en remercie, l\u2019occasion de revenir sur les tentatives internes qui s\u2019en prennent \u00e0 chaque comp\u00e9tence qui s\u2019exporte sans la moindre difficult\u00e9. Le lecteur en question m\u2019a remis en m\u00e9moire les m\u00e9rites du c\u00e9l\u00e8bre Boudjedra, disparu, cependant, de la sc\u00e8ne publique. \u00c0 moins que le traumatisme subi sur le plateau d\u2019une cha\u00eene t\u00e9l\u00e9, sp\u00e9cialis\u00e9e dans les coups tordus, ne l\u2019ait d\u00e9cid\u00e9 \u00e0 faire v\u0153u de silence ?\u00a0 \u00a0<br \/><em><strong>M. B.\u00a0\u00a0<\/strong><\/em><\/p>\n<p>Auteur:<br \/>\n<a href=\"https:\/\/www.lesoirdalgerie.com\/soit-dit-en-passant\/au-nom-de-la-patrie-et-de-son-emancipation-50037\">Cliquez ici pour lire l&rsquo;article depuis sa source.<\/a><\/p>\n","protected":false},"excerpt":{"rendered":"<p>Il y a quelques jours, j\u2019ai re\u00e7u un courrier qui me reprochait de ne pas prendre position quand il devient important de d\u00e9fendre la pens\u00e9e positive et les \u00abconstantes nationales\u00bb. Celles-l\u00e0 m\u00eames qui ont inspir\u00e9 le d\u00e9clenchement de la guerre de lib\u00e9ration. Un courrier que je ne partagerai pas avec vous, ami(e)s lectrices et lecteurs, [&hellip;]<\/p>\n","protected":false},"author":1741,"featured_media":0,"comment_status":"closed","ping_status":"closed","sticky":false,"template":"","format":"standard","meta":{"fifu_image_url":"","fifu_image_alt":"","footnotes":""},"categories":[73,53],"tags":[],"class_list":["post-102430","post","type-post","status-publish","format-standard","hentry","category-actualite","category-algerie"],"_links":{"self":[{"href":"https:\/\/linitiative.ca\/International\/wp-json\/wp\/v2\/posts\/102430","targetHints":{"allow":["GET"]}}],"collection":[{"href":"https:\/\/linitiative.ca\/International\/wp-json\/wp\/v2\/posts"}],"about":[{"href":"https:\/\/linitiative.ca\/International\/wp-json\/wp\/v2\/types\/post"}],"author":[{"embeddable":true,"href":"https:\/\/linitiative.ca\/International\/wp-json\/wp\/v2\/users\/1741"}],"replies":[{"embeddable":true,"href":"https:\/\/linitiative.ca\/International\/wp-json\/wp\/v2\/comments?post=102430"}],"version-history":[{"count":0,"href":"https:\/\/linitiative.ca\/International\/wp-json\/wp\/v2\/posts\/102430\/revisions"}],"wp:attachment":[{"href":"https:\/\/linitiative.ca\/International\/wp-json\/wp\/v2\/media?parent=102430"}],"wp:term":[{"taxonomy":"category","embeddable":true,"href":"https:\/\/linitiative.ca\/International\/wp-json\/wp\/v2\/categories?post=102430"},{"taxonomy":"post_tag","embeddable":true,"href":"https:\/\/linitiative.ca\/International\/wp-json\/wp\/v2\/tags?post=102430"}],"curies":[{"name":"wp","href":"https:\/\/api.w.org\/{rel}","templated":true}]}}