{"id":102453,"date":"2020-10-22T11:07:24","date_gmt":"2020-10-22T15:07:24","guid":{"rendered":"https:\/\/linitiative.ca\/International\/ouled-frej-une-beuverie-qui-se-termine-dans-le-sang\/"},"modified":"2020-10-22T11:07:24","modified_gmt":"2020-10-22T15:07:24","slug":"ouled-frej-une-beuverie-qui-se-termine-dans-le-sang","status":"publish","type":"post","link":"https:\/\/linitiative.ca\/International\/ouled-frej-une-beuverie-qui-se-termine-dans-le-sang\/","title":{"rendered":"Ouled Frej : Une beuverie qui  se termine dans le sang"},"content":{"rendered":"<header>\n<\/header>\n<div class=\"entry-content clearfix\" readability=\"56\"><img decoding=\"async\" class=\"post_layout_5_img\" src=\"http:\/\/aujourdhui.ma\/wp-content\/uploads\/2019\/09\/crime-mort.jpg\" alt=\"Ouled Frej : Une beuverie qui se termine dans le sang\"\/><\/p>\n<p><span class=\"c5\"><strong>Nous sommes \u00e0 Ouled Frej, \u00e0 une quarantaine de kilom\u00e8tres de la ville d\u2019El Jadida.<\/strong><\/span><span id=\"more-358580\"\/><\/p>\n<p>Au cimeti\u00e8re situ\u00e9 non loin du mausol\u00e9e Sidi Messaoud Ben Hsayen, le cadavre d\u2019un jeune homme, la vingtaine, a \u00e9t\u00e9 d\u00e9couvert, samedi matin, 17 octobre. Les \u00e9l\u00e9ments de la gendarmerie royale d\u2019Ouled Frej se sont d\u00e9p\u00each\u00e9s sur la sc\u00e8ne du crime d\u00e8s qu\u2019ils ont \u00e9t\u00e9 alert\u00e9s par l\u2019une des personnes qui ont d\u00e9couvert le cadavre, gisant dans une mare de sang, entre les tombeaux. Les enqu\u00eateurs de la gendarmerie royale d\u2019Ouled Frej, \u00e9paul\u00e9s par leurs coll\u00e8gues de la brigade de l\u2019identification judiciaire relevant du commandement r\u00e9gional d\u2019El Jadida, ont remarqu\u00e9 que le cadavre portait une grave blessure \u00e0 la t\u00eate. Les t\u00e9moins qui ont reconnu la victime qui n\u2019\u00e9tait autre qu\u2019un jeune de la r\u00e9gion, \u00e2g\u00e9 de vingt-cinq ans, ont affirm\u00e9 aux limiers qu\u2019il \u00e9tait en compagnie de son ami. Les t\u00e9moins ont pr\u00e9cis\u00e9 aux enqu\u00eateurs qu\u2019ils les ont remarqu\u00e9s en train d\u2019escalader le cimeti\u00e8re pour y rentrer. Tous deux s\u2019enivraient. Qui \u00e9tait le jeune homme en compagnie du d\u00e9funt ? Selon les t\u00e9moins, il s\u2019agit du fils d\u2019un agent d\u2019autorit\u00e9, un Moqadem de la r\u00e9gion. Aussit\u00f4t, une descente a \u00e9t\u00e9 effectu\u00e9e sur son domicile pour qu\u2019il soit arr\u00eat\u00e9. Soumis aux interrogatoires, le jeune homme a avou\u00e9 avoir tu\u00e9 son ami avec lequel il se so\u00fblait au cimeti\u00e8re. Il a pr\u00e9cis\u00e9 que, sous l\u2019effet de l\u2019alcool, la victime a commenc\u00e9 \u00e0 le provoquer en insultant ses s\u0153urs tout en les qualifiant de prostitu\u00e9es. Le mis en cause a affirm\u00e9 avoir perdu tout contr\u00f4le de ses nerfs. Saisissant une pierre, il a attendu qu\u2019il lui tourne le dos pour lui ass\u00e9ner un seul coup avant de prendre la poudre d\u2019escampette.<\/p>\n<\/div>\n<p>Auteur: Abderrafii ALOUMLIKI<br \/>\n<a href=\"https:\/\/aujourdhui.ma\/faits-divers\/ouled-frej-une-beuverie-qui-se-termine-dans-le-sang\">Cliquez ici pour lire l&rsquo;article depuis sa source.<\/a><\/p>\n","protected":false},"excerpt":{"rendered":"<p>Nous sommes \u00e0 Ouled Frej, \u00e0 une quarantaine de kilom\u00e8tres de la ville d\u2019El Jadida. Au cimeti\u00e8re situ\u00e9 non loin du mausol\u00e9e Sidi Messaoud Ben Hsayen, le cadavre d\u2019un jeune homme, la vingtaine, a \u00e9t\u00e9 d\u00e9couvert, samedi matin, 17 octobre. Les \u00e9l\u00e9ments de la gendarmerie royale d\u2019Ouled Frej se sont d\u00e9p\u00each\u00e9s sur la sc\u00e8ne du [&hellip;]<\/p>\n","protected":false},"author":1759,"featured_media":102454,"comment_status":"closed","ping_status":"closed","sticky":false,"template":"","format":"standard","meta":{"fifu_image_url":"","fifu_image_alt":"","footnotes":""},"categories":[73,54],"tags":[],"class_list":["post-102453","post","type-post","status-publish","format-standard","has-post-thumbnail","hentry","category-actualite","category-maroc"],"_links":{"self":[{"href":"https:\/\/linitiative.ca\/International\/wp-json\/wp\/v2\/posts\/102453","targetHints":{"allow":["GET"]}}],"collection":[{"href":"https:\/\/linitiative.ca\/International\/wp-json\/wp\/v2\/posts"}],"about":[{"href":"https:\/\/linitiative.ca\/International\/wp-json\/wp\/v2\/types\/post"}],"author":[{"embeddable":true,"href":"https:\/\/linitiative.ca\/International\/wp-json\/wp\/v2\/users\/1759"}],"replies":[{"embeddable":true,"href":"https:\/\/linitiative.ca\/International\/wp-json\/wp\/v2\/comments?post=102453"}],"version-history":[{"count":0,"href":"https:\/\/linitiative.ca\/International\/wp-json\/wp\/v2\/posts\/102453\/revisions"}],"wp:featuredmedia":[{"embeddable":true,"href":"https:\/\/linitiative.ca\/International\/wp-json\/"}],"wp:attachment":[{"href":"https:\/\/linitiative.ca\/International\/wp-json\/wp\/v2\/media?parent=102453"}],"wp:term":[{"taxonomy":"category","embeddable":true,"href":"https:\/\/linitiative.ca\/International\/wp-json\/wp\/v2\/categories?post=102453"},{"taxonomy":"post_tag","embeddable":true,"href":"https:\/\/linitiative.ca\/International\/wp-json\/wp\/v2\/tags?post=102453"}],"curies":[{"name":"wp","href":"https:\/\/api.w.org\/{rel}","templated":true}]}}