{"id":102457,"date":"2020-10-22T11:08:38","date_gmt":"2020-10-22T15:08:38","guid":{"rendered":"https:\/\/linitiative.ca\/International\/le-real-madrid-de-pire-en-pire-avant-le-clasico\/"},"modified":"2020-10-22T11:08:38","modified_gmt":"2020-10-22T15:08:38","slug":"le-real-madrid-de-pire-en-pire-avant-le-clasico","status":"publish","type":"post","link":"https:\/\/linitiative.ca\/International\/le-real-madrid-de-pire-en-pire-avant-le-clasico\/","title":{"rendered":"Le Real Madrid de pire en pire avant  le clasico"},"content":{"rendered":"<header>\n<div class=\"entry-post-meta\">\n<div class=\"author-link\">Publi\u00e9 par <a itemprop=\"author\" itemscope=\"\" itemtype=\"https:\/\/schema.org\/Person\" href=\"https:\/\/aujourdhui.ma\/author\/blio\" rel=\"author\"><span itemprop=\"name\">ALM<\/span><\/a><\/div>\n<p>Date\u00a0:<time content=\"2020-10-22T16:08:38+01:00\" class=\"entry-date updated\" datetime=\"2020-10-22T16:08:38+01:00\">octobre 22, 2020<\/time><\/p>\n<div class=\"entry-cat\">dans:<a href=\"https:\/\/aujourdhui.ma\/category\/sports\" rel=\"category tag\">Sports<\/a><\/div>\n<p>9Vues<\/p>\n<\/div>\n<\/header>\n<div class=\"entry-content clearfix\" readability=\"44\"><img decoding=\"async\" class=\"post_layout_5_img\" src=\"http:\/\/aujourdhui.ma\/wp-content\/uploads\/2019\/12\/Le-Bar\u00e7a-et-le-Real-madrid-Clasico.jpg\" alt=\"Le Real Madrid de pire en pire avant le clasico\"\/><\/p>\n<p><strong>Attaque muette, d\u00e9fense d\u00e9boussol\u00e9e, et aucune r\u00e9action face au Shakhtar Donetsk, vainqueur \u00e0 Madrid mercredi (3-2)\u2026<\/strong><span id=\"more-358623\"\/><\/p>\n<p>Qu\u2019arrive-t-il au Real ? Apr\u00e8s deux revers cons\u00e9cutifs, l\u2019\u00e9quipe de Zin\u00e9dine Zidane appara\u00eet d\u00e9j\u00e0 sous pression \u00e0 trois jours du clasico \u00e0 Barcelone samedi (14h00 GMT). L\u2019alarme incendie est pr\u00eate \u00e0 retentir. Apr\u00e8s une seconde d\u00e9faite en cinq jours et \u00e0 l\u2019approche de ce premier clasico de la saison, d\u00e9j\u00e0 crucial en Liga, Zin\u00e9dine Zidane et le Real traversent une tr\u00e8s mauvaise passe.<\/p>\n<\/div>\n<p>Auteur: ALM<br \/>\n<a href=\"https:\/\/aujourdhui.ma\/sports\/le-real-madrid-de-pire-en-pire-avant-le-clasico\">Cliquez ici pour lire l&rsquo;article depuis sa source.<\/a><\/p>\n","protected":false},"excerpt":{"rendered":"<p>Publi\u00e9 par ALM Date\u00a0:octobre 22, 2020 dans:Sports 9Vues Attaque muette, d\u00e9fense d\u00e9boussol\u00e9e, et aucune r\u00e9action face au Shakhtar Donetsk, vainqueur \u00e0 Madrid mercredi (3-2)\u2026 Qu\u2019arrive-t-il au Real ? Apr\u00e8s deux revers cons\u00e9cutifs, l\u2019\u00e9quipe de Zin\u00e9dine Zidane appara\u00eet d\u00e9j\u00e0 sous pression \u00e0 trois jours du clasico \u00e0 Barcelone samedi (14h00 GMT). L\u2019alarme incendie est pr\u00eate \u00e0 [&hellip;]<\/p>\n","protected":false},"author":1759,"featured_media":102458,"comment_status":"closed","ping_status":"closed","sticky":false,"template":"","format":"standard","meta":{"fifu_image_url":"","fifu_image_alt":"","footnotes":""},"categories":[73,54],"tags":[],"class_list":["post-102457","post","type-post","status-publish","format-standard","has-post-thumbnail","hentry","category-actualite","category-maroc"],"_links":{"self":[{"href":"https:\/\/linitiative.ca\/International\/wp-json\/wp\/v2\/posts\/102457","targetHints":{"allow":["GET"]}}],"collection":[{"href":"https:\/\/linitiative.ca\/International\/wp-json\/wp\/v2\/posts"}],"about":[{"href":"https:\/\/linitiative.ca\/International\/wp-json\/wp\/v2\/types\/post"}],"author":[{"embeddable":true,"href":"https:\/\/linitiative.ca\/International\/wp-json\/wp\/v2\/users\/1759"}],"replies":[{"embeddable":true,"href":"https:\/\/linitiative.ca\/International\/wp-json\/wp\/v2\/comments?post=102457"}],"version-history":[{"count":0,"href":"https:\/\/linitiative.ca\/International\/wp-json\/wp\/v2\/posts\/102457\/revisions"}],"wp:featuredmedia":[{"embeddable":true,"href":"https:\/\/linitiative.ca\/International\/wp-json\/"}],"wp:attachment":[{"href":"https:\/\/linitiative.ca\/International\/wp-json\/wp\/v2\/media?parent=102457"}],"wp:term":[{"taxonomy":"category","embeddable":true,"href":"https:\/\/linitiative.ca\/International\/wp-json\/wp\/v2\/categories?post=102457"},{"taxonomy":"post_tag","embeddable":true,"href":"https:\/\/linitiative.ca\/International\/wp-json\/wp\/v2\/tags?post=102457"}],"curies":[{"name":"wp","href":"https:\/\/api.w.org\/{rel}","templated":true}]}}