{"id":102459,"date":"2020-10-22T11:11:04","date_gmt":"2020-10-22T15:11:04","guid":{"rendered":"https:\/\/linitiative.ca\/International\/novak-djokovic-ne-disputera-pas-le-masters-de-paris\/"},"modified":"2020-10-22T11:11:04","modified_gmt":"2020-10-22T15:11:04","slug":"novak-djokovic-ne-disputera-pas-le-masters-de-paris","status":"publish","type":"post","link":"https:\/\/linitiative.ca\/International\/novak-djokovic-ne-disputera-pas-le-masters-de-paris\/","title":{"rendered":"Novak Djokovic ne disputera pas le Masters de Paris"},"content":{"rendered":"<header>\n<div class=\"entry-post-meta\">\n<div class=\"author-link\">Publi\u00e9 par <a itemprop=\"author\" itemscope=\"\" itemtype=\"https:\/\/schema.org\/Person\" href=\"https:\/\/aujourdhui.ma\/author\/blio\" rel=\"author\"><span itemprop=\"name\">ALM<\/span><\/a><\/div>\n<p>Date\u00a0:<time content=\"2020-10-22T16:11:04+01:00\" class=\"entry-date updated\" datetime=\"2020-10-22T16:11:04+01:00\">octobre 22, 2020<\/time><\/p>\n<div class=\"entry-cat\">dans:<a href=\"https:\/\/aujourdhui.ma\/category\/sports\" rel=\"category tag\">Sports<\/a><\/div>\n<p>14Vues<\/p>\n<\/div>\n<\/header>\n<div class=\"entry-content clearfix\" readability=\"47\"><img decoding=\"async\" class=\"post_layout_5_img\" src=\"http:\/\/aujourdhui.ma\/wp-content\/uploads\/2020\/10\/Novak-Djokovic-acknowledges-Roland-Garros-crowd.jpg\" alt=\"Novak Djokovic ne disputera pas le Masters de Paris\"\/><\/p>\n<p><strong>Le N.1 mondial Novak Djokovic ne jouera pas le Masters 1000 de Paris, pr\u00e9vu du 2 au 8 novembre, le tournoi dont il est quintuple laur\u00e9at et vainqueur sortant, rapporte mercredi le journal serbe \u00abSportski Zurnal\u00bb.<\/strong><span id=\"more-358626\"\/><\/p>\n<p>\u00abJe ne vais pas jouer le Masters de Paris parce que je ne peux pas y remporter de nouveaux points. J\u2019irai \u00e0 Vienne (26 octobre-1er novembre, NDLR) et \u00e0 Londres\u00bb pour le Masters, qui r\u00e9unit en novembre les huit meilleurs joueurs de la saison, a d\u00e9clar\u00e9 le Serbe en marge d\u2019un entra\u00eenement \u00e0 Belgrade.<br \/>Djokovic ne perdra pas de points en faisant l\u2019impasse sur Paris, car l\u2019ATP a modifi\u00e9 son syst\u00e8me de classement en raison de l\u2019interruption de la saison due \u00e0 la pand\u00e9mie de Covid-19, en allongeant la p\u00e9riode de r\u00e9f\u00e9rence de 12 \u00e0 22 mois.<\/p>\n<\/div>\n<p>Auteur: ALM<br \/>\n<a href=\"https:\/\/aujourdhui.ma\/sports\/novak-djokovic-ne-disputera-pas-le-masters-de-paris\">Cliquez ici pour lire l&rsquo;article depuis sa source.<\/a><\/p>\n","protected":false},"excerpt":{"rendered":"<p>Publi\u00e9 par ALM Date\u00a0:octobre 22, 2020 dans:Sports 14Vues Le N.1 mondial Novak Djokovic ne jouera pas le Masters 1000 de Paris, pr\u00e9vu du 2 au 8 novembre, le tournoi dont il est quintuple laur\u00e9at et vainqueur sortant, rapporte mercredi le journal serbe \u00abSportski Zurnal\u00bb. \u00abJe ne vais pas jouer le Masters de Paris parce que [&hellip;]<\/p>\n","protected":false},"author":1759,"featured_media":102460,"comment_status":"closed","ping_status":"closed","sticky":false,"template":"","format":"standard","meta":{"fifu_image_url":"","fifu_image_alt":"","footnotes":""},"categories":[73,54],"tags":[],"class_list":["post-102459","post","type-post","status-publish","format-standard","has-post-thumbnail","hentry","category-actualite","category-maroc"],"_links":{"self":[{"href":"https:\/\/linitiative.ca\/International\/wp-json\/wp\/v2\/posts\/102459","targetHints":{"allow":["GET"]}}],"collection":[{"href":"https:\/\/linitiative.ca\/International\/wp-json\/wp\/v2\/posts"}],"about":[{"href":"https:\/\/linitiative.ca\/International\/wp-json\/wp\/v2\/types\/post"}],"author":[{"embeddable":true,"href":"https:\/\/linitiative.ca\/International\/wp-json\/wp\/v2\/users\/1759"}],"replies":[{"embeddable":true,"href":"https:\/\/linitiative.ca\/International\/wp-json\/wp\/v2\/comments?post=102459"}],"version-history":[{"count":0,"href":"https:\/\/linitiative.ca\/International\/wp-json\/wp\/v2\/posts\/102459\/revisions"}],"wp:featuredmedia":[{"embeddable":true,"href":"https:\/\/linitiative.ca\/International\/wp-json\/"}],"wp:attachment":[{"href":"https:\/\/linitiative.ca\/International\/wp-json\/wp\/v2\/media?parent=102459"}],"wp:term":[{"taxonomy":"category","embeddable":true,"href":"https:\/\/linitiative.ca\/International\/wp-json\/wp\/v2\/categories?post=102459"},{"taxonomy":"post_tag","embeddable":true,"href":"https:\/\/linitiative.ca\/International\/wp-json\/wp\/v2\/tags?post=102459"}],"curies":[{"name":"wp","href":"https:\/\/api.w.org\/{rel}","templated":true}]}}