{"id":102471,"date":"2020-10-22T09:57:39","date_gmt":"2020-10-22T13:57:39","guid":{"rendered":"https:\/\/linitiative.ca\/International\/signature-de-deux-accords-pour-soutenir-des-reformes-prioritaires-en-tunisie-et-securiser-lapprovisionnement-en-eau-potable-du-grand-tunis\/"},"modified":"2020-10-22T09:57:39","modified_gmt":"2020-10-22T13:57:39","slug":"signature-de-deux-accords-pour-soutenir-des-reformes-prioritaires-en-tunisie-et-securiser-lapprovisionnement-en-eau-potable-du-grand-tunis","status":"publish","type":"post","link":"https:\/\/linitiative.ca\/International\/signature-de-deux-accords-pour-soutenir-des-reformes-prioritaires-en-tunisie-et-securiser-lapprovisionnement-en-eau-potable-du-grand-tunis\/","title":{"rendered":"SIGNATURE DE DEUX ACCORDS POUR SOUTENIR DES REFORMES PRIORITAIRES EN TUNISIE ET SECURISER L\u2019APPROVISIONNEMENT EN EAU POTABLE DU GRAND TUNIS"},"content":{"rendered":"<p class=\"c1\">L\u2019Agence Fran\u00e7aise de D\u00e9veloppement (AFD) annonce la signature de deux accords de financement ce jeudi 22 octobre, par Monsieur Jean-Yves Le Drian, ministre de l\u2019Europe et des Affaires Etrang\u00e8res, \u00e0 l\u2019occasion de son d\u00e9placement \u00e0 Tunis.<\/p>\n<p class=\"c1\"><strong><em>350 millions d\u2019euros pour appuyer les r\u00e9formes \u00e9conomiques, promouvoir une croissance cr\u00e9atrice d\u2019emplois et am\u00e9liorer les conditions de vie des Tunisiens<\/em><\/strong><\/p>\n<p class=\"c1\"><strong>L\u2019accord-cadre de financement de 350 M\u20ac (plus d\u2019un milliard de dinars) appuiera l\u2019engagement des r\u00e9formes prioritaires de la Tunisie durant la p\u00e9riode 2020-2022<\/strong>. Une premi\u00e8re tranche de cr\u00e9dit de 150M\u20ac de cet accord-cadre triennal a \u00e9t\u00e9 sign\u00e9e ce jour pour favoriser la r\u00e9silience de l\u2019\u00e9conomie tunisienne, dont 100 M\u20ac seront disponibles d\u00e8s cette ann\u00e9e. Les tranches pour 2021 et 2022 seront \u00e0 confirmer en fonction, notamment, de l\u2019avancement des r\u00e9formes.<\/p>\n<p class=\"c1\">Ces financements ambitieux s\u2019inscrivent<strong>\u00a0dans la continuit\u00e9 des engagements pris par le Pr\u00e9sident de la R\u00e9publique fran\u00e7aise, M. Emmanuel Macron, avec son homologue tunisien, M. Ka\u00efs Sa\u00efed, lors de sa visite \u00e0 Paris en juin 2020.<\/strong><\/p>\n<p class=\"c1\">Cet accord s\u2019inscrit dans un programme d\u2019appui aux r\u00e9formes de l\u2019Etat tunisien et b\u00e9n\u00e9ficie de l\u2019<strong>appui exceptionnel de plusieurs autres bailleurs internationaux<\/strong>\u00a0: la\u00a0<strong>Banque mondiale<\/strong>, l\u2019Agence Japonaise de Coop\u00e9ration Internationale (<strong>JICA<\/strong>), la banque publique d\u2019investissement allemande (<strong>KfW<\/strong>) qui viennent d\u2019effectuer une mission conjointe de suivi en \u00e9troite coordination avec la Banque Africaine de D\u00e9veloppement (<strong>BAD<\/strong>), le Fonds mon\u00e9taire international (<strong>FMI<\/strong>) et l\u2019Union Europ\u00e9enne (<strong>UE<\/strong>).<\/p>\n<p class=\"c1\"><strong>Ce soutien multilat\u00e9ral vise \u00e0 accompagner le programme de r\u00e9formes socio-\u00e9conomiques de la Tunisie<\/strong>\u00a0pour promouvoir une croissance durable et cr\u00e9atrice d\u2019emplois, et \u00e0 am\u00e9liorer les conditions de vie de la population tunisienne.<\/p>\n<p class=\"c1\">A travers ce soutien budg\u00e9taire, l\u2019AFD poursuit notamment sa contribution au\u00a0<strong>renforcement de la gouvernance des entreprises publiques<\/strong>\u00a0et de leur performance, \u00e0 la mise en place d\u2019un\u00a0<strong>syst\u00e8me de protection sociale plus efficace et \u00e9quitable<\/strong>,\u00a0\u00e0\u00a0<strong>l\u2019am\u00e9lioration de l\u2019offre de services financiers<\/strong>\u00a0adapt\u00e9s et diversifi\u00e9s dont le d\u00e9ploiement des services financiers num\u00e9riques et \u00e0 la\u00a0<strong>restructuration du secteur du transport urbain<\/strong>. Ce pr\u00eat d\u2019appui aux politiques publiques est accompagn\u00e9 d\u2019une subvention de 1 million d\u2019euros pour un appui technique \u00e0 la mise en \u0153uvre des r\u00e9formes cibl\u00e9es.<\/p>\n<p class=\"c1\">Selon M. Yazid Safir, directeur de l\u2019AFD en Tunisie<strong><em>\u00a0:\u00a0<\/em><\/strong><em>\u00ab\u00a0Nous soutenons toutes les r\u00e9formes prioritaires pour la Tunisie pour\u00a0<strong>renforcer l\u2019efficacit\u00e9 de l\u2019action publique<\/strong>, pour\u00a0<strong>r\u00e9duire les in\u00e9galit\u00e9s<\/strong>\u00a0et am\u00e9liorer les conditions de vie de la population. L\u2019appui conjoint des partenaires techniques et financiers de la Tunisie est exceptionnel, et devrait permettre d\u2019acc\u00e9l\u00e9rer la mise en \u0153uvre des r\u00e9formes indispensables et prioris\u00e9es par les autorit\u00e9s\u00bb.<\/em><\/p>\n<p class=\"c1\"><strong><em>38 millions d\u2019euros pour s\u00e9curiser l\u2019approvisionnement en eau potable du Grand Tunis jusqu\u2019en 2040 \u2013 co-financ\u00e9s avec la Banque europ\u00e9enne d\u2019investissement (BEI)<\/em><\/strong><\/p>\n<p class=\"c1\"><strong>L\u2019Agence fran\u00e7aise de d\u00e9veloppement (AFD) a \u00e9galement sign\u00e9, avec la R\u00e9publique tunisienne et la Soci\u00e9t\u00e9 Nationale d\u2019Exploitation et de Distribution des Eaux (SONEDE), un financement d\u2019un montant total de 38 millions d\u2019euros pour s\u00e9curiser l\u2019approvisionnement en eau potable du Grand Tunis<\/strong>.<\/p>\n<p class=\"c1\"><strong>Ce projet, co-financ\u00e9 par la Banque europ\u00e9enne d\u2019investissement (BEI), permettra concr\u00e8tement\u00a0<\/strong><strong>la construction \u00e0 B\u00e9jaoua \u2013 gouvernorat de Manouba \u2013 d\u2019une nouvelle station de traitement d\u2019eau potable et des ouvrages associ\u00e9s<\/strong>\u00a0(conduites, r\u00e9servoirs et station de pompage), afin de\u00a0s\u00e9curiser l\u2019ensemble du syst\u00e8me d\u2019approvisionnement en eau potable du Grand Tunis et d\u2019assurer la satisfaction des besoins de la population jusqu\u2019en 2040.<\/p>\n<p class=\"c1\">Les besoins en eau de la capitale sont en effet en augmentation en raison de l\u2019expansion d\u00e9mographique et urbaine du Grand Tunis, de son d\u00e9veloppement touristique, industriel et commercial, mais aussi des impacts du changement climatique.\u00a0Au total,\u00a0<strong>le projet devrait b\u00e9n\u00e9ficier \u00e0 une population estim\u00e9e \u00e0 environ 2,78 millions\u00a0<\/strong><strong>d\u2019habitants aujourd\u2019hui et qui pourrait atteindre les 3,2 millions d\u2019habitants en 2030.<\/strong><\/p>\n<p class=\"c1\"><strong>\u00a0<\/strong><\/p>\n<p class=\"c1\"><strong>Ces investissements sont accompagn\u00e9s d\u2019une subvention d\u2019un million d\u2019euros pour l\u2019\u00e9laboration du sch\u00e9ma directeur Eau potable du Grand Tunis 2021-2045<\/strong>, un document strat\u00e9gique pour la SONEDE pour l\u2019exploitation de son r\u00e9seau, la pr\u00e9vision des investissements et du renouvellement des infrastructures, ainsi que la gestion et l\u2019optimisation de ses ressources dans les prochaines ann\u00e9es.<\/p>\n<div class=\"wp-post-author-wrap wp-post-author-shortcode left\">\n<h3 class=\"awpa-title\"\/>\n<div class=\"wp-post-author\">\n<div class=\"awpa-img awpa-author-block square\"><a href=\"http:\/\/lexpertjournal.net\/fr\/?author=5\"><img loading=\"lazy\" decoding=\"async\" alt=\"\" src=\"http:\/\/0.gravatar.com\/avatar\/97f8e10a1c1125ba104a76514ee07b16?s=150&amp;d=mm&amp;r=g\" srcset=\"http:\/\/0.gravatar.com\/avatar\/97f8e10a1c1125ba104a76514ee07b16?s=300&amp;d=mm&amp;r=g 2x\" class=\"avatar avatar-150 photo\" height=\"150\" width=\"150\"\/><\/a><\/div>\n<\/div>\n<\/div>\n<aside class=\"mashsb-container mashsb-main mashsb-stretched\">\n<\/aside>\n<p>Auteur: L&rsquo;expert<br \/>\n<a href=\"http:\/\/lexpertjournal.net\/fr\/?p=17099\">Cliquez ici pour lire l&rsquo;article depuis sa source.<\/a><\/p>\n","protected":false},"excerpt":{"rendered":"<p>L\u2019Agence Fran\u00e7aise de D\u00e9veloppement (AFD) annonce la signature de deux accords de financement ce jeudi 22 octobre, par Monsieur Jean-Yves Le Drian, ministre de l\u2019Europe et des Affaires Etrang\u00e8res, \u00e0 l\u2019occasion de son d\u00e9placement \u00e0 Tunis. 350 millions d\u2019euros pour appuyer les r\u00e9formes \u00e9conomiques, promouvoir une croissance cr\u00e9atrice d\u2019emplois et am\u00e9liorer les conditions de vie [&hellip;]<\/p>\n","protected":false},"author":1775,"featured_media":0,"comment_status":"closed","ping_status":"closed","sticky":false,"template":"","format":"standard","meta":{"fifu_image_url":"","fifu_image_alt":"","footnotes":""},"categories":[78,55],"tags":[],"class_list":["post-102471","post","type-post","status-publish","format-standard","hentry","category-economie","category-tunisie"],"_links":{"self":[{"href":"https:\/\/linitiative.ca\/International\/wp-json\/wp\/v2\/posts\/102471","targetHints":{"allow":["GET"]}}],"collection":[{"href":"https:\/\/linitiative.ca\/International\/wp-json\/wp\/v2\/posts"}],"about":[{"href":"https:\/\/linitiative.ca\/International\/wp-json\/wp\/v2\/types\/post"}],"author":[{"embeddable":true,"href":"https:\/\/linitiative.ca\/International\/wp-json\/wp\/v2\/users\/1775"}],"replies":[{"embeddable":true,"href":"https:\/\/linitiative.ca\/International\/wp-json\/wp\/v2\/comments?post=102471"}],"version-history":[{"count":0,"href":"https:\/\/linitiative.ca\/International\/wp-json\/wp\/v2\/posts\/102471\/revisions"}],"wp:attachment":[{"href":"https:\/\/linitiative.ca\/International\/wp-json\/wp\/v2\/media?parent=102471"}],"wp:term":[{"taxonomy":"category","embeddable":true,"href":"https:\/\/linitiative.ca\/International\/wp-json\/wp\/v2\/categories?post=102471"},{"taxonomy":"post_tag","embeddable":true,"href":"https:\/\/linitiative.ca\/International\/wp-json\/wp\/v2\/tags?post=102471"}],"curies":[{"name":"wp","href":"https:\/\/api.w.org\/{rel}","templated":true}]}}