{"id":102477,"date":"2020-10-22T13:19:10","date_gmt":"2020-10-22T17:19:10","guid":{"rendered":"https:\/\/linitiative.ca\/International\/atelier-de-formation-sur-la-creation-dentreprises-agricoles\/"},"modified":"2020-10-22T13:19:10","modified_gmt":"2020-10-22T17:19:10","slug":"atelier-de-formation-sur-la-creation-dentreprises-agricoles","status":"publish","type":"post","link":"https:\/\/linitiative.ca\/International\/atelier-de-formation-sur-la-creation-dentreprises-agricoles\/","title":{"rendered":"Atelier de formation sur la cr\u00e9ation d\u2019entreprises agricoles"},"content":{"rendered":"<div readability=\"37\">\n<p>Safi \u2013 La Direction Provinciale de l\u2019Agriculture (DPA) \u00e0 Safi a organis\u00e9, mercredi, un atelier de formation ax\u00e9 sur l\u2019appui \u00e0 la cr\u00e9ation d\u2019entreprises agricoles et ce, conform\u00e9ment \u00e0 la nouvelle strat\u00e9gie de d\u00e9veloppement du secteur \u00ab\u00a0G\u00e9n\u00e9ration Green 2020-2030\u00a0\u00bb.<\/p>\n<\/div>\n<div readability=\"84\">\n<p>Initi\u00e9 en collaboration avec le Centre de Conseil Agricole, cet atelier a \u00e9t\u00e9 l\u2019occasion pour faire la lumi\u00e8re sur le programme national d\u2019appui \u00e0 la cr\u00e9ation d\u2019entreprises agricoles, qui vise essentiellement \u00e0 mettre des cr\u00e9dits \u00e0 la disposition des agriculteurs pour la cr\u00e9ation de projets g\u00e9n\u00e9rateurs de revenus et, partant, leur permettre de contribuer au d\u00e9veloppement des r\u00e9gions dont ils sont issus.<\/p>\n<p>Dans ce cadre, des conseillers agricoles et des cadres de la DPA ont rencontr\u00e9, dans le strict respect des mesures pr\u00e9ventives et de pr\u00e9caution pour la pr\u00e9vention de la Covid-19, des jeunes porteurs d\u2019id\u00e9es de projets afin d\u2019en discuter, dans l\u2019optique de leur r\u00e9alisation et d\u2019examiner l\u2019\u00e9tude de leur faisabilit\u00e9 technique et \u00e9conomique en vue de les soumettre au Cr\u00e9dit Agricole pour b\u00e9n\u00e9ficier du financement.<\/p>\n<p>Les participants, dont des jeunes agriculteurs et membres de coop\u00e9ratives op\u00e9rant dans le domaine de la production v\u00e9g\u00e9tale et animale, ont ainsi pris connaissance des proc\u00e9dures juridiques pour la cr\u00e9ation d\u2019une entreprise agricole, et des diff\u00e9rentes \u00e9tapes y aff\u00e9rentes (pr\u00e9paration d\u2019\u00e9tudes, accompagnement, encadrement, formation, plan d\u2019action, financement et cr\u00e9dit).<\/p>\n<p>A cette occasion, Mme Hakima El Bahli, cadre \u00e0 la DPA de Safi, a expliqu\u00e9 que le th\u00e8me de cet atelier de formation portait sur la mani\u00e8re de mettre en \u0153uvre le programme national d\u2019appui \u00e0 la cr\u00e9ation d\u2019entreprises agricoles au profit des jeunes, \u00e0 travers la formation et l\u2019accompagnement.<\/p>\n<p>Dans une d\u00e9claration \u00e0 la MAP, Mme El Bahli a soulign\u00e9 que le succ\u00e8s de tout projet agricole reste tributaire d\u2019un accompagnement efficace et efficient qui identifie les probl\u00e8mes et obstacles que peut rencontrer l\u2019agriculteur pour concr\u00e9tiser son projet.<\/p>\n<p>Pour leur part, des participants se sont interrog\u00e9s, dans leurs interventions, notamment sur les proc\u00e9dures \u00e0 suivre pour b\u00e9n\u00e9ficier des cr\u00e9dits et les taux d\u2019int\u00e9r\u00eat, tout en mettant l\u2019accent sur l\u2019importance de la promotion des projets agricoles productifs afin qu\u2019ils soient g\u00e9n\u00e9rateurs de revenus et capables de favoriser la commercialisation de leurs produits sur les plans national et international.<\/p>\n<\/div>\n<p>Auteur: Meriem IGASS<br \/>\n<a href=\"http:\/\/www.mapmarrakech.ma\/fr\/atelier-de-formation-sur-la-creation-dentreprises-agricoles\/\">Cliquez ici pour lire l&rsquo;article depuis sa source.<\/a><\/p>\n","protected":false},"excerpt":{"rendered":"<p>Safi \u2013 La Direction Provinciale de l\u2019Agriculture (DPA) \u00e0 Safi a organis\u00e9, mercredi, un atelier de formation ax\u00e9 sur l\u2019appui \u00e0 la cr\u00e9ation d\u2019entreprises agricoles et ce, conform\u00e9ment \u00e0 la nouvelle strat\u00e9gie de d\u00e9veloppement du secteur \u00ab\u00a0G\u00e9n\u00e9ration Green 2020-2030\u00a0\u00bb. Initi\u00e9 en collaboration avec le Centre de Conseil Agricole, cet atelier a \u00e9t\u00e9 l\u2019occasion pour faire [&hellip;]<\/p>\n","protected":false},"author":1788,"featured_media":0,"comment_status":"closed","ping_status":"closed","sticky":false,"template":"","format":"standard","meta":{"fifu_image_url":"","fifu_image_alt":"","footnotes":""},"categories":[54,76],"tags":[],"class_list":["post-102477","post","type-post","status-publish","format-standard","hentry","category-maroc","category-regions"],"_links":{"self":[{"href":"https:\/\/linitiative.ca\/International\/wp-json\/wp\/v2\/posts\/102477","targetHints":{"allow":["GET"]}}],"collection":[{"href":"https:\/\/linitiative.ca\/International\/wp-json\/wp\/v2\/posts"}],"about":[{"href":"https:\/\/linitiative.ca\/International\/wp-json\/wp\/v2\/types\/post"}],"author":[{"embeddable":true,"href":"https:\/\/linitiative.ca\/International\/wp-json\/wp\/v2\/users\/1788"}],"replies":[{"embeddable":true,"href":"https:\/\/linitiative.ca\/International\/wp-json\/wp\/v2\/comments?post=102477"}],"version-history":[{"count":0,"href":"https:\/\/linitiative.ca\/International\/wp-json\/wp\/v2\/posts\/102477\/revisions"}],"wp:attachment":[{"href":"https:\/\/linitiative.ca\/International\/wp-json\/wp\/v2\/media?parent=102477"}],"wp:term":[{"taxonomy":"category","embeddable":true,"href":"https:\/\/linitiative.ca\/International\/wp-json\/wp\/v2\/categories?post=102477"},{"taxonomy":"post_tag","embeddable":true,"href":"https:\/\/linitiative.ca\/International\/wp-json\/wp\/v2\/tags?post=102477"}],"curies":[{"name":"wp","href":"https:\/\/api.w.org\/{rel}","templated":true}]}}