{"id":102479,"date":"2020-10-22T03:56:27","date_gmt":"2020-10-22T07:56:27","guid":{"rendered":"https:\/\/linitiative.ca\/International\/les-zones-dombre-au-premier-plan-des-priorites-dans-le-programme-du-gouvernement\/"},"modified":"2020-10-22T03:56:27","modified_gmt":"2020-10-22T07:56:27","slug":"les-zones-dombre-au-premier-plan-des-priorites-dans-le-programme-du-gouvernement","status":"publish","type":"post","link":"https:\/\/linitiative.ca\/International\/les-zones-dombre-au-premier-plan-des-priorites-dans-le-programme-du-gouvernement\/","title":{"rendered":"Les zones d&rsquo;ombre \u00ab\u00a0au premier plan des priorit\u00e9s\u00a0\u00bb dans le programme du gouvernement"},"content":{"rendered":"<div readability=\"40\">\n<p><strong>BATNA- Le Premier ministre, Abdelaziz Djerad, a affirm\u00e9, mercredi soir \u00e0 partir de Batna, que les zones d&rsquo;ombre sont \u00ab\u00a0au premier plan des priorit\u00e9s du programme du gouvernement\u00a0\u00bb, et la d\u00e9signation par le pr\u00e9sident de la R\u00e9publique d&rsquo;un conseiller sp\u00e9cial charg\u00e9 du suivi des probl\u00e8mes dans ces r\u00e9gions en est la preuve.\u00a0\u00a0<\/strong><\/p>\n<\/div>\n<div readability=\"83.638126009693\">\n<p>Intervenant, au terme de sa visite \u00e0 Batna sur les ondes de la Radio nationale, le Premier ministre a d\u00e9clar\u00e9 que le ministre de l&rsquo;Int\u00e9rieur, des Collectivit\u00e9s locales et de l\u2019Am\u00e9nagement du territoire suit quotidiennement avec les walis la prise en charge des pr\u00e9occupations des habitants de ces zones, soulignant qu\u2019il suit \u00e9galement \u00ab\u00a0personnellement\u00a0\u00bb ce dossier.<\/p>\n<blockquote readability=\"7\">\n<p><em><strong>Il a, dans ce sens estim\u00e9 que d\u00a0\u00bb\u2019ici deux ou trois ans ces r\u00e9gions connaitront un d\u00e9veloppement certain\u00a0\u00bb.<\/strong><\/em><\/p>\n<\/blockquote>\n<p>En r\u00e9ponse \u00e0 une question relative \u00e0 des revendications li\u00e9es au d\u00e9veloppement de la wilaya de Batna, M. Djerad a indiqu\u00e9 que \u00ab\u00a0celles-ci sont presque les m\u00eames dans toutes les wilayas\u00a0\u00bb, ajoutant que \u00ab\u00a0les ressources et les richesses du pays seront r\u00e9parties \u00e9quitablement entre les wilayas sans discrimination entre les r\u00e9gions \u00ab\u00a0.<\/p>\n<p>En r\u00e9ponse \u00e0 une question du journaliste de la Radio alg\u00e9rienne de Batna sur les indicateurs de la nouvelle Alg\u00e9rie, le Premier ministre a expliqu\u00e9 que \u00ab\u00a0la r\u00e9f\u00e9rence de la nouvelle Alg\u00e9rie est le premier novembre\u00a0\u00bb, assurant que \u00ab\u00a0l\u2019\u00e9dification d\u2019une nouvelle Alg\u00e9rie dans le projet d&rsquo;amendement Constitutionnel se fera en r\u00e9f\u00e9rence aux valeurs du premier novembre\u00a0\u00bb.<\/p>\n<hr\/>\n<h3 class=\"catItemTitle\">Lire aussi:\u00a0<a href=\"http:\/\/www.aps.dz\/regions\/111533-zones-d-ombre-a-tipasa-60-nouveaux-bus-pour-le-transport-scolaire\">Zones d&rsquo;ombre \u00e0 Tipasa : 60 nouveaux bus pour le transport scolaire<\/a><\/h3>\n<hr\/>\n<p>Dans son intervention, le Premier ministre est \u00e9galement revenu sur les haltes les plus importantes de sa visite dans la wilaya de Batna, dont le coup d\u2019envoi de la rentr\u00e9e scolaire 2020\/2021, qui s&rsquo;est d\u00e9roul\u00e9e, selon lui, conform\u00e9ment au protocole sanitaire recommand\u00e9.<\/p>\n<blockquote readability=\"7\">\n<p><em><strong>Il a pr\u00e9cis\u00e9 \u00e0 ce propos : \u00ab\u00a0J&rsquo;ai pu constater dans l&rsquo;\u00e9cole o\u00f9 je me suis rendu, les efforts d\u00e9ploy\u00e9s pour le respect des mesures pr\u00e9ventives contre l&rsquo;\u00e9pid\u00e9mie de la Covid-19\u00a0\u00bb.<\/strong><\/em><\/p>\n<\/blockquote>\n<p>Abordant, par ailleurs, de la Journ\u00e9e nationale de la presse, correspondant au 22 octobre de chaque ann\u00e9e, M. Djerad a estim\u00e9 que la presse repr\u00e9sente \u00ab\u00a0un pilier fondamental et essentiel de la d\u00e9mocratie et qu&rsquo;elle a un r\u00f4le \u00e0 jouer dans la sensibilisation de l&rsquo;opinion publique par le biais d\u2019informations fiables qui donnent une image positive de notre pays, en plus de jouer un r\u00f4le essentiel dans la lutte contre la corruption\u00a0\u00bb.<\/p>\n<p>Au cours de sa visite dans la wilaya de Batna, le Premier ministre a rendu une visite de courtoisie \u00e0 l&rsquo;ancien pr\u00e9sident, Liamine Zeroual, \u00e0 son domicile familial et lui a transmis, lors de l&rsquo;entrevue, les salutations du pr\u00e9sident de la R\u00e9publique, Abdelmadjid Tebboune.<\/p>\n<\/div>\n<p>Auteur:<br \/>\n<a href=\"http:\/\/www.aps.dz\/regions\/111561-les-zones-d-ombre-au-premier-plan-des-priorites-dans-le-programme-du-gouvernement\">Cliquez ici pour lire l&rsquo;article depuis sa source.<\/a><\/p>\n","protected":false},"excerpt":{"rendered":"<p>BATNA- Le Premier ministre, Abdelaziz Djerad, a affirm\u00e9, mercredi soir \u00e0 partir de Batna, que les zones d&rsquo;ombre sont \u00ab\u00a0au premier plan des priorit\u00e9s du programme du gouvernement\u00a0\u00bb, et la d\u00e9signation par le pr\u00e9sident de la R\u00e9publique d&rsquo;un conseiller sp\u00e9cial charg\u00e9 du suivi des probl\u00e8mes dans ces r\u00e9gions en est la preuve.\u00a0\u00a0 Intervenant, au terme [&hellip;]<\/p>\n","protected":false},"author":1790,"featured_media":0,"comment_status":"closed","ping_status":"closed","sticky":false,"template":"","format":"standard","meta":{"fifu_image_url":"","fifu_image_alt":"","footnotes":""},"categories":[53,76],"tags":[],"class_list":["post-102479","post","type-post","status-publish","format-standard","hentry","category-algerie","category-regions"],"_links":{"self":[{"href":"https:\/\/linitiative.ca\/International\/wp-json\/wp\/v2\/posts\/102479","targetHints":{"allow":["GET"]}}],"collection":[{"href":"https:\/\/linitiative.ca\/International\/wp-json\/wp\/v2\/posts"}],"about":[{"href":"https:\/\/linitiative.ca\/International\/wp-json\/wp\/v2\/types\/post"}],"author":[{"embeddable":true,"href":"https:\/\/linitiative.ca\/International\/wp-json\/wp\/v2\/users\/1790"}],"replies":[{"embeddable":true,"href":"https:\/\/linitiative.ca\/International\/wp-json\/wp\/v2\/comments?post=102479"}],"version-history":[{"count":0,"href":"https:\/\/linitiative.ca\/International\/wp-json\/wp\/v2\/posts\/102479\/revisions"}],"wp:attachment":[{"href":"https:\/\/linitiative.ca\/International\/wp-json\/wp\/v2\/media?parent=102479"}],"wp:term":[{"taxonomy":"category","embeddable":true,"href":"https:\/\/linitiative.ca\/International\/wp-json\/wp\/v2\/categories?post=102479"},{"taxonomy":"post_tag","embeddable":true,"href":"https:\/\/linitiative.ca\/International\/wp-json\/wp\/v2\/tags?post=102479"}],"curies":[{"name":"wp","href":"https:\/\/api.w.org\/{rel}","templated":true}]}}