{"id":102487,"date":"2020-10-22T12:30:00","date_gmt":"2020-10-22T16:30:00","guid":{"rendered":"https:\/\/linitiative.ca\/International\/des-cles-de-comprehension-pour-lutter-contre-les-invasions\/"},"modified":"2020-10-22T12:30:00","modified_gmt":"2020-10-22T16:30:00","slug":"des-cles-de-comprehension-pour-lutter-contre-les-invasions","status":"publish","type":"post","link":"https:\/\/linitiative.ca\/International\/des-cles-de-comprehension-pour-lutter-contre-les-invasions\/","title":{"rendered":"Des cl\u00e9s de compr\u00e9hension pour lutter contre les invasions"},"content":{"rendered":"<p class=\"p1 c3\"><span class=\"c2\">La Corne de l\u2019Afrique a connu cette ann\u00e9e la pire invasion de criquets p\u00e8lerins depuis plusieurs d\u00e9cennies. Retour dans The Conversation sur ces insectes dont les essaims d\u00e9vastateurs ravagent les cultures.<\/span><\/p>\n<p class=\"p1 c3\"><span class=\"c2\">Le fl\u00e9au que repr\u00e9sentent les insectes acridiens est mentionn\u00e9 dans l\u2019histoire humaine depuis la nuit des temps. Il correspond \u00e0 la\u00a0huiti\u00e8me plaie d\u2019Egypte\u00a0mentionn\u00e9e dans la civilisation \u00e9gyptienne antique et dans la Bible.<\/span><\/p>\n<p class=\"p1 c3\"><span class=\"c2\">Criquet dans la chambre fun\u00e9raire d\u2019Horemheb (\u00c9gypte).<\/span><\/p>\n<p class=\"p1 c3\"><span class=\"c2\">En parler revient \u00e0 parler de l\u2019Afrique, car les invasions de criquets p\u00e8lerins sont r\u00e9currentes sur ce continent. Les premiers\u00a0enregistrements historiques des invasions datent de 1861, et depuis cette date, 11\u00a0invasions g\u00e9n\u00e9ralis\u00e9es ont \u00e9t\u00e9 enregistr\u00e9es jusqu\u2019\u00e0 la derni\u00e8re, en 2020. Une invasion peut durer de 1 \u00e0 plus de 10\u00a0ans.<\/span><\/p>\n<p class=\"p1 c3\"><span class=\"c2\">Depuis 1989, les invasions sont devenues plus p\u00e9riodiques et plus stables,\u00a0avec une invasion tous les 15\u00a0ans\u00a0(1988-89, 2004-05, 2019-2020).<\/span><\/p>\n<p class=\"p2 c4\"><span class=\"c2\"><strong>Qu\u2019est-ce que le criquet p\u00e8lerin\u00a0?<\/strong><\/span><\/p>\n<p class=\"p1 c3\"><span class=\"c2\">D\u00e9crit par Forsk\u00e5l en\u00a01775\u00a0sous le nom de\u00a0Gryllus gregarius, et appel\u00e9 de nos jours\u00a0Schistocerca gregaria, le criquet p\u00e8lerin est un insecte de l\u2019ordre des\u00a0Orthopt\u00e8res, du sous-ordre des\u00a0caelif\u00e8res, regroupant les criquets, locustes et sauteriaux. Il s\u2019agit d\u2019un gros insecte, pesant de 2 \u00e0 3 g, dont la\u00a0dur\u00e9e de vie moyenne est de 3 \u00e0 5\u00a0mois, avec une vie larvaire d\u2019une trentaine de jours. Dans des conditions de d\u00e9veloppement optimales, une femelle peut\u00a0d\u00e9poser de 300 \u00e0 400\u00a0\u0153ufs\u00a0au cours de sa vie.<\/span><\/p>\n<p class=\"p1 c3\"><span class=\"c2\">Parmi les quelque 11\u00a0000\u00a0esp\u00e8ces actuelles que comptent les Orthopt\u00e8res Caelif\u00e8res,\u00a0Schistocerca gregaria\u00a0fait partie des quelques esp\u00e8ces d\u2019acridiens dites gr\u00e9gariaptes, c\u2019est-\u00e0-dire dont les individus changent de comportement, de physiologie, de couleur et de forme en r\u00e9ponse \u00e0 des variations de leur abondance. Quand les densit\u00e9s sont faibles, les criquets sont dans une phase dite solitaire.<\/span><\/p>\n<p class=\"p1 c3\"><span class=\"c2\">Quand les densit\u00e9s sont \u00e9lev\u00e9es et que les ressources locales s\u2019\u00e9puisent, les criquets rentrent dans une\u00a0phase dite gr\u00e9gaire\u00a0(ils se regroupent en bandes larvaires ou en essaims d\u2019adultes ail\u00e9s tr\u00e8s mobiles).<\/span><\/p>\n<p class=\"p1 c3\"><span class=\"c2\">L\u2019esp\u00e8ce conna\u00eet ainsi une alternance de phases solitaires, qui ne posent pas de probl\u00e8me aux cultures, et de phases gr\u00e9gaires, qui peuvent se traduire par des invasions catastrophiques pour l\u2019homme. Les individus gr\u00e9gaires sont plus petits et plus color\u00e9s que les solitaires. Le passage de la forme solitaire \u00e0 la forme gr\u00e9gaire se fait au\u00a0minimum sur 4\u00a0g\u00e9n\u00e9rations\u00a0: c\u2019est donc un processus rapide (moins d\u2019un an), ce qui complique la t\u00e2che de surveillance des populations.<\/span><\/p>\n<p class=\"p1 c3\"><span class=\"c2\">Un seul essaim comprend jusqu\u2019\u00e0 plusieurs milliards d\u2019individus, qui suivent le vent pour trouver de la nourriture et avalent en un seul jour la nourriture consomm\u00e9e en une semaine par toute la population du Grand Londres. Ces essaims, d\u00e9vastateurs et mobiles, peuvent parcourir des milliers de kilom\u00e8tres en quelques semaines et pondre leurs \u0153ufs dans des localit\u00e9s tr\u00e8s \u00e9loign\u00e9es les unes des autres. Ce sont ces migrations d\u2019essaims qu\u2019on appelle invasions.<span class=\"Apple-converted-space\">\u00a0<\/span><\/span><\/p>\n<p class=\"p1 c3\"><span class=\"c2\">Les causes de la gr\u00e9garisation sont donc avant tout environnementales, et les\u00a0changements climatiques seraient impliqu\u00e9s\u00a0dans les derni\u00e8res invasions.\u00a0Keith Cressman, sp\u00e9cialiste des invasions acridiennes \u00e0 la FAO, consid\u00e8re ainsi que l\u2019origine de la crise actuelle r\u00e9side dans une succession de cyclones, dont le nombre n\u2019a cess\u00e9 d\u2019augmenter depuis dix ans.<\/span><\/p>\n<p class=\"p2 c4\"><span class=\"c2\"><strong>Etendue g\u00e9ographique<\/strong><\/span><\/p>\n<p class=\"p1 c3\"><span class=\"c2\">L\u2019aire d\u2019invasion du criquet p\u00e8lerin couvre environ 31\u00a0millions de kilom\u00e8tres carr\u00e9s, soit presque la totalit\u00e9 de l\u2019Afrique au nord de l\u2019\u00e9quateur, la p\u00e9ninsule arabique et l\u2019Asie du Sud-Ouest. Cette aire concerne l\u2019agriculture et les p\u00e2turages de plus de 65\u00a0pays\u00a0; elle\u00a0repr\u00e9sente plus de 20% des terres \u00e9merg\u00e9es et le dixi\u00e8me de la population mondiale. Au cours des ann\u00e9es de r\u00e9mission, les populations de criquets p\u00e8lerins restent\u00a0cantonn\u00e9es dans les parties les plus d\u00e9sertiques de l\u2019aire d\u2019habitat.<\/span><\/p>\n<p class=\"p1 c3\"><span class=\"c2\">L\u2019impact macro-\u00e9conomique des invasions a \u00e9t\u00e9 particuli\u00e8rement important par le pass\u00e9, avec de nombreuses famines enregistr\u00e9es, dont les plus r\u00e9centes en \u00c9thiopie et au Soudan dans les ann\u00e9es\u00a01950. Les moyens modernes de surveillance et de lutte permettent en th\u00e9orie de ma\u00eetriser l\u2019impact des invasions, mais les d\u00e9g\u00e2ts annuels du criquet p\u00e8lerin peuvent cependant\u00a0atteindre plusieurs dizaines de millions d\u2019euros.<\/span><\/p>\n<p class=\"p2 c4\"><span class=\"c2\"><strong>Quelle est la situation en 2020\u00a0?<\/strong><\/span><\/p>\n<p class=\"p1 c3\"><span class=\"c2\">La Corne de l\u2019Afrique a connu cette ann\u00e9e la pire invasion de criquets p\u00e8lerins depuis des d\u00e9cennies. L\u2019\u00c9thiopie, le Kenya et la Somalie sont confront\u00e9s \u00e0 une situation tout \u00e0 fait exceptionnelle\u00a0: le Kenya n\u2019avait pas connu une telle invasion depuis 70\u00a0ans, la Somalie et l\u2019\u00c9thiopie depuis un quart de si\u00e8cle. Des dizaines de milliers d\u2019hectares de terres cultiv\u00e9es et de p\u00e2turages ont d\u00e9j\u00e0 \u00e9t\u00e9 endommag\u00e9s.<\/span><\/p>\n<p class=\"p2 c4\"><span class=\"c2\"><strong>Quels moyens pour lutter<span class=\"Apple-converted-space\">\u00a0<\/span><\/strong><\/span><\/p>\n<p class=\"p2 c4\"><span class=\"c2\"><strong>contre les acridiens\u00a0?<\/strong><\/span><\/p>\n<p class=\"p1 c3\"><span class=\"c2\">Auparavant, les paysans luttaient contre les criquets migrateurs par des m\u00e9thodes traditionnelles\u00a0: ils frappaient les bandes larvaires avec des branchages et pi\u00e9geaient les larves dans des tranch\u00e9es afin de les ramasser pour les consommer. Certains criquets attrap\u00e9s furent\u00a0consomm\u00e9s en brochettes dans les cours royales des Assyriens\u00a0(vers 700\u00a0ans av. J.-C.)\u00a0!<\/span><\/p>\n<p class=\"p1 c3\"><span class=\"c2\">Avec l\u2019av\u00e8nement des insecticides de synth\u00e8se, la lutte chimique a pris le devant de la lutte anti-acridienne. Ce traitement s\u2019est cependant traduit par un bilan environnemental tr\u00e8s lourd, avec une\u00a0intoxication des humains et du b\u00e9tail, et la destruction de la faune locale. La communaut\u00e9 scientifique mondiale a donc recherch\u00e9 des m\u00e9thodes de lutte alternatives plus respectueuses de l\u2019environnement.<\/span><\/p>\n<p class=\"p1 c3\"><span class=\"c2\">Actuellement, la lutte anti-acridienne s\u2019organise avec d\u2019une part une surveillance r\u00e9guli\u00e8re des populations, et d\u2019autre part des traitements chimiques \u00e0 l\u2019\u00e9chelle locale en cas de risque accru de gr\u00e9garisation. La situation est cependant loin d\u2019\u00eatre simple.<\/span><\/p>\n<p class=\"p1 c3\"><span class=\"c2\">La\u00a0lutte pr\u00e9ventive\u00a0est ainsi bas\u00e9e sur la surveillance intensive des aires gr\u00e9garig\u00e8nes. L\u2019utilisation des outils de communication performants (eLocust3\u00a0;\u00a0DLIS \u2013 Desert Locust Information Service), des pr\u00e9visions climatiques saisonni\u00e8res, et l\u2019introduction plus r\u00e9cente des drones ont permis d\u2019am\u00e9liorer le syst\u00e8me d\u2019alerte pr\u00e9coce.<\/span><\/p>\n<p class=\"p1 c3\"><span class=\"c2\">Les traitements locaux ont pour but de contr\u00f4ler les petites concentrations de criquets dans des aires bien d\u00e9finies, et s\u2019inscrivent de plus en plus dans des m\u00e9thodes utilis\u00e9es en lutte biologique. Les champignons entomopathog\u00e8nes \u2013 des champignons parasites qui entra\u00eenent la mort des insectes \u2013 sont ainsi consid\u00e9r\u00e9s comme les\u00a0agents les plus prometteurs. D\u2019autres substances v\u00e9g\u00e9tales pourraient constituer des sources de bio-pesticides contre les insectes, en\u00a0meilleure harmonie avec l\u2019environnement.<\/span><\/p>\n<p class=\"p1 c3\"><span class=\"c2\">La pr\u00e9sence d\u2019un\u00a0facteur de gr\u00e9garisation\u00a0dans l\u2019\u00e9cume recouvrant les \u0153ufs du criquet p\u00e8lerin pourrait \u00eatre utilis\u00e9e pour provoquer la gr\u00e9garisation \u00e0 une p\u00e9riode d\u00e9favorable pour le criquet, et sans danger pour l\u2019homme, par exemple avant que la v\u00e9g\u00e9tation ne pousse sous l\u2019influence favorable des pluies sahariennes\u00a0: les\u00a0larves seraient ainsi condamn\u00e9es \u00e0 br\u00e8ve \u00e9ch\u00e9ance.<\/span><\/p>\n<p class=\"p1 c3\"><span class=\"c2\">Quelles que soient les m\u00e9thodes de lutte utilis\u00e9es, il est clair que les populations de criquets doivent \u00eatre r\u00e9guli\u00e8rement contr\u00f4l\u00e9es et suivies, de mani\u00e8re \u00e0 d\u00e9clencher les interventions pr\u00e9coces n\u00e9cessaires pour pr\u00e9venir la gr\u00e9garisation \u00e0 l\u2019\u00e9chelle locale. L\u2019ins\u00e9curit\u00e9 et l\u2019instabilit\u00e9 qui interdisent l\u2019acc\u00e8s \u00e0 de nombreuses r\u00e9gions pour la surveillance acridienne, notamment du\u00a0fait de conflits arm\u00e9s, accroissent les risques d\u2019invasion, comme le montrent les cartes publi\u00e9es par la FAO. Ainsi le\u00a0Y\u00e9men, o\u00f9 la guerre s\u00e9vit depuis 2016, conna\u00eet des invasions r\u00e9p\u00e9t\u00e9es de criquets p\u00e8lerins.<\/span><\/p>\n<p class=\"p1 c3\"><span class=\"c2\">La d\u00e9faillance du dispositif de pr\u00e9vention est \u00e9galement de nature organisationnelle, car il n\u2019existe pas de v\u00e9ritables plans pr\u00e9visionnels d\u2019urgence permettant une mobilisation de fonds et une intervention imm\u00e9diates sur une population en\u00a0phase de gr\u00e9garisation.<\/span><\/p>\n<p class=\"p2 c4\"><span class=\"c2\"><strong>Avec la Covid-19, quel impact\u00a0?<\/strong><\/span><\/p>\n<p class=\"p1 c3\"><span class=\"c2\">Pour lutter contre les acridiens, et sous la direction de la FAO, plusieurs pays ont d\u00e9velopp\u00e9 des strat\u00e9gies de coop\u00e9ration visant \u00e0 rendre l\u2019op\u00e9ration de lutte anti-acridienne plus efficace, mais avec l\u2019apparition de la Covid-19, la situation s\u2019est aggrav\u00e9e \u00e0 cause de la fermeture des fronti\u00e8res, et de la complication des \u00e9changes de produits chimiques. Malgr\u00e9 toutes ces contraintes, la FAO continue \u00e0 maintenir ses actions et ses efforts pour contr\u00f4ler la situation dans les\u00a0r\u00e9gions les plus touch\u00e9es\u00a0comme les pays de la Corne de l\u2019Afrique, d\u2019autres pays au Moyen-Orient et l\u2019Inde.<\/span><\/p>\n<p>Auteur: letemps1<br \/>\n<a href=\"http:\/\/www.letemps.com.tn\/article\/117722\/des-cl%C3%A9s-de-compr%C3%A9hension-pour-lutter-contre-les-invasions\">Cliquez ici pour lire l&rsquo;article depuis sa source.<\/a><\/p>\n","protected":false},"excerpt":{"rendered":"<p>La Corne de l\u2019Afrique a connu cette ann\u00e9e la pire invasion de criquets p\u00e8lerins depuis plusieurs d\u00e9cennies. Retour dans The Conversation sur ces insectes dont les essaims d\u00e9vastateurs ravagent les cultures. Le fl\u00e9au que repr\u00e9sentent les insectes acridiens est mentionn\u00e9 dans l\u2019histoire humaine depuis la nuit des temps. Il correspond \u00e0 la\u00a0huiti\u00e8me plaie d\u2019Egypte\u00a0mentionn\u00e9e dans [&hellip;]<\/p>\n","protected":false},"author":1773,"featured_media":0,"comment_status":"closed","ping_status":"closed","sticky":false,"template":"","format":"standard","meta":{"fifu_image_url":"","fifu_image_alt":"","footnotes":""},"categories":[73,55],"tags":[],"class_list":["post-102487","post","type-post","status-publish","format-standard","hentry","category-actualite","category-tunisie"],"_links":{"self":[{"href":"https:\/\/linitiative.ca\/International\/wp-json\/wp\/v2\/posts\/102487","targetHints":{"allow":["GET"]}}],"collection":[{"href":"https:\/\/linitiative.ca\/International\/wp-json\/wp\/v2\/posts"}],"about":[{"href":"https:\/\/linitiative.ca\/International\/wp-json\/wp\/v2\/types\/post"}],"author":[{"embeddable":true,"href":"https:\/\/linitiative.ca\/International\/wp-json\/wp\/v2\/users\/1773"}],"replies":[{"embeddable":true,"href":"https:\/\/linitiative.ca\/International\/wp-json\/wp\/v2\/comments?post=102487"}],"version-history":[{"count":0,"href":"https:\/\/linitiative.ca\/International\/wp-json\/wp\/v2\/posts\/102487\/revisions"}],"wp:attachment":[{"href":"https:\/\/linitiative.ca\/International\/wp-json\/wp\/v2\/media?parent=102487"}],"wp:term":[{"taxonomy":"category","embeddable":true,"href":"https:\/\/linitiative.ca\/International\/wp-json\/wp\/v2\/categories?post=102487"},{"taxonomy":"post_tag","embeddable":true,"href":"https:\/\/linitiative.ca\/International\/wp-json\/wp\/v2\/tags?post=102487"}],"curies":[{"name":"wp","href":"https:\/\/api.w.org\/{rel}","templated":true}]}}