{"id":102488,"date":"2020-10-22T12:30:00","date_gmt":"2020-10-22T16:30:00","guid":{"rendered":"https:\/\/linitiative.ca\/International\/vers-le-report-de-la-demi-finale-retour-contre-zamalek-sassi-rerabli\/"},"modified":"2020-10-22T12:30:00","modified_gmt":"2020-10-22T16:30:00","slug":"vers-le-report-de-la-demi-finale-retour-contre-zamalek-sassi-rerabli","status":"publish","type":"post","link":"https:\/\/linitiative.ca\/International\/vers-le-report-de-la-demi-finale-retour-contre-zamalek-sassi-rerabli\/","title":{"rendered":"Vers le report de la demi-finale retour contre Zamalek, Sassi r\u00e9rabli"},"content":{"rendered":"<p class=\"p1 c3\"><span class=\"c2\">Le test PCR subi lundi par le joueur du Zamalek, Ferjani Sassi, s\u2019est av\u00e9r\u00e9 n\u00e9gatif. De ce fait, l\u2019international tunisien a \u00e9t\u00e9 autoris\u00e9 de quitter le territoire marocain pour l\u2019Egypte o\u00f9 il devrait r\u00e9int\u00e9grer \u00e0 partir de demain le groupe qui pr\u00e9pare la demi-finale retour contre le Raja, pr\u00e9vu le dimanche prochain au stade international du Caire. Rappelons qu\u2019\u00e0 l\u2019aller, le club cairote l\u2019a emport\u00e9 par 1-0. But inscrit \u00e0 la 36\u00e8me ,minute par le Marocain Achraf Ben Chragui, celui-ci ayant victorieusement de la t\u00eate un centrage de Zizo \u00e0 partir du c\u00f4t\u00e9 droit\u00a0<\/span><\/p>\n<p class=\"p1 c3\">\u00a0<\/p>\n<p class=\"p2 c4\"><span class=\"c2\"><strong>Le Raja sollicite la CAF <span class=\"Apple-converted-space\">\u00a0<\/span><\/strong><\/span><\/p>\n<p class=\"p1 c3\"><span class=\"c2\">Nous venons d\u2019apprendre que le Raja Casablanca a officiellement\u00a0sollicit\u00e9 la CAF pour le report\u00a0 de la demi-finale retour de la Ligue des champions\u00a0 contre Zamalek\u00a0 et ce apr\u00e8s la propagation excessive de la pand\u00e9mie du covid 19 dans ses rangs. En effet deux autres\u00a0joueurs ont \u00e9t\u00e9 test\u00e9s, avant hier lundi, positifs au coronavirus. Il s\u2019agit de\u00a0\u00a0Aberrahim Chakir et ELy\u00e8s Haddad. Ces deux nouvelles contaminations portent \u00e0 six le nombre\u00a0des joueurs du Raja\u00a0 affect\u00e9s par le virus. Les quatre autres joueurs contamin\u00e9s sont Omar Arjoun\u00a0 Anas gabroun, Mohsen\u00a0 Moutwelli,\u00a0 Abdelilah Hafidhi. En plus de ces joueurs qui ont attrap\u00e9 la maladie, le Raja d\u00e9plore aussi six \u00e9l\u00e9ments bless\u00e9s, ce qui porte le nombre des joueurs rajaouis hors service \u00e0 13. Aux derni\u00e8res nouvelles, le comit\u00e9 d\u2019urgence de la conf\u00e9d\u00e9ration Africaine de Football devrait se r\u00e9unir aujourd\u2019hui pour examiner la requ\u00eate du club casablancais.\u00a0 \u00a0 \u00a0<\/span><\/p>\n<p class=\"p3 c5\">\u00a0<\/p>\n<p class=\"p2 c4\"><span class=\"c2\"><strong>Panique dans les rangs zamalkaouis<span class=\"Apple-converted-space\">\u00a0<\/span><\/strong><\/span><\/p>\n<p class=\"p1 c3\"><span class=\"c2\">Le club Zamek a \u00e9t\u00e9 pris de panique en apprenant par le biais de m\u00e9dias marocains que quatre joueurs du Raja s\u2019agissant de Metlwalli, Al Arjoun, Gabroun et Hafidhi ont disput\u00e9 la demi-finale retour tout \u00e9tant contamin\u00e9s par le covid 19.\u00a0 C\u2019est ce<span class=\"Apple-converted-space\">\u00a0<\/span> qui a amen\u00e9 les responsables du club cairote \u00e0 faire subir hier \u00e0 tous les joueurs et les membres de sa d\u00e9l\u00e9gation au Maroc les tests PCR.\u00a0<\/span><\/p>\n<p class=\"p3 c5\"><span class=\"c2\"><span class=\"Apple-converted-space\">\u00a0<\/span><\/span><\/p>\n<p class=\"p2 c4\"><span class=\"c2\"><strong>Zamalek en soutien<\/strong><\/span><\/p>\n<p class=\"p1 c3\"><span class=\"c2\">De son c\u00f4t\u00e9 , Mortada Mansour, pr\u00e9sident du Zamalek, a apport\u00e9 son soutien aux Verts.<\/span><\/p>\n<p class=\"p1 c3\"><span class=\"c2\">\u00abJ\u2019approuve n\u2019importe quel report du match contre le Raja \u00e0 cause des cas de Coronavirus qui touche l\u2019\u00e9quipe marocaine. Nous sommes tous unis\u00bb, a d\u00e9clar\u00e9 le pr\u00e9sident lors d\u2019une intervention sur la cha\u00eene t\u00e9l\u00e9vis\u00e9e\u00a0Alhadath Alyoum.<\/span><\/p>\n<p class=\"p1 c3\"><span class=\"c2\">\u00abPeu importe la d\u00e9cision de la CAF, je prends l\u2019initiative et apporte mon soutien au Raja\u00bb, a ajout\u00e9 l\u2019homme fort des Chevaliers Blancs. \u00a0 \u00a0<span class=\"Apple-converted-space\">\u00a0<\/span><\/span><\/p>\n<p class=\"p4 c6\">\u00a0<\/p>\n<p class=\"p5 c7\"><span class=\"c2\"><strong>Ameur KERKENNI<\/strong><\/span><\/p>\n<p>Auteur: letemps1<br \/>\n<a href=\"http:\/\/www.letemps.com.tn\/article\/117723\/vers-le-report-de-la-demi-finale-retour-contre-zamalek-sassi-r%C3%A9rabli\">Cliquez ici pour lire l&rsquo;article depuis sa source.<\/a><\/p>\n","protected":false},"excerpt":{"rendered":"<p>Le test PCR subi lundi par le joueur du Zamalek, Ferjani Sassi, s\u2019est av\u00e9r\u00e9 n\u00e9gatif. De ce fait, l\u2019international tunisien a \u00e9t\u00e9 autoris\u00e9 de quitter le territoire marocain pour l\u2019Egypte o\u00f9 il devrait r\u00e9int\u00e9grer \u00e0 partir de demain le groupe qui pr\u00e9pare la demi-finale retour contre le Raja, pr\u00e9vu le dimanche prochain au stade international [&hellip;]<\/p>\n","protected":false},"author":1773,"featured_media":0,"comment_status":"closed","ping_status":"closed","sticky":false,"template":"","format":"standard","meta":{"fifu_image_url":"","fifu_image_alt":"","footnotes":""},"categories":[73,55],"tags":[],"class_list":["post-102488","post","type-post","status-publish","format-standard","hentry","category-actualite","category-tunisie"],"_links":{"self":[{"href":"https:\/\/linitiative.ca\/International\/wp-json\/wp\/v2\/posts\/102488","targetHints":{"allow":["GET"]}}],"collection":[{"href":"https:\/\/linitiative.ca\/International\/wp-json\/wp\/v2\/posts"}],"about":[{"href":"https:\/\/linitiative.ca\/International\/wp-json\/wp\/v2\/types\/post"}],"author":[{"embeddable":true,"href":"https:\/\/linitiative.ca\/International\/wp-json\/wp\/v2\/users\/1773"}],"replies":[{"embeddable":true,"href":"https:\/\/linitiative.ca\/International\/wp-json\/wp\/v2\/comments?post=102488"}],"version-history":[{"count":0,"href":"https:\/\/linitiative.ca\/International\/wp-json\/wp\/v2\/posts\/102488\/revisions"}],"wp:attachment":[{"href":"https:\/\/linitiative.ca\/International\/wp-json\/wp\/v2\/media?parent=102488"}],"wp:term":[{"taxonomy":"category","embeddable":true,"href":"https:\/\/linitiative.ca\/International\/wp-json\/wp\/v2\/categories?post=102488"},{"taxonomy":"post_tag","embeddable":true,"href":"https:\/\/linitiative.ca\/International\/wp-json\/wp\/v2\/tags?post=102488"}],"curies":[{"name":"wp","href":"https:\/\/api.w.org\/{rel}","templated":true}]}}