{"id":102489,"date":"2020-10-22T12:30:00","date_gmt":"2020-10-22T16:30:00","guid":{"rendered":"https:\/\/linitiative.ca\/International\/pyramids-fc-en-finale-dimanche-contre-la-rs-berkane\/"},"modified":"2020-10-22T12:30:00","modified_gmt":"2020-10-22T16:30:00","slug":"pyramids-fc-en-finale-dimanche-contre-la-rs-berkane","status":"publish","type":"post","link":"https:\/\/linitiative.ca\/International\/pyramids-fc-en-finale-dimanche-contre-la-rs-berkane\/","title":{"rendered":"Pyramids FC en finale dimanche contre  la RS Berkane"},"content":{"rendered":"<p class=\"p1 c3\"><span class=\"c2\">Pyramids FC cr\u00e9e l\u2019exploit. En battant mardi soir le Horoya AC en demi-finales,\u00a0le club \u00e9gyptien valide son ticket pour la finale. Une performance en seulement deux ann\u00e9es d\u2019existence pour cette formation.<\/span><\/p>\n<p class=\"p1 c3\"><span class=\"c2\">De 2018 \u00e0 2020, Pyramids FC est proche de d\u00e9crocher un troph\u00e9e continental pour sa premi\u00e8re participation.\u00a0Face \u00e0 une \u00e9quipe du Horoya d\u00e9cim\u00e9e par le Coronavirus, les H\u00e9ritiers des Pharaons se sont impos\u00e9s sur le score de deux buts \u00e0 z\u00e9ro. Et se qualifient pour la finale. Ce qui retient l\u2019attention est le travail abattu par les dirigeants en seulement deux ann\u00e9es.<\/span><\/p>\n<p class=\"p1 c3\"><span class=\"c2\">Si le club est fond\u00e9 en 2008 sous le nom d\u2019Al Assiouty Sport, il a \u00e9t\u00e9 rachet\u00e9 en 2018 par Turki Al Sheikh. Depuis, le nom a \u00e9t\u00e9 chang\u00e9 ainsi que la vision de l\u2019\u00e9quipe. Elle est devenue plus ambitieuse en recrutant des joueurs un peu partout dans le monde. Entre autres des br\u00e9siliens, des internationaux \u00e9gyptiens\u2026 En l\u2019espace de deux ans, la strat\u00e9gie semble payer. Puisque Pyramids FC est \u00e0 un match du troph\u00e9e de la Coupe CAF.<\/span><\/p>\n<p class=\"p1 c3\"><span class=\"c2\">Pyramids \u2013 RS Berkane, c\u2019est l\u2019affiche finale de la Coupe CAF qui va se jouer le 25 octobre prochain au Complexe Sportif Moulay-Abdallah de Rabat.<\/span><\/p>\n<p>Auteur: letemps1<br \/>\n<a href=\"http:\/\/www.letemps.com.tn\/article\/117724\/pyramids-fc-en-finale-dimanche-contre-la-rs-berkane\">Cliquez ici pour lire l&rsquo;article depuis sa source.<\/a><\/p>\n","protected":false},"excerpt":{"rendered":"<p>Pyramids FC cr\u00e9e l\u2019exploit. En battant mardi soir le Horoya AC en demi-finales,\u00a0le club \u00e9gyptien valide son ticket pour la finale. Une performance en seulement deux ann\u00e9es d\u2019existence pour cette formation. De 2018 \u00e0 2020, Pyramids FC est proche de d\u00e9crocher un troph\u00e9e continental pour sa premi\u00e8re participation.\u00a0Face \u00e0 une \u00e9quipe du Horoya d\u00e9cim\u00e9e par [&hellip;]<\/p>\n","protected":false},"author":1773,"featured_media":0,"comment_status":"closed","ping_status":"closed","sticky":false,"template":"","format":"standard","meta":{"fifu_image_url":"","fifu_image_alt":"","footnotes":""},"categories":[73,55],"tags":[],"class_list":["post-102489","post","type-post","status-publish","format-standard","hentry","category-actualite","category-tunisie"],"_links":{"self":[{"href":"https:\/\/linitiative.ca\/International\/wp-json\/wp\/v2\/posts\/102489","targetHints":{"allow":["GET"]}}],"collection":[{"href":"https:\/\/linitiative.ca\/International\/wp-json\/wp\/v2\/posts"}],"about":[{"href":"https:\/\/linitiative.ca\/International\/wp-json\/wp\/v2\/types\/post"}],"author":[{"embeddable":true,"href":"https:\/\/linitiative.ca\/International\/wp-json\/wp\/v2\/users\/1773"}],"replies":[{"embeddable":true,"href":"https:\/\/linitiative.ca\/International\/wp-json\/wp\/v2\/comments?post=102489"}],"version-history":[{"count":0,"href":"https:\/\/linitiative.ca\/International\/wp-json\/wp\/v2\/posts\/102489\/revisions"}],"wp:attachment":[{"href":"https:\/\/linitiative.ca\/International\/wp-json\/wp\/v2\/media?parent=102489"}],"wp:term":[{"taxonomy":"category","embeddable":true,"href":"https:\/\/linitiative.ca\/International\/wp-json\/wp\/v2\/categories?post=102489"},{"taxonomy":"post_tag","embeddable":true,"href":"https:\/\/linitiative.ca\/International\/wp-json\/wp\/v2\/tags?post=102489"}],"curies":[{"name":"wp","href":"https:\/\/api.w.org\/{rel}","templated":true}]}}