{"id":102490,"date":"2020-10-22T12:30:00","date_gmt":"2020-10-22T16:30:00","guid":{"rendered":"https:\/\/linitiative.ca\/International\/je-continue-dapprendre-de-messi\/"},"modified":"2020-10-22T12:30:00","modified_gmt":"2020-10-22T16:30:00","slug":"je-continue-dapprendre-de-messi","status":"publish","type":"post","link":"https:\/\/linitiative.ca\/International\/je-continue-dapprendre-de-messi\/","title":{"rendered":"\u00abJe continue d\u2019apprendre de Messi\u00bb"},"content":{"rendered":"<p class=\"p1 c3\"><span class=\"c2\">Buteur mardi soir lors de la large victoire face \u00e0 Ferencvaros (5-1), Ansu Fati continue d\u2019impressionner, lui qui n\u2019est pas encore majeur&#8230; Promesse.<\/span><\/p>\n<p class=\"p1 c3\"><span class=\"c2\">Mais o\u00f9 s\u2019arr\u00eatera Ansu Fati ? Plus les semaines passent, plus on d\u00e9couvre le talent de la jeune p\u00e9pite du\u00a0FC Barcelone. Encore buteur mardi soir lors du large succ\u00e8s contre Ferencvaros (5-1) pour la premi\u00e8re journ\u00e9e de la phase de groupes de\u00a0Ligue des champions, l\u2019international espagnol, qui d\u00e9bute la saison en boulet de canon, a d\u00e9j\u00e0 inscrit son deuxi\u00e8me but en C1, lui qui n\u2019est \u00e2g\u00e9 que de 17 ans. Une soir\u00e9e parfaite pour l\u2019ailier, qui avait \u00e0 coeur de savourer ce succ\u00e8s apr\u00e8s la rencontre.<\/span><\/p>\n<p class=\"p2 c4\"><span class=\"c2\"><strong>\u00abPlus il y a d\u2019esprit de comp\u00e9tition entre nous, mieux c\u2019est\u00bb<\/strong><\/span><\/p>\n<p class=\"p1 c3\"><span class=\"c2\">\u00abOn d\u00e9bute avec une bonne victoire, il faut continuer comme \u00e7a. (Sur son but) C\u2019est gr\u00e2ce \u00e0 tous mes co\u00e9quipiers, ils me rendent les choses faciles. C\u2019est une passe fantastique de Frenkie (De Jong) et je n\u2019ai eu qu\u2019\u00e0 pousser le ballon\u00bb,\u00a0a expliqu\u00e9 Ansu Fati, au micro de Movistar, avant de se r\u00e9jouir de la performance du secteur offensif.<\/span><\/p>\n<p class=\"p1 c3\"><span class=\"c2\">\u00abC\u2019est bon pour l\u2019\u00e9quipe, \u00e7a veut dire qu\u2019on est bien. Plus il y a d\u2019esprit de comp\u00e9tition entre nous, mieux c\u2019est. On en sort tous meilleurs. Messi, c\u2019est toujours Messi. Il peut marquer dans n\u2019importe quelle action. On est tr\u00e8s heureux de l\u2019avoir ici avec nous et je continue d\u2019apprendre de lui\u00bb, a ensuite ajout\u00e9 Ansu Fati, d\u00e9sormais tourn\u00e9 vers le Clasico face au\u00a0Real Madrid, samedi soir.\u00a0\u00abJe l\u2019aborde avec un enthousiasme maximal. C\u2019est un Clasico, j\u2019ai toujours r\u00eav\u00e9 d\u2019en disputer\u00bb. Le r\u00eave \u00e9veill\u00e9 ne fait que commencer !<\/span><\/p>\n<p>Auteur: letemps1<br \/>\n<a href=\"http:\/\/www.letemps.com.tn\/article\/117725\/%C2%ABje-continue-d%E2%80%99apprendre-de-messi%C2%BB\">Cliquez ici pour lire l&rsquo;article depuis sa source.<\/a><\/p>\n","protected":false},"excerpt":{"rendered":"<p>Buteur mardi soir lors de la large victoire face \u00e0 Ferencvaros (5-1), Ansu Fati continue d\u2019impressionner, lui qui n\u2019est pas encore majeur&#8230; Promesse. Mais o\u00f9 s\u2019arr\u00eatera Ansu Fati ? Plus les semaines passent, plus on d\u00e9couvre le talent de la jeune p\u00e9pite du\u00a0FC Barcelone. Encore buteur mardi soir lors du large succ\u00e8s contre Ferencvaros (5-1) [&hellip;]<\/p>\n","protected":false},"author":1773,"featured_media":0,"comment_status":"closed","ping_status":"closed","sticky":false,"template":"","format":"standard","meta":{"fifu_image_url":"","fifu_image_alt":"","footnotes":""},"categories":[73,55],"tags":[],"class_list":["post-102490","post","type-post","status-publish","format-standard","hentry","category-actualite","category-tunisie"],"_links":{"self":[{"href":"https:\/\/linitiative.ca\/International\/wp-json\/wp\/v2\/posts\/102490","targetHints":{"allow":["GET"]}}],"collection":[{"href":"https:\/\/linitiative.ca\/International\/wp-json\/wp\/v2\/posts"}],"about":[{"href":"https:\/\/linitiative.ca\/International\/wp-json\/wp\/v2\/types\/post"}],"author":[{"embeddable":true,"href":"https:\/\/linitiative.ca\/International\/wp-json\/wp\/v2\/users\/1773"}],"replies":[{"embeddable":true,"href":"https:\/\/linitiative.ca\/International\/wp-json\/wp\/v2\/comments?post=102490"}],"version-history":[{"count":0,"href":"https:\/\/linitiative.ca\/International\/wp-json\/wp\/v2\/posts\/102490\/revisions"}],"wp:attachment":[{"href":"https:\/\/linitiative.ca\/International\/wp-json\/wp\/v2\/media?parent=102490"}],"wp:term":[{"taxonomy":"category","embeddable":true,"href":"https:\/\/linitiative.ca\/International\/wp-json\/wp\/v2\/categories?post=102490"},{"taxonomy":"post_tag","embeddable":true,"href":"https:\/\/linitiative.ca\/International\/wp-json\/wp\/v2\/tags?post=102490"}],"curies":[{"name":"wp","href":"https:\/\/api.w.org\/{rel}","templated":true}]}}