{"id":102494,"date":"2020-10-22T15:13:16","date_gmt":"2020-10-22T19:13:16","guid":{"rendered":"https:\/\/linitiative.ca\/International\/equipe-dalgerie-decouverte-mehenni-servir-mon-pays-est-une-fierte-immense-heureux-de-vivre-cet-honneur\/"},"modified":"2020-10-22T15:13:16","modified_gmt":"2020-10-22T19:13:16","slug":"equipe-dalgerie-decouverte-mehenni-servir-mon-pays-est-une-fierte-immense-heureux-de-vivre-cet-honneur","status":"publish","type":"post","link":"https:\/\/linitiative.ca\/International\/equipe-dalgerie-decouverte-mehenni-servir-mon-pays-est-une-fierte-immense-heureux-de-vivre-cet-honneur\/","title":{"rendered":"Equipe d&rsquo;Alg\u00e9rie : D\u00e9couverte: Mehenni : \u00abServir mon pays est une fiert\u00e9 immense, heureux de vivre cet honneur\u00bb"},"content":{"rendered":"<div readability=\"32\">\n<p>Auteur : <span>Moumen Ait Kaci Ali<\/span> <span class=\"time\">jeudi 22 octobre 2020 17:30<\/span><\/p>\n<\/div>\n<div id=\"post_core\" readability=\"139\">\n<p>Le jeune milieu de terrain alg\u00e9rien de l\u2019AS Nancy Lorraine, Fares Mehenni, est aux anges. Retenu par l\u2019entraineur des U20 pour le stage de pr\u00e9paration qui pr\u00e9c\u00e9dera l\u2019annonce de la liste d\u00e9finitive des joueurs concern\u00e9s par le prochain tournoi de l\u2019UNAF qualificatif \u00e0 la CAN, Mehenni qui attendu ce jeudi \u00e0 Sidi Moussa, n\u2019a qu\u2019une seule envie\u00a0: servir son pays et porter le maillot vert de la s\u00e9lection.<\/p>\n<p><strong>Tout d\u2019abord, pr\u00e9sentez-vous au public alg\u00e9rien\u2026<\/strong><\/p>\n<p>Je m\u2019appelle Fares Mehenni, je suis n\u00e9 le 12 septembre 2002 \u00e0 Paris. J\u2019ai donc 18 ans et l\u2019\u00e9volue en France \u00e0 l\u2019AS Nancy, c\u2019est un club de Ligue 2, je suis dans la cat\u00e9gorie des moins de 19 ans, mais je joue surtout avec la r\u00e9serve du club.<\/p>\n<p><strong>Et si on revenait un peu sur votre parcours avant d\u2019arriver \u00e0 Nancy\u2026<\/strong><\/p>\n<p>Auparavant, je jouais dans un petit club \u00e0 Paris. J&rsquo;ai commenc\u00e9 le football \u00e0 Paris dans un club qui s\u2019appelle Garges jusqu&rsquo;en U13. Je suis pass\u00e9 par la suite par Sarcelles o\u00f9 j\u2019ai jou\u00e9 deux ann\u00e9es. En U14, j&rsquo;ai int\u00e9gr\u00e9 le p\u00f4le Espoirs de Reims avant d\u2019arriver \u00e0 Nancy o\u00f9 j\u2019\u00e9volue depuis \u00e9 2017.<\/p>\n<p><strong>Sarcelles un club qui a connu aussi le passage d\u2019un grand joueur, Riyad Mahrez le capitaine d\u2019\u00e9quipe de l\u2019EN\u2026<\/strong><\/p>\n<p>C\u2019est une grosse fiert\u00e9. Mahrez est le capitaine d\u2019\u00e9quipe de l\u2019Alg\u00e9rie et on a tous envie de r\u00e9ussir une carri\u00e8re comme notre exemple Mahrez et bien s\u00fbr les autres joueurs champions d\u2019Afrique aussi.<\/p>\n<p><strong>Vous \u00eates \u00e0 l\u2019aise dans quel poste\u00a0?<\/strong><\/p>\n<p>Je suis attaquant qui a commenc\u00e9 comme milieu offensif. Donc je peux \u00eatre \u00e0 l\u2019aise dans l\u2019axe ou sur les c\u00f4t\u00e9s.<\/p>\n<p><strong>Vous allez rejoindre ce jeudi les Espoirs alg\u00e9riens, quel est votre sentiment\u00a0?<\/strong><\/p>\n<p>Je suis tr\u00e8s honor\u00e9 et fier de recevoir cette convocation. Vous ne pouvez pas imaginer la joie de mes parents et ma famille. R\u00e9pondre \u00e0 l\u2019appel de l\u2019Alg\u00e9rie pour faire plaisir \u00e0 mes parents est\u00a0 quelque chose que j\u2019attendais depuis mon jeune \u00e2ge. Je suis tr\u00e8s content d\u2019\u00eatre dans cette \u00e9quipe des U20.<\/p>\n<p><strong>Vous avez l\u2019habitude de venir en Alg\u00e9rie o\u00f9 cette convocation est pour vous l\u2019occasion de d\u00e9couvrir votre pays d\u2019origine\u00a0?<\/strong><\/p>\n<p>Je suis d\u00e9j\u00e0 venu en Alg\u00e9rie avec mes parents. On a toujours de la famille l\u00e0-bas. Je pense que cela leur fera aussi plaisir de me voir jouer pour le pays. C\u2019est pour vous dire que c\u2019est plus qu\u2019un r\u00eave qui se r\u00e9alise pour moi. C\u2019est une \u00e9norme fiert\u00e9 pour ma famille aussi. J\u2019en suis tr\u00e8s ravi, j\u2019ai h\u00e2te de prouver que j\u2019ai l\u2019envie et le talent pour aider l\u2019Equipe nationale \u00e0 progresser, Inch\u2019Allah.<\/p>\n<p><strong>Votre p\u00e8re jouait aussi au football, il doit aussi fier de cette s\u00e9lection\u00a0?<\/strong><\/p>\n<p>On m\u2019avait dit que c\u2019\u00e9tait un bon joueur, je sais qu\u2019il a fait une carri\u00e8re en Alg\u00e9rie avant de venir en France. Aujourd\u2019hui, je suis content de l\u2019avoir rendu fier de son fils. Jouer pour le pays \u00e9tait son objectif quand il \u00e9tait jeune, aujourd\u2019hui c\u2019est un truc que je veux r\u00e9aliser pour lui, Inch\u2019Allah.<\/p>\n<p><strong>Djamel Belmadi a r\u00e9ussi \u00e0 donner \u00e0 l\u2019Alg\u00e9rie un troph\u00e9e cher, comment avez-vous v\u00e9cu cet exploit\u00a0?<\/strong><\/p>\n<p>C\u2019est d\u00e9j\u00e0 un pur bonheur d\u2019avoir pu gagner cette Coupe en Egypte. Djamel Belmadi a rendu des millions de gens fiers et nous avons le devoir nous en tant que binationaux de continuer sur cette lanc\u00e9e en servant notre pays. Apr\u00e8s, bien entendu, j\u2019ai v\u00e9cu cette cons\u00e9cration en Alg\u00e9rie d\u2019abord car j\u2019\u00e9tais en vacances \u00e0 Alger. Ensuite, je suis revenu en France o\u00f9 j\u2019ai pu suivre la demi-finale et la finale avec ma famille et mes amis. C\u2019est des moments exceptionnels. Franchement,\u00a0 vivre une cons\u00e9cration de l\u2019Alg\u00e9rie vous donne des frissons inoubliables.\u00a0\u00a0<\/p>\n<p><strong>On sent que vous avez h\u00e2te d\u2019y \u00eatre\u2026<\/strong><\/p>\n<p>A vrai dire, je viens de finir l\u2019entrainement et je me rends directement chez moi pour me rendre \u00e0 Alger. Je n\u2019ai que \u00e7a dans ma t\u00eate, j\u2019esp\u00e8re avoir l\u2019honneur de porter ce maillot et faire plaisir \u00e0 ma famille, ici en France et en Alg\u00e9rie.<\/p>\n<p><strong>Pour finir, vous avez eu aussi comme coach Abdeslam Ouaddou qui ne tarit pas d\u2019\u00e9loges sur vous, un commentaire\u00a0?<\/strong><\/p>\n<p>Oui, coach Ouaddou nous a beaucoup appris. J\u2019ai eu l\u2019honneur de l\u2019avoir comme entraineur. J\u2019ai beaucoup appr\u00e9ci\u00e9 mon passage sous sa coupe. Je lui souhaite tout le bonheur du monde et une grande r\u00e9ussite dans sa carri\u00e8re, Inch\u2019Allah.<\/p>\n<p><strong>Entretien r\u00e9alis\u00e9 par Moumen Ait Kaci Ali<\/strong><\/p>\n<p><strong>Publi\u00e9 dans :<\/strong> <span>Belmadi<\/span> <span>Fares Mehenni<\/span><\/p>\n<\/div>\n<p>Auteur:<br \/>\n<a href=\"http:\/\/www.lebuteur.com\/article\/detail?titre=decouverte-mehenni-servir-mon-pays-est-une-fierte-immense-heureux-de-vivre-cet-honneur&#038;id=97697&#038;utm_source=feedburner&#038;utm_medium=feed&#038;utm_campaign=Feed%3A+GalerieFArtciles+%28Les+derniers+articles++-+lebuteur.com%29\">Cliquez ici pour lire l&rsquo;article depuis sa source.<\/a><\/p>\n","protected":false},"excerpt":{"rendered":"<p>Auteur : Moumen Ait Kaci Ali jeudi 22 octobre 2020 17:30 Le jeune milieu de terrain alg\u00e9rien de l\u2019AS Nancy Lorraine, Fares Mehenni, est aux anges. Retenu par l\u2019entraineur des U20 pour le stage de pr\u00e9paration qui pr\u00e9c\u00e9dera l\u2019annonce de la liste d\u00e9finitive des joueurs concern\u00e9s par le prochain tournoi de l\u2019UNAF qualificatif \u00e0 la [&hellip;]<\/p>\n","protected":false},"author":1738,"featured_media":102495,"comment_status":"closed","ping_status":"closed","sticky":false,"template":"","format":"standard","meta":{"fifu_image_url":"","fifu_image_alt":"","footnotes":""},"categories":[53,75],"tags":[],"class_list":["post-102494","post","type-post","status-publish","format-standard","has-post-thumbnail","hentry","category-algerie","category-sport"],"_links":{"self":[{"href":"https:\/\/linitiative.ca\/International\/wp-json\/wp\/v2\/posts\/102494","targetHints":{"allow":["GET"]}}],"collection":[{"href":"https:\/\/linitiative.ca\/International\/wp-json\/wp\/v2\/posts"}],"about":[{"href":"https:\/\/linitiative.ca\/International\/wp-json\/wp\/v2\/types\/post"}],"author":[{"embeddable":true,"href":"https:\/\/linitiative.ca\/International\/wp-json\/wp\/v2\/users\/1738"}],"replies":[{"embeddable":true,"href":"https:\/\/linitiative.ca\/International\/wp-json\/wp\/v2\/comments?post=102494"}],"version-history":[{"count":0,"href":"https:\/\/linitiative.ca\/International\/wp-json\/wp\/v2\/posts\/102494\/revisions"}],"wp:featuredmedia":[{"embeddable":true,"href":"https:\/\/linitiative.ca\/International\/wp-json\/"}],"wp:attachment":[{"href":"https:\/\/linitiative.ca\/International\/wp-json\/wp\/v2\/media?parent=102494"}],"wp:term":[{"taxonomy":"category","embeddable":true,"href":"https:\/\/linitiative.ca\/International\/wp-json\/wp\/v2\/categories?post=102494"},{"taxonomy":"post_tag","embeddable":true,"href":"https:\/\/linitiative.ca\/International\/wp-json\/wp\/v2\/tags?post=102494"}],"curies":[{"name":"wp","href":"https:\/\/api.w.org\/{rel}","templated":true}]}}