{"id":102496,"date":"2020-10-22T15:13:19","date_gmt":"2020-10-22T19:13:19","guid":{"rendered":"https:\/\/linitiative.ca\/International\/equipe-dalgerie-can-u20-19-binationaux-debarquent-a-sidi-moussa\/"},"modified":"2020-10-22T15:13:19","modified_gmt":"2020-10-22T19:13:19","slug":"equipe-dalgerie-can-u20-19-binationaux-debarquent-a-sidi-moussa","status":"publish","type":"post","link":"https:\/\/linitiative.ca\/International\/equipe-dalgerie-can-u20-19-binationaux-debarquent-a-sidi-moussa\/","title":{"rendered":"Equipe d&rsquo;Alg\u00e9rie : CAN U20: 19 binationaux d\u00e9barquent \u00e0 Sidi Moussa"},"content":{"rendered":"<div readability=\"32\">\n<p>Auteur : <span>Moumen A.<\/span> <span class=\"time\">jeudi 22 octobre 2020 17:39<\/span><\/p>\n<\/div>\n<div id=\"post_core\" readability=\"38\">\n<p>La s\u00e9lection nationale des moins de 20 ans qui vient de terminer un son stage consacr\u00e9 aux joueurs locaux entamera la deuxi\u00e8me partie de pr\u00e9paration pour le prochain tournoi de l\u2019UNAF qualificatif \u00e0 la prochaine Coupe d\u2019Afrique des nations de cette cat\u00e9gorie. Pour le rassemblement qui commencera ce jeudi et s\u2019\u00e9talera jusqu\u2019au 26 octobre 2020 connaitra la pr\u00e9sence de plusieurs joueurs binationaux attendus donc \u00e0 partir de ce matin au Centre technique de Sidi Moussa. \u00ab\u00a0La deuxi\u00e8me partie du stage aura lieu du 22 au 26 octobre en pr\u00e9sence des joueurs \u00e9voluant \u00e0 l\u2019\u00e9tranger et se soldera par une rencontre amicale. Ce regroupement nous donnera une id\u00e9e plus claire et plus pr\u00e9cise sur la composante de la s\u00e9lection U20 qui disputera le tournoi UNAF qualificatif \u00e0 la CAN\u00a0\u00bb, d\u00e9clare Bensmain sur le site de la F\u00e9d\u00e9ration alg\u00e9rienne de football.<\/p>\n<p><strong>Moumen A.<\/strong><\/p>\n<p><strong>Publi\u00e9 dans :<\/strong> <span>djamel belmadi<\/span><\/p>\n<\/div>\n<p>Auteur:<br \/>\n<a href=\"http:\/\/www.lebuteur.com\/article\/detail?titre=can-u20-19-binationaux-debarquent-a-sidi-moussa&#038;id=97700&#038;utm_source=feedburner&#038;utm_medium=feed&#038;utm_campaign=Feed%3A+GalerieFArtciles+%28Les+derniers+articles++-+lebuteur.com%29\">Cliquez ici pour lire l&rsquo;article depuis sa source.<\/a><\/p>\n","protected":false},"excerpt":{"rendered":"<p>Auteur : Moumen A. jeudi 22 octobre 2020 17:39 La s\u00e9lection nationale des moins de 20 ans qui vient de terminer un son stage consacr\u00e9 aux joueurs locaux entamera la deuxi\u00e8me partie de pr\u00e9paration pour le prochain tournoi de l\u2019UNAF qualificatif \u00e0 la prochaine Coupe d\u2019Afrique des nations de cette cat\u00e9gorie. Pour le rassemblement qui [&hellip;]<\/p>\n","protected":false},"author":1738,"featured_media":102497,"comment_status":"closed","ping_status":"closed","sticky":false,"template":"","format":"standard","meta":{"fifu_image_url":"","fifu_image_alt":"","footnotes":""},"categories":[53,75],"tags":[],"class_list":["post-102496","post","type-post","status-publish","format-standard","has-post-thumbnail","hentry","category-algerie","category-sport"],"_links":{"self":[{"href":"https:\/\/linitiative.ca\/International\/wp-json\/wp\/v2\/posts\/102496","targetHints":{"allow":["GET"]}}],"collection":[{"href":"https:\/\/linitiative.ca\/International\/wp-json\/wp\/v2\/posts"}],"about":[{"href":"https:\/\/linitiative.ca\/International\/wp-json\/wp\/v2\/types\/post"}],"author":[{"embeddable":true,"href":"https:\/\/linitiative.ca\/International\/wp-json\/wp\/v2\/users\/1738"}],"replies":[{"embeddable":true,"href":"https:\/\/linitiative.ca\/International\/wp-json\/wp\/v2\/comments?post=102496"}],"version-history":[{"count":0,"href":"https:\/\/linitiative.ca\/International\/wp-json\/wp\/v2\/posts\/102496\/revisions"}],"wp:featuredmedia":[{"embeddable":true,"href":"https:\/\/linitiative.ca\/International\/wp-json\/"}],"wp:attachment":[{"href":"https:\/\/linitiative.ca\/International\/wp-json\/wp\/v2\/media?parent=102496"}],"wp:term":[{"taxonomy":"category","embeddable":true,"href":"https:\/\/linitiative.ca\/International\/wp-json\/wp\/v2\/categories?post=102496"},{"taxonomy":"post_tag","embeddable":true,"href":"https:\/\/linitiative.ca\/International\/wp-json\/wp\/v2\/tags?post=102496"}],"curies":[{"name":"wp","href":"https:\/\/api.w.org\/{rel}","templated":true}]}}