{"id":102502,"date":"2020-10-22T07:36:43","date_gmt":"2020-10-22T11:36:43","guid":{"rendered":"https:\/\/linitiative.ca\/International\/111568-federation-subaquatique-les-deux-candidats-pour-le-poste-de-president-retenus\/"},"modified":"2020-10-22T07:36:43","modified_gmt":"2020-10-22T11:36:43","slug":"111568-federation-subaquatique-les-deux-candidats-pour-le-poste-de-president-retenus","status":"publish","type":"post","link":"https:\/\/linitiative.ca\/International\/111568-federation-subaquatique-les-deux-candidats-pour-le-poste-de-president-retenus\/","title":{"rendered":"F\u00e9d\u00e9ration subaquatique : les deux candidats pour le poste de pr\u00e9sident retenus"},"content":{"rendered":"<p><span class=\"sp-nh-title\">Constitution: les animateurs de la campagne insistent sur l&rsquo;importance d&rsquo;aller voter en masse \u00a0<\/span> &#8211; <span class=\"sp-nh-date\">jeudi 22 octobre 2020 20:20<\/span><\/p>\n<p><span class=\"sp-nh-title\">Amendement de la Constitution : paroles des animateurs du 16 \u00e8me jour de la campagne r\u00e9f\u00e9rendaire<\/span> &#8211; <span class=\"sp-nh-date\">jeudi 22 octobre 2020 20:03<\/span><\/p>\n<p><span class=\"sp-nh-title\">PLF 2021 : introduction de 4 nouveaux articles concernant la DG du Tr\u00e9sor<\/span> &#8211; <span class=\"sp-nh-date\">jeudi 22 octobre 2020 20:03<\/span><\/p>\n<p><span class=\"sp-nh-title\">Message du Pr\u00e9sident Tebboune \u00e0 l&rsquo;occasion de la Journ\u00e9e nationale de la presse<\/span> &#8211; <span class=\"sp-nh-date\">jeudi 22 octobre 2020 19:57<\/span><\/p>\n<p><span class=\"sp-nh-title\">Pr\u00e9sident Tebboune: focaliser sur le num\u00e9rique pour une \u00e9conomie forte et comp\u00e9titive<\/span> &#8211; <span class=\"sp-nh-date\">jeudi 22 octobre 2020 19:52<\/span><\/p>\n<p><span class=\"sp-nh-title\">R\u00e9vision constitutionnelle : le Pr\u00e9sident Tebboune salue le professionnalisme des journalistes<\/span> &#8211; <span class=\"sp-nh-date\">jeudi 22 octobre 2020 19:47<\/span><\/p>\n<p><span class=\"sp-nh-title\">Boukadoum prend part \u00e0 la 16e r\u00e9union des ministres des AE du Dialogue 5+5<\/span> &#8211; <span class=\"sp-nh-date\">jeudi 22 octobre 2020 19:43<\/span><\/p>\n<p><span class=\"sp-nh-title\">Anniversaire de la Guerre de lib\u00e9ration: le Mus\u00e9e de l&rsquo;arm\u00e9e abrite un programme riche<\/span> &#8211; <span class=\"sp-nh-date\">jeudi 22 octobre 2020 19:42<\/span><\/p>\n<p><span class=\"sp-nh-title\">Sahara occidental : cr\u00e9er une ONG pour plaider en faveur de l\u2019ind\u00e9pendance du peuple sahraoui<\/span> &#8211; <span class=\"sp-nh-date\">jeudi 22 octobre 2020 19:39<\/span><\/p>\n<p><span class=\"sp-nh-title\">CPA: lancement inaugural de la finance islamique ce dimanche<\/span> &#8211; <span class=\"sp-nh-date\">jeudi 22 octobre 2020 19:34<\/span><\/p>\n<p><span class=\"sp-nh-title\">Amendement constitutionnel: le r\u00f4le de la presse est fondamental dans la sensibilisation au projet<\/span> &#8211; <span class=\"sp-nh-date\">jeudi 22 octobre 2020 19:31<\/span><\/p>\n<p><span class=\"sp-nh-title\">Sahara occidental: adopter une strat\u00e9gie m\u00e9diatique efficace pour contrer la campagne fr\u00e9n\u00e9tique de l&rsquo;occupant marocain<\/span> &#8211; <span class=\"sp-nh-date\">jeudi 22 octobre 2020 19:29<\/span><\/p>\n<p><span class=\"sp-nh-title\">La qualit\u00e9 de partenaire accord\u00e9e \u00e0 la soci\u00e9t\u00e9 civile, une motivation pour pl\u00e9bisciter le projet d&rsquo;amendement de la Constitution<\/span> &#8211; <span class=\"sp-nh-date\">jeudi 22 octobre 2020 19:25<\/span><\/p>\n<p><span class=\"sp-nh-title\">Budget 2021: le secteur de l&rsquo;Habitat d\u00e9tient la part du lion<\/span> &#8211; <span class=\"sp-nh-date\">jeudi 22 octobre 2020 19:21<\/span><\/p>\n<p><span class=\"sp-nh-title\">Ligne maritime de fret roulant Alger-Marseille: la 1\u00e8re travers\u00e9e pr\u00e9vue le 2 novembre<\/span> &#8211; <span class=\"sp-nh-date\">jeudi 22 octobre 2020 19:18<\/span><\/p>\n<p><span class=\"sp-nh-title\">Le projet d\u2019amendement de la Constitution, une \u00e9tape marquante dans l\u2019histoire de l\u2019Alg\u00e9rie<\/span> &#8211; <span class=\"sp-nh-date\">jeudi 22 octobre 2020 19:09<\/span><\/p>\n<p><span class=\"sp-nh-title\">Projet d&rsquo;amendement de la Constitution : juger le document apr\u00e8s en avoir pris connaissance<\/span> &#8211; <span class=\"sp-nh-date\">jeudi 22 octobre 2020 19:05<\/span><\/p>\n<p><span class=\"sp-nh-title\">Imp\u00e9ratif de coordonner les efforts des journalistes alg\u00e9riens et sahraouis pour le droit \u00e0 l&rsquo;expression<\/span> &#8211; <span class=\"sp-nh-date\">jeudi 22 octobre 2020 18:52<\/span><\/p>\n<p><span class=\"sp-nh-title\">FLN : le projet d\u2019amendement de la Constitution consacre la souverainet\u00e9 et la volont\u00e9 populaire<\/span> &#8211; <span class=\"sp-nh-date\">jeudi 22 octobre 2020 18:41<\/span><\/p>\n<p><span class=\"sp-nh-title\">Le projet d&rsquo;amendement constitutionnel n\u00e9cessite un avis consensuel<\/span> &#8211; <span class=\"sp-nh-date\">jeudi 22 octobre 2020 18:32<\/span><\/p>\n<p>Auteur:<br \/>\n<a href=\"http:\/\/www.aps.dz\/sport\/111568-federation-subaquatique-les-deux-candidats-pour-le-poste-de-president-retenus?utm_source=feedburner&#038;utm_medium=feed&#038;utm_campaign=Feed%3A+aps-sport+%28APS+-+SPORT%29\">Cliquez ici pour lire l&rsquo;article depuis sa source.<\/a><\/p>\n","protected":false},"excerpt":{"rendered":"<p>Constitution: les animateurs de la campagne insistent sur l&rsquo;importance d&rsquo;aller voter en masse \u00a0 &#8211; jeudi 22 octobre 2020 20:20 Amendement de la Constitution : paroles des animateurs du 16 \u00e8me jour de la campagne r\u00e9f\u00e9rendaire &#8211; jeudi 22 octobre 2020 20:03 PLF 2021 : introduction de 4 nouveaux articles concernant la DG du Tr\u00e9sor [&hellip;]<\/p>\n","protected":false},"author":1790,"featured_media":0,"comment_status":"closed","ping_status":"closed","sticky":false,"template":"","format":"standard","meta":{"fifu_image_url":"","fifu_image_alt":"","footnotes":""},"categories":[53,75],"tags":[],"class_list":["post-102502","post","type-post","status-publish","format-standard","hentry","category-algerie","category-sport"],"_links":{"self":[{"href":"https:\/\/linitiative.ca\/International\/wp-json\/wp\/v2\/posts\/102502","targetHints":{"allow":["GET"]}}],"collection":[{"href":"https:\/\/linitiative.ca\/International\/wp-json\/wp\/v2\/posts"}],"about":[{"href":"https:\/\/linitiative.ca\/International\/wp-json\/wp\/v2\/types\/post"}],"author":[{"embeddable":true,"href":"https:\/\/linitiative.ca\/International\/wp-json\/wp\/v2\/users\/1790"}],"replies":[{"embeddable":true,"href":"https:\/\/linitiative.ca\/International\/wp-json\/wp\/v2\/comments?post=102502"}],"version-history":[{"count":0,"href":"https:\/\/linitiative.ca\/International\/wp-json\/wp\/v2\/posts\/102502\/revisions"}],"wp:attachment":[{"href":"https:\/\/linitiative.ca\/International\/wp-json\/wp\/v2\/media?parent=102502"}],"wp:term":[{"taxonomy":"category","embeddable":true,"href":"https:\/\/linitiative.ca\/International\/wp-json\/wp\/v2\/categories?post=102502"},{"taxonomy":"post_tag","embeddable":true,"href":"https:\/\/linitiative.ca\/International\/wp-json\/wp\/v2\/tags?post=102502"}],"curies":[{"name":"wp","href":"https:\/\/api.w.org\/{rel}","templated":true}]}}