{"id":102506,"date":"2020-10-22T06:48:03","date_gmt":"2020-10-22T10:48:03","guid":{"rendered":"https:\/\/linitiative.ca\/International\/mourad-oulmi-ecope-de-10-ans-de-prison\/"},"modified":"2020-10-22T06:48:03","modified_gmt":"2020-10-22T10:48:03","slug":"mourad-oulmi-ecope-de-10-ans-de-prison","status":"publish","type":"post","link":"https:\/\/linitiative.ca\/International\/mourad-oulmi-ecope-de-10-ans-de-prison\/","title":{"rendered":"Mourad Oulmi \u00e9cope de 10 ans de prison"},"content":{"rendered":"<h4 class=\"title-14\">La cour confirme les peines contre le PDG du groupe Sovac<\/h4>\n<p class=\"p1\"><strong><em>La chambre p\u00e9nale pr\u00e8s la cour d\u2019Alger a confirm\u00e9 hier la peine de 10 ans de prison ferme, inflig\u00e9e par le tribunal de Sidi M\u2019hamed, contre l\u2019homme d\u2019affaires Mourad Oulmi, patron du groupe Sovac. Elle a revu \u00e0 la baisse celle retenue contre Ahmed Ouyahia, Keider Oulmi, Omar Boudiab et Youcef Yousfi et a prononc\u00e9 la relaxe au profit de quatre pr\u00e9venus. Elle a maintenu le paiement de la somme de 225 milliards de dinars au Tr\u00e9sor public et la confiscation des biens des soci\u00e9t\u00e9s.<\/em><\/strong><\/p>\n<p class=\"p1\"><span class=\"s1\"><strong>L<\/strong><\/span>e proc\u00e8s en appel de l\u2019affaire Sovac a connu hier son \u00e9pilogue avec les d\u00e9cisions de la chambre p\u00e9nale pr\u00e8s la cour d\u2019Alger, rendues durant la matin\u00e9e.<\/p>\n<p class=\"p1\">Ainsi, les magistrats ont d\u2019abord maintenu la peine de 20 ans de prison ferme, et un mandat d\u2019arr\u00eat contre les pr\u00e9venus en fuite, Abdesselam Bouchouareb, ex-ministre de l\u2019Industrie, Fatiha Oulmi \u00e9pouse de Oulmi Mourad, Amine Djerbou, son conseiller, et le paiement de la somme de 225 milliards de dinars au Tr\u00e9sor public.<\/p>\n<p class=\"p1\">Ils ont confirm\u00e9 \u00e9galement la peine de 10 ans de prison ferme, avec une p\u00e9riode de s\u00fbret\u00e9 de 5 ans, et une amende de 8 millions de dinars inflig\u00e9e \u00e0 Mourad Oulmi, et les peines de 2 ans avec sursis prononc\u00e9es contre Mohamed Alouane, Abdelkrim Kasdarli, Tira Amine, Djamel Ouikane et Smail Abdoun.<\/p>\n<p class=\"p1\">Par contre, Ahmed Ouyahia, ex-Premier ministre, Youcef Yousfi, ex-ministre de l\u2019Industrie, Omar Boudiab, ex-PDG du CPA (Cr\u00e9dit Populaire d\u2019Alg\u00e9rie) et Kheider Oulmi ont b\u00e9n\u00e9fici\u00e9 d\u2019une r\u00e9duction de peine.<\/p>\n<p class=\"p1\">Celle-ci est pass\u00e9e de 12 ans \u00e0 10 ans de prison ferme et deux millions d\u2019amende pour Ahmed Ouyahia, et de 7 ans de prison ferme et 8 millions de dinars \u00e0 5 ans de prison ferme et la m\u00eame sanction financi\u00e8re, de 3 ans de prison ferme \u00e0 2 ans avec une ann\u00e9e de sursis contre Youcef Yousfi et Omar Boudiab.<\/p>\n<p class=\"p1\">La chambre p\u00e9nale a par ailleurs prononc\u00e9 la relaxe au profit de quatre pr\u00e9venus, Nasreddine Djida, Noureddine Boughrira, Mustapha Benalkma, Abdelkrim Mustapha. L\u2019affaire avait fait couler beaucoup d\u2019encre apr\u00e8s l\u2019incident d\u2019audience qui a oppos\u00e9 les magistrats aux avocats, lors du proc\u00e8s, poussant ces derniers \u00e0 d\u00e9serter la salle et \u00e0 boycotter les activit\u00e9s judiciaires, en signe de protestation, durant une semaine.<\/p>\n<p class=\"p1\">Il est \u00e0 rappeler que le patron du groupe Sovac, l\u2019ancien Premier ministre, Ahmed Ouyahia, Youcef Yousfi, l\u2019ex-patron du CPA et de nombreux cadres du minist\u00e8re de l\u2019Industrie ont \u00e9t\u00e9 poursuivis et condamn\u00e9s en premi\u00e8re instance dans le cadre du dossier li\u00e9 aux \u00abindus avantages\u00bb accord\u00e9s dans le cadre de l\u2019industrie du montage automobile pour entre autres griefs de \u00abtrafic d\u2019influence\u00bb, \u00ababus de fonction\u00bb, \u00aboctroi d\u2019indus avantages\u00bb, \u00abblanchiment d\u2019argent\u00bb.<\/p>\n<p class=\"p1\">Pour la majorit\u00e9 des avocats de l\u2019homme d\u2019affaires, le verdict en appel va \u00eatre cass\u00e9 apr\u00e8s le pourvoi aupr\u00e8s de la Cour supr\u00eame, ces jours-ci.<\/p>\n<p><span class=\"post-views-label\">Post Views:<\/span> <span class=\"post-views-count\">673<\/span><\/p>\n<div class=\"ichhar-moneytagnative c8\" id=\"ichhar-1358614662\">\n<p>Advertisements<\/p>\n<\/div>\n<p><br class=\"c2\"\/><br class=\"c9\"\/><\/p>\n<p>Auteur: Anis Khecheba<br \/>\n<a href=\"https:\/\/www.elwatan.com\/edition\/actualite\/mourad-oulmi-ecope-de-10-ans-de-prison-22-10-2020\">Cliquez ici pour lire l&rsquo;article depuis sa source.<\/a><\/p>\n","protected":false},"excerpt":{"rendered":"<p>La cour confirme les peines contre le PDG du groupe Sovac La chambre p\u00e9nale pr\u00e8s la cour d\u2019Alger a confirm\u00e9 hier la peine de 10 ans de prison ferme, inflig\u00e9e par le tribunal de Sidi M\u2019hamed, contre l\u2019homme d\u2019affaires Mourad Oulmi, patron du groupe Sovac. Elle a revu \u00e0 la baisse celle retenue contre Ahmed [&hellip;]<\/p>\n","protected":false},"author":1743,"featured_media":0,"comment_status":"closed","ping_status":"closed","sticky":false,"template":"","format":"standard","meta":{"fifu_image_url":"","fifu_image_alt":"","footnotes":""},"categories":[73,53],"tags":[],"class_list":["post-102506","post","type-post","status-publish","format-standard","hentry","category-actualite","category-algerie"],"_links":{"self":[{"href":"https:\/\/linitiative.ca\/International\/wp-json\/wp\/v2\/posts\/102506","targetHints":{"allow":["GET"]}}],"collection":[{"href":"https:\/\/linitiative.ca\/International\/wp-json\/wp\/v2\/posts"}],"about":[{"href":"https:\/\/linitiative.ca\/International\/wp-json\/wp\/v2\/types\/post"}],"author":[{"embeddable":true,"href":"https:\/\/linitiative.ca\/International\/wp-json\/wp\/v2\/users\/1743"}],"replies":[{"embeddable":true,"href":"https:\/\/linitiative.ca\/International\/wp-json\/wp\/v2\/comments?post=102506"}],"version-history":[{"count":0,"href":"https:\/\/linitiative.ca\/International\/wp-json\/wp\/v2\/posts\/102506\/revisions"}],"wp:attachment":[{"href":"https:\/\/linitiative.ca\/International\/wp-json\/wp\/v2\/media?parent=102506"}],"wp:term":[{"taxonomy":"category","embeddable":true,"href":"https:\/\/linitiative.ca\/International\/wp-json\/wp\/v2\/categories?post=102506"},{"taxonomy":"post_tag","embeddable":true,"href":"https:\/\/linitiative.ca\/International\/wp-json\/wp\/v2\/tags?post=102506"}],"curies":[{"name":"wp","href":"https:\/\/api.w.org\/{rel}","templated":true}]}}