{"id":102507,"date":"2020-10-22T06:49:10","date_gmt":"2020-10-22T10:49:10","guid":{"rendered":"https:\/\/linitiative.ca\/International\/rentree-scolaire-2020-2021-les-couacs-de-la-premiere-journee\/"},"modified":"2020-10-22T06:49:10","modified_gmt":"2020-10-22T10:49:10","slug":"rentree-scolaire-2020-2021-les-couacs-de-la-premiere-journee","status":"publish","type":"post","link":"https:\/\/linitiative.ca\/International\/rentree-scolaire-2020-2021-les-couacs-de-la-premiere-journee\/","title":{"rendered":"Rentr\u00e9e scolaire 2020-2021 : Les couacs de la premi\u00e8re journ\u00e9e"},"content":{"rendered":"<h4 class=\"title-14\"\/>\n<div class=\"featured_image\"><img loading=\"lazy\" decoding=\"async\" width=\"1200\" height=\"747\" src=\"https:\/\/www.elwatan.com\/wp-content\/uploads\/2020\/10\/rentre\u0301e.jpg\" class=\"attachment-post-thumbnail size-post-thumbnail wp-post-image\" alt=\"\" srcset=\"https:\/\/www.elwatan.com\/wp-content\/uploads\/2020\/10\/rentre\u0301e.jpg 1200w, https:\/\/www.elwatan.com\/wp-content\/uploads\/2020\/10\/rentre\u0301e-300x187.jpg 300w, https:\/\/www.elwatan.com\/wp-content\/uploads\/2020\/10\/rentre\u0301e-768x478.jpg 768w, https:\/\/www.elwatan.com\/wp-content\/uploads\/2020\/10\/rentre\u0301e-1024x637.jpg 1024w\" sizes=\"auto, (max-width: 1200px) 100vw, 1200px\"\/><\/div>\n<p class=\"p3\"><span class=\"s2\"><strong>Suite aux mesures de d\u00e9coupage des classes, le reste des \u00e9coliers feront leur rentr\u00e9e aujourd\u2019hui. Des conditions sanitaires et organisationnelles historiques ont marqu\u00e9 cette premi\u00e8re \u00e9tape de la rentr\u00e9e scolaire 2020-2021.<\/strong><\/span><\/p>\n<p class=\"p5\"><span class=\"s1\"><strong>M<\/strong><\/span><span class=\"s1\">asqu\u00e9s, cartable sur le dos et flacon de gel d\u00e9sinfectant dans les mains : c\u2019est ainsi que plus de 2,5 millions d\u2019\u00e9l\u00e8ves du cycle primaire ont rejoint, hier, les bancs de l\u2019\u00e9cole.<\/span><\/p>\n<p class=\"p6\"><span class=\"s1\">Suite aux mesures de d\u00e9coupage des classes, le reste des \u00e9coliers feront leur rentr\u00e9e aujourd\u2019hui. Des conditions sanitaires et organisationnelles historiques ont marqu\u00e9 cette premi\u00e8re \u00e9tape de la rentr\u00e9e scolaire 2020-2021.<\/span><\/p>\n<p class=\"p6\"><span class=\"s1\">\u00ab<em>L\u2019\u00e9cole m\u2019a beaucoup manqu\u00e9e.\u00bb<\/em> C\u2019est en ces termes que la petite Yasmine a exprim\u00e9 sa joie de retrouver enfin le milieu scolaire.<\/span><\/p>\n<p class=\"p6\"><span class=\"s1\">A cause du protocole sanitaire appliqu\u00e9, elle n\u2019a pas pu faire des c\u00e2lins \u00e0 ses jeunes camarades de classe, tous inscrits \u00e0 l\u2019\u00e9cole primaire Salah Nour, \u00e0 Kouba. A l\u2019entr\u00e9e de l\u2019\u00e9tablissement, c\u2019\u00e9tait plut\u00f4t la panique chez les parents d\u2019\u00e9l\u00e8ves.<\/span><\/p>\n<p class=\"p6\"><span class=\"s1\">Tandis que certains v\u00e9rifiaient la r\u00e9partition des groupes et les emplois du temps, d\u2019autres posaient un tas de questions au directeur de l\u2019\u00e9cole quant aux mesures d\u2019hygi\u00e8ne et de pr\u00e9vention de la Covid-19. \u00ab<em>Je ne vous cache pas, j\u2019ai vraiment peur. C\u2019est mon fils unique. J\u2019ai peur qu\u2019il chope ce virus, qu\u2019il tombe malade et nous contamine.<\/em><\/span><\/p>\n<p class=\"p6\"><span class=\"s1\"><em>Toutefois, je n\u2019ai pas le choix. Il faut qu\u2019il aille \u00e0 l\u2019\u00e9cole<\/em>\u00bb, souligne Samia, jeune maman avant de reprendre ses questions en qu\u00eate de plus d\u2019assurance.<\/span><\/p>\n<p class=\"p6\"><span class=\"s1\">Pour la mise \u00e0 ex\u00e9cution du protocole sanitaire approuv\u00e9 par le minist\u00e8re de la Sant\u00e9, les enseignantes sur place \u00e9taient partag\u00e9es. Tandis que deux prenaient les temp\u00e9ratures des \u00e9coliers, d\u2019autres veillaient au respect de la distanciation sociale.<\/span><\/p>\n<p class=\"p6\"><span class=\"s1\">Un agent par contre distribuait les masques aux petits qui n\u2019en avaient pas. D\u00e8s l\u2019entr\u00e9e, ces derniers devaient d\u00e9sinfecter leurs chaussures et m\u00e9moriser le jeu de couleur tr\u00e8s ludique du marquage au sol. Le vert pour la 5<sup>e<\/sup> ann\u00e9e, le rose pour la 4<sup>e<\/sup> ann\u00e9e, le blanc pour la 3<sup>e<\/sup> ann\u00e9e, le jaune pour la 2<sup>e<\/sup> ann\u00e9e et le bleu pour la 1<sup>re<\/sup> ann\u00e9e.<\/span><\/p>\n<p class=\"p6\"><span class=\"s1\">Ceux des classes du pr\u00e9scolaire, c\u2019\u00e9tait plut\u00f4t un marquage multicolore. \u00ab<em>Nous avons tout pr\u00e9par\u00e9 \u00e0 l\u2019avance. Nous avons \u00e9t\u00e9 aid\u00e9s par des parents d\u2019\u00e9l\u00e8ves, les collectivit\u00e9s locales et les inspecteurs.<\/em><\/span><\/p>\n<p class=\"p6\"><span class=\"s1\"><em>Justement, ce sont ces derniers, plus pr\u00e9cis\u00e9ment les inspecteurs de l\u2019\u00e9ducation physique et sportive, qui ont pris en charge b\u00e9n\u00e9volement le marquage au sol. Avec le jeu de couleurs, les enfants se sentent plus dans un jeu que dans un protocole strict<\/em>\u00bb, d\u00e9clare Mounir Senhadji, directeur de l\u2019\u00e9cole.<\/span><\/p>\n<p class=\"p6\"><span class=\"s1\">Bien que ses classes ne soient pas surcharg\u00e9es (pas plus de 22 \u00e9l\u00e8ves par classe), le syst\u00e8me de double vacation est adopt\u00e9 avec des sous-groupes de 10 \u00e0 11 \u00e9l\u00e8ves.<\/span><\/p>\n<p class=\"p6\"><span class=\"s1\">Le directeur souligne qu\u2019il n\u2019existe pas de note claire quant au non-d\u00e9coupage des groupes scolaires dont le nombre ne d\u00e9passe pas les 24 \u00e9l\u00e8ves.<\/span><\/p>\n<p class=\"p6\"><strong><span class=\"s1\">Les parents d\u2019\u00e9l\u00e8ves\u00a0\u00e0 la rescousse<\/span><\/strong><\/p>\n<p class=\"p7\"><span class=\"s1\">Loin de cet \u00e9tablissement exemplaire, beaucoup d\u2019autres \u00e9coles du pays se sont retrouv\u00e9es dans une situation compliqu\u00e9e : pr\u00e9parer une rentr\u00e9e sans v\u00e9ritables ressources humaines et financi\u00e8res. Rien qu\u2019\u00e0 Alger, des \u00e9tablissements n\u2019ont pas pu ouvrir aujourd\u2019hui. Certains n\u2019ont pas \u00e9t\u00e9 am\u00e9nag\u00e9s, tandis que d\u2019autres sont carr\u00e9ment en travaux.<\/span><\/p>\n<p class=\"p6\"><span class=\"s1\">Le motif du retard serait la p\u00e9riode de confinement qui a somm\u00e9 les entrepreneurs \u00e0 geler leurs chantiers. Dans certains, ce sont les enseignants et les parents d\u2019\u00e9l\u00e8ves qui ont contribu\u00e9, c\u00f4te \u00e0 c\u00f4te, pour garantir la r\u00e9ussite de cette rentr\u00e9e.<\/span><\/p>\n<p class=\"p6\"><span class=\"s1\">Les premiers se sont investis dans le nettoiement et l\u2019am\u00e9nagement des salles de classes. Les parents ainsi que la soci\u00e9t\u00e9 civile ont mis la main \u00e0 la poche pour aider financi\u00e8rement les \u00e9coles en d\u00e9ficit. Gel hydroalcoolique, bavettes et d\u00e9tergents ont \u00e9t\u00e9 mis \u00e0 la disposition des \u00e9coles.<\/span><\/p>\n<p class=\"p6\"><span class=\"s1\">Le d\u00e9partement de Mohamed Ouadjaout se dit satisfait de l\u2019exploit des enseignants du primaire, les directeurs des \u00e9tablissements, les parents d\u2019\u00e9l\u00e8ves et la soci\u00e9t\u00e9 civile pour la r\u00e9ussite de cette rentr\u00e9e qualifi\u00e9e d\u2019<em>\u00abhistorique\u00bb<\/em>.<\/span><\/p>\n<p class=\"p6\"><span class=\"s1\">\u00ab<em>Nous sommes dans un contexte mondial exceptionnel qui n\u00e9cessite des efforts communs de tous pour garantir la scolarit\u00e9 des \u00e9l\u00e8ves. Nous sommes aujourd\u2019hui dans une situation de guerre face \u00e0 ce virus. Nous ne voulons en aucun arriver \u00e0 l\u2019\u00e9chec, encore moins \u00eatre comme nos voisins et d\u00e9clarer une ann\u00e9e blanche<\/em>\u00bb, d\u00e9clare un cadre au minist\u00e8re de l\u2019Education nationale qui souligne que l\u2019heure est aujourd\u2019hui celle de l\u2019enseignement participatif.<\/span><\/p>\n<p class=\"p6\"><span class=\"s1\">Pour notre cadre, les parents d\u2019\u00e9l\u00e8ves doivent s\u2019investir aupr\u00e8s du minist\u00e8re afin d\u2019inciter leurs enfants \u00e0 suivre l\u2019enseignement \u00e0 distance dispens\u00e9 en parall\u00e8le du pr\u00e9sentiel. Les parents ont, selon les propos de notre interlocuteur, une grande part de responsabilit\u00e9 dans ce sens.<\/span><\/p>\n<p class=\"p6\"><span class=\"s1\">Il est \u00e0 rappeler qu\u2019avec le syst\u00e8me de double vacation, les groupes scolaires verront la r\u00e9partition de la semaine ordinaire hors-corona sur deux semaines.<\/span><\/p>\n<p class=\"p6\"><span class=\"s1\">En incluant les connaissances du 3<sup>e<\/sup> trimestre non fait suite \u00e0 la pand\u00e9mie de la Covid-19, les programmes ont \u00e9t\u00e9 adapt\u00e9s de sorte \u00e0 dispenser aux \u00e9l\u00e8ves les connaissances principales.<\/span><\/p>\n<p class=\"p6\"><span class=\"s1\">Pour \u00e9viter un d\u00e9calage dans l\u2019avancement du programme entre l\u2019\u00e9cole publique et le priv\u00e9, ce dernier devra dispenser les cours une journ\u00e9e sur deux.<\/span><\/p>\n<p class=\"p6\"><span class=\"s1\">La journ\u00e9e libre devra \u00eatre consacr\u00e9e aux activit\u00e9s extrascolaires. Signalons qu\u2019ils sont 5 289 666 \u00e9l\u00e8ves inscrits au cycle primaire r\u00e9partis sur 19\u00a0703 \u00e9tablissements d\u2019enseignement sur le territoire national.\u00a0<\/span><\/p>\n<p><span class=\"post-views-label\">Post Views:<\/span> <span class=\"post-views-count\">1\u00a0315<\/span><\/p>\n<div class=\"ichhar-moneytagnative c8\" id=\"ichhar-1190411280\">\n<p>Advertisements<\/p>\n<\/div>\n<p><br class=\"c2\"\/><br class=\"c9\"\/><\/p>\n<p>Auteur: Anis Khecheba<br \/>\n<a href=\"https:\/\/www.elwatan.com\/edition\/actualite\/les-couacs-de-la-premiere-journee-22-10-2020\">Cliquez ici pour lire l&rsquo;article depuis sa source.<\/a><\/p>\n","protected":false},"excerpt":{"rendered":"<p>Suite aux mesures de d\u00e9coupage des classes, le reste des \u00e9coliers feront leur rentr\u00e9e aujourd\u2019hui. Des conditions sanitaires et organisationnelles historiques ont marqu\u00e9 cette premi\u00e8re \u00e9tape de la rentr\u00e9e scolaire 2020-2021. Masqu\u00e9s, cartable sur le dos et flacon de gel d\u00e9sinfectant dans les mains : c\u2019est ainsi que plus de 2,5 millions d\u2019\u00e9l\u00e8ves du cycle [&hellip;]<\/p>\n","protected":false},"author":1743,"featured_media":102508,"comment_status":"closed","ping_status":"closed","sticky":false,"template":"","format":"standard","meta":{"fifu_image_url":"","fifu_image_alt":"","footnotes":""},"categories":[73,53],"tags":[],"class_list":["post-102507","post","type-post","status-publish","format-standard","has-post-thumbnail","hentry","category-actualite","category-algerie"],"_links":{"self":[{"href":"https:\/\/linitiative.ca\/International\/wp-json\/wp\/v2\/posts\/102507","targetHints":{"allow":["GET"]}}],"collection":[{"href":"https:\/\/linitiative.ca\/International\/wp-json\/wp\/v2\/posts"}],"about":[{"href":"https:\/\/linitiative.ca\/International\/wp-json\/wp\/v2\/types\/post"}],"author":[{"embeddable":true,"href":"https:\/\/linitiative.ca\/International\/wp-json\/wp\/v2\/users\/1743"}],"replies":[{"embeddable":true,"href":"https:\/\/linitiative.ca\/International\/wp-json\/wp\/v2\/comments?post=102507"}],"version-history":[{"count":0,"href":"https:\/\/linitiative.ca\/International\/wp-json\/wp\/v2\/posts\/102507\/revisions"}],"wp:featuredmedia":[{"embeddable":true,"href":"https:\/\/linitiative.ca\/International\/wp-json\/"}],"wp:attachment":[{"href":"https:\/\/linitiative.ca\/International\/wp-json\/wp\/v2\/media?parent=102507"}],"wp:term":[{"taxonomy":"category","embeddable":true,"href":"https:\/\/linitiative.ca\/International\/wp-json\/wp\/v2\/categories?post=102507"},{"taxonomy":"post_tag","embeddable":true,"href":"https:\/\/linitiative.ca\/International\/wp-json\/wp\/v2\/tags?post=102507"}],"curies":[{"name":"wp","href":"https:\/\/api.w.org\/{rel}","templated":true}]}}