{"id":102509,"date":"2020-10-22T06:50:27","date_gmt":"2020-10-22T10:50:27","guid":{"rendered":"https:\/\/linitiative.ca\/International\/levee-de-limmunite-parlementaire-du-president-du-rcd-mohcine-belabbas-indignation-et-vague-de-solidarite\/"},"modified":"2020-10-22T06:50:27","modified_gmt":"2020-10-22T10:50:27","slug":"levee-de-limmunite-parlementaire-du-president-du-rcd-mohcine-belabbas-indignation-et-vague-de-solidarite","status":"publish","type":"post","link":"https:\/\/linitiative.ca\/International\/levee-de-limmunite-parlementaire-du-president-du-rcd-mohcine-belabbas-indignation-et-vague-de-solidarite\/","title":{"rendered":"Lev\u00e9e de l\u2019immunit\u00e9 parlementaire du pr\u00e9sident du RCD Mohcine Belabbas : Indignation et vague de solidarit\u00e9"},"content":{"rendered":"<h4 class=\"title-14\"\/>\n<div class=\"featured_image\"><img loading=\"lazy\" decoding=\"async\" width=\"800\" height=\"530\" src=\"https:\/\/www.elwatan.com\/wp-content\/uploads\/2020\/10\/MOHCINE.jpg\" class=\"attachment-post-thumbnail size-post-thumbnail wp-post-image\" alt=\"\" srcset=\"https:\/\/www.elwatan.com\/wp-content\/uploads\/2020\/10\/MOHCINE.jpg 800w, https:\/\/www.elwatan.com\/wp-content\/uploads\/2020\/10\/MOHCINE-300x199.jpg 300w, https:\/\/www.elwatan.com\/wp-content\/uploads\/2020\/10\/MOHCINE-768x509.jpg 768w\" sizes=\"auto, (max-width: 800px) 100vw, 800px\"\/><\/div>\n<p class=\"p3\"><span class=\"s2\"><strong>Des organisations, des personnalit\u00e9s et des militants de divers horizons ont exprim\u00e9 leur indignation face \u00e0 cette pression qui va crescendo contre le RCD et son pr\u00e9sident, Mohcine Belabbas.<\/strong><\/span><\/p>\n<p class=\"p3\"><span class=\"s2\"><strong>L<\/strong><\/span><span class=\"s1\">a lev\u00e9e de l\u2019immunit\u00e9 parlementaire du d\u00e9put\u00e9 et pr\u00e9sident du RCD, Mohcine Belabbas, act\u00e9e mardi par des parlementaires de la majorit\u00e9 FLN-RND, a suscit\u00e9 une vague de r\u00e9actions. Des organisations, des personnalit\u00e9s et des militants de divers horizons ont exprim\u00e9 leur indignation face \u00e0 cette pression qui va crescendo contre le RCD et son pr\u00e9sident.<\/span><\/p>\n<p class=\"p3\"><span class=\"s1\">Ces derniers d\u00e9noncent notamment l\u2019attitude de <em>\u00abces parlementaires sans l\u00e9gitimit\u00e9\u00bb<\/em> qui se sont pr\u00eat\u00e9s \u00e0 cet exercice, malgr\u00e9 le fait que le concern\u00e9 avait d\u00e9j\u00e0 affich\u00e9 sa disponibilit\u00e9 \u00e0 r\u00e9pondre favorablement aux convocations de la justice.<\/span><\/p>\n<p class=\"p3\"><span class=\"s1\">Les intervenants continuent, en effet, de condamner, d\u00e8s l\u2019annonce des r\u00e9sultats du vote \u00e0 l\u2019APN, le pouvoir auteur de ces pressions et les d\u00e9put\u00e9s qui se sont ex\u00e9cut\u00e9s. C\u2019est le cas de l\u2019ONG Riposte Internationale.<\/span><\/p>\n<p class=\"p3\"><span class=\"s1\">Dans un communiqu\u00e9 rendu public, hier, l\u2019organisation <em>\u00abcondamne la d\u00e9cision de l\u2019Assembl\u00e9e populaire alg\u00e9rienne qui vient de voter la lev\u00e9e de l\u2019immunit\u00e9 parlementaire de M. Mohcine Belabbas\u00bb<\/em>.<\/span><\/p>\n<p class=\"p3\"><span class=\"s1\"><em>\u00abRiposte Internationale consid\u00e8re que dans son entreprise de b\u00e2illonnement et d\u2019\u00e9touffements de toute voix discordante qui ne s\u2019inscrit pas dans le discours impos\u00e9 par le pouvoir, l\u2019acharnement \u00e0 d\u00e9stabiliser le pr\u00e9sident du RCD et son parti ne t\u00e9moigne que de la volont\u00e9 de lui faire payer son engagement en faveur du changement d\u00e9mocratique depuis le 22 f\u00e9vrier 2019\u00bb<\/em>, pr\u00e9cise l\u2019ONG dans son communiqu\u00e9.<\/span><\/p>\n<p class=\"p3\"><span class=\"s1\">L\u2019organisation rappelle, dans la foul\u00e9e, <em>\u00abque cette d\u00e9marche est un pr\u00e9lude \u00e0 une suite que le r\u00e9gime a choisi comme r\u00e9ponse \u00e0 des revendications politiques l\u00e9gitimes\u00bb<\/em>.<\/span><\/p>\n<p class=\"p3\"><span class=\"s1\">Anticipant sur la suite de cette affaire, l\u2019ONG d\u00e9nonce aussi les <em>\u00abpr\u00e9mices d\u2019un simulacre de proc\u00e8s o\u00f9 le verdict est rendu par le double m\u00e9pris de la justice et du droit\u00bb<\/em>.<\/span><\/p>\n<p class=\"p3\"><span class=\"s1\"><em>\u00abRiposte Internationale prend la communaut\u00e9 internationale \u00e0 t\u00e9moin de cette \u00e9ni\u00e8me forfaiture du pouvoir alg\u00e9rien qui persiste dans sa fuite en avant, hypoth\u00e9quant de ce fait l\u2019avenir de l\u2019Alg\u00e9rie au profit de sa seule survie\u00bb<\/em>, ajoute l\u2019organisation, en t\u00e9moignant sa solidarit\u00e9 pleine et enti\u00e8re \u00e0 Mohcine Belabbas.<\/span><\/p>\n<p class=\"p7\"><strong><span class=\"s1\">\u00abLa l\u00e9gitimit\u00e9 populaire mieux que l\u2019immunit\u00e9\u00bb<\/span><\/strong><\/p>\n<p class=\"p6\"><span class=\"s1\">Le vice-pr\u00e9sident de la LADDH, Sa\u00efd Salhi, a r\u00e9agi \u00e9galement, mardi, \u00e0 cette nouvelle, en exprimant son soutien au pr\u00e9sident du RCD. Il d\u00e9nonce, dans le m\u00eame sens, <em>\u00abces attaques qui ciblent les militants de l\u2019opposition qui interviennent sur fond de campagne de restrictions g\u00e9n\u00e9ralis\u00e9es des libert\u00e9s\u00bb.<\/em><\/span><\/p>\n<p class=\"p6\"><span class=\"s1\"><em>\u00abCes attaques ne feront qu\u2019envenimer plus le climat, d\u00e9j\u00e0 d\u00e9l\u00e9t\u00e8re, attiser et prolonger la crise, et du coup, compromettre la solution, qui ne peut qu\u2019\u00eatre d\u00e9mocratique et en phase avec les attentes suscit\u00e9es, notamment par le \u2018\u2018hirak\u2019\u2019 pacifique.\u00bb<\/em><\/span><\/p>\n<p class=\"p6\"><span class=\"s1\">Des personnalit\u00e9s politiques et des avocats ont \u00e9galement condamn\u00e9 la proc\u00e9dure visant Mohcine Belabbas. Pour l\u2019ancien d\u00e9put\u00e9 et militant politique Djamel Zenati, <em>\u00abcette lev\u00e9e d\u2019immunit\u00e9 conf\u00e8re \u00e0 Mohcine Belabbas davantage de l\u00e9gitimit\u00e9\u00bb<\/em>.<\/span><\/p>\n<p class=\"p6\"><span class=\"s1\">Pour sa part, l\u2019avocat et militant des droits de l\u2019homme, Mostafa Bouchachi, affiche <em>\u00absa solidarit\u00e9 absolue et inconditionnelle avec le militant et pr\u00e9sident du parti RCD, Mohcine Belabbas, qui subit de nombreux harc\u00e8lements qui ont commenc\u00e9 par l\u2019interdiction de tenir le conseil national du parti jusqu\u2019\u00e0 la lev\u00e9e de l\u2019immunit\u00e9 parlementaire\u00bb<\/em>.<\/span><\/p>\n<p class=\"p6\"><span class=\"s1\"><em>\u00abMohcine Belabbas a toujours \u00e9t\u00e9 connu par sa lutte dans les rangs du mouvement populaire pour une nouvelle Alg\u00e9rie d\u00e9mocratique, o\u00f9 le peuple est la source du pouvoir\u00bb<\/em>, \u00e9crit-il sur sa page Facebook.<\/span><\/p>\n<p class=\"p6\"><span class=\"s1\">Malgr\u00e9 son diff\u00e9rend avec Mohcine Belabbas, l\u2019ancien pr\u00e9sident du RCD, Sa\u00efd Sadi, s\u2019est exprim\u00e9 aussi sur cette affaire en pr\u00e9cisant, dans un texte post\u00e9 sur sa page Facebook, que <em>\u00abquand la politique rentre dans le palais, la justice en sort\u00bb. \u00abBelabbas Mohcine vient de voir son immunit\u00e9 parlementaire lev\u00e9e.<\/em><\/span><\/p>\n<p class=\"p6\"><span class=\"s1\"><em>On peut se demander combien de d\u00e9put\u00e9s de l\u2019actuelle Assembl\u00e9e m\u00e9riteraient la m\u00eame d\u00e9cision. Na\u00efma Salhi qui a prof\u00e9r\u00e9 des ignominies racistes et des trabendistes de tout acabit si\u00e8gent toujours \u00e0 L\u2019APN\u00bb<\/em>, souligne-t-il. Et d\u2019ajouter : <em>\u00abJe ne connais pas l\u2019intimit\u00e9 du dossier, mais la s\u00e9lectivit\u00e9 de ces lev\u00e9es d\u2019immunit\u00e9s parlementaires interroge et doit \u00eatre condamn\u00e9e sans r\u00e9serve.<\/em><\/span><\/p>\n<p class=\"p6\"><span class=\"s1\"><em>Ce n\u2019est un secret pour personne que les orientations et autres alliances contract\u00e9es par le RCD actuel heurtent ma conscience et mes convictions. Cependant, tant que les positions s\u2019affichent dans un cadre pacifique, elles doivent \u00eatre d\u00e9fendues par principe.\u00bb<\/em><\/span><\/p>\n<p class=\"p6\"><span class=\"s1\">Outre les organisations et les personnalit\u00e9s, des militants et des internautes ont \u00e9galement condamn\u00e9 cet acharnement contre le RCD et son premier responsable. Ils pr\u00e9cisent, cependant, que <em>\u00abla l\u00e9gitimit\u00e9 populaire et mieux que l\u2019immunit\u00e9 parlementaire\u00bb<\/em>.<\/span><\/p>\n<p class=\"p7\"><span class=\"s1\"><strong>Mohcine Belabbas : \u00able pouvoir a tent\u00e9 de m\u2019approcher \u00e0 plusieurs reprises\u00bb<\/strong><\/span><\/p>\n<p class=\"p6\"><span class=\"s1\">Dans une d\u00e9claration \u00e0 une cha\u00eene de t\u00e9l\u00e9vision, Mohcine Belabbas est revenu sur cette lev\u00e9e de son immunit\u00e9 parlementaire.<\/span><\/p>\n<p class=\"p6\"><span class=\"s1\">Il r\u00e9v\u00e8le pour la premi\u00e8re fois que <em>\u00able pouvoir a tent\u00e9, vainement, de m\u2019approcher pour me convaincre d\u2019att\u00e9nuer les positions du parti concernant la crise actuelle en contrepartie d\u2019une lev\u00e9e des pressions et des contraintes\u00bb<\/em> qui p\u00e8sent sur lui et sur le RCD.<\/span><\/p>\n<p class=\"p6\"><span class=\"s1\">Rappelant son attachement et sa fid\u00e9lit\u00e9 aux revendications populaires, il exprime son \u00e9tonnement devant l\u2019empressement du pouvoir \u00e0 lever son immunit\u00e9 alors que <em>\u00abcelle-ci tomberait de fait dans le cas o\u00f9 le projet de la r\u00e9vision constitutionnelle serait adopt\u00e9 \u00e0 l\u2019occasion du r\u00e9f\u00e9rendum du 1<sup>er<\/sup> novembre prochain\u00bb<\/em>.\u00a0<\/span><\/p>\n<p><span class=\"post-views-label\">Post Views:<\/span> <span class=\"post-views-count\">2\u00a0079<\/span><\/p>\n<div class=\"ichhar-moneytagnative c8\" id=\"ichhar-1352993360\">\n<p>Advertisements<\/p>\n<\/div>\n<p><br class=\"c2\"\/><br class=\"c9\"\/><\/p>\n<p>Auteur: Anis Khecheba<br \/>\n<a href=\"https:\/\/www.elwatan.com\/edition\/actualite\/indignation-et-vague-de-solidarite-22-10-2020\">Cliquez ici pour lire l&rsquo;article depuis sa source.<\/a><\/p>\n","protected":false},"excerpt":{"rendered":"<p>Des organisations, des personnalit\u00e9s et des militants de divers horizons ont exprim\u00e9 leur indignation face \u00e0 cette pression qui va crescendo contre le RCD et son pr\u00e9sident, Mohcine Belabbas. La lev\u00e9e de l\u2019immunit\u00e9 parlementaire du d\u00e9put\u00e9 et pr\u00e9sident du RCD, Mohcine Belabbas, act\u00e9e mardi par des parlementaires de la majorit\u00e9 FLN-RND, a suscit\u00e9 une vague [&hellip;]<\/p>\n","protected":false},"author":1743,"featured_media":102510,"comment_status":"closed","ping_status":"closed","sticky":false,"template":"","format":"standard","meta":{"fifu_image_url":"","fifu_image_alt":"","footnotes":""},"categories":[73,53],"tags":[],"class_list":["post-102509","post","type-post","status-publish","format-standard","has-post-thumbnail","hentry","category-actualite","category-algerie"],"_links":{"self":[{"href":"https:\/\/linitiative.ca\/International\/wp-json\/wp\/v2\/posts\/102509","targetHints":{"allow":["GET"]}}],"collection":[{"href":"https:\/\/linitiative.ca\/International\/wp-json\/wp\/v2\/posts"}],"about":[{"href":"https:\/\/linitiative.ca\/International\/wp-json\/wp\/v2\/types\/post"}],"author":[{"embeddable":true,"href":"https:\/\/linitiative.ca\/International\/wp-json\/wp\/v2\/users\/1743"}],"replies":[{"embeddable":true,"href":"https:\/\/linitiative.ca\/International\/wp-json\/wp\/v2\/comments?post=102509"}],"version-history":[{"count":0,"href":"https:\/\/linitiative.ca\/International\/wp-json\/wp\/v2\/posts\/102509\/revisions"}],"wp:featuredmedia":[{"embeddable":true,"href":"https:\/\/linitiative.ca\/International\/wp-json\/"}],"wp:attachment":[{"href":"https:\/\/linitiative.ca\/International\/wp-json\/wp\/v2\/media?parent=102509"}],"wp:term":[{"taxonomy":"category","embeddable":true,"href":"https:\/\/linitiative.ca\/International\/wp-json\/wp\/v2\/categories?post=102509"},{"taxonomy":"post_tag","embeddable":true,"href":"https:\/\/linitiative.ca\/International\/wp-json\/wp\/v2\/tags?post=102509"}],"curies":[{"name":"wp","href":"https:\/\/api.w.org\/{rel}","templated":true}]}}