{"id":102511,"date":"2020-10-22T06:51:05","date_gmt":"2020-10-22T10:51:05","guid":{"rendered":"https:\/\/linitiative.ca\/International\/la-sphere-economique-lourdement-impactee-par-la-pandemie-de-coronavirus-le-desarroi-des-chefs-dentreprise\/"},"modified":"2020-10-22T06:51:05","modified_gmt":"2020-10-22T10:51:05","slug":"la-sphere-economique-lourdement-impactee-par-la-pandemie-de-coronavirus-le-desarroi-des-chefs-dentreprise","status":"publish","type":"post","link":"https:\/\/linitiative.ca\/International\/la-sphere-economique-lourdement-impactee-par-la-pandemie-de-coronavirus-le-desarroi-des-chefs-dentreprise\/","title":{"rendered":"La sph\u00e8re \u00e9conomique lourdement impact\u00e9e par la pand\u00e9mie de coronavirus : Le d\u00e9sarroi des chefs d\u2019entreprise"},"content":{"rendered":"<h4 class=\"title-14\"\/>\n<div class=\"featured_image\"><img loading=\"lazy\" decoding=\"async\" width=\"1300\" height=\"532\" src=\"https:\/\/www.elwatan.com\/wp-content\/uploads\/2020\/10\/UNEEEEEE-6.jpg\" class=\"attachment-post-thumbnail size-post-thumbnail wp-post-image\" alt=\"\" srcset=\"https:\/\/www.elwatan.com\/wp-content\/uploads\/2020\/10\/UNEEEEEE-6.jpg 1300w, https:\/\/www.elwatan.com\/wp-content\/uploads\/2020\/10\/UNEEEEEE-6-300x123.jpg 300w, https:\/\/www.elwatan.com\/wp-content\/uploads\/2020\/10\/UNEEEEEE-6-768x314.jpg 768w, https:\/\/www.elwatan.com\/wp-content\/uploads\/2020\/10\/UNEEEEEE-6-1024x419.jpg 1024w\" sizes=\"auto, (max-width: 1300px) 100vw, 1300px\"\/><\/div>\n<p class=\"p4\"><span class=\"s2\"><strong>Quatre organisations patronales (CAPC, CNPA, CIPA, AGEA) ont laiss\u00e9 appara\u00eetre le d\u00e9sarroi dans lequel sont les entreprises alg\u00e9riennes, notamment celles du secteur priv\u00e9, alors que\u00a0des incertitudes multiples font planer le doute sur la reprise de l\u2019activit\u00e9 et la capacit\u00e9 \u00e0 relever le d\u00e9fi face \u00e0 la crise.<\/strong><\/span><\/p>\n<p class=\"p4\"><span class=\"s2\">L<\/span><span class=\"s2\">e patronat alg\u00e9rien semble \u00eatre en crise existentielle. Pr\u00e8s d\u2019une ann\u00e9e apr\u00e8s l\u2019arriv\u00e9e de Abdelmadjid Tebboune au pouvoir, les organisations patronales, compl\u00e8tement d\u00e9sar\u00e7onn\u00e9es par tant d\u2019incertitudes politico-\u00e9conomiques, notamment \u00e0 cause de la crise sanitaire mais pas seulement, se montrent ainsi plus que jamais d\u00e9boussol\u00e9es.<\/span><\/p>\n<p class=\"p7\"><span class=\"s2\">Au cours d\u2019une conf\u00e9rence de presse anim\u00e9e hier au si\u00e8ge du FCE \u00e0 Alger, les pr\u00e9sidents des quatre organisations (CAPC, CNPA, CIPA, AGEA) ont laiss\u00e9 transpara\u00eetre un immense sentiment de solitude et affich\u00e9, sans le vouloir peut-\u00eatre, un besoin de s\u2019exon\u00e9rer d\u2019une certaine image peu flatteuse qui renvoie au monde des affaires en Alg\u00e9rie depuis de nombreuses ann\u00e9es.<\/span><\/p>\n<p class=\"p7\"><span class=\"s2\"><em>\u00abAujourd\u2019hui, on a besoin de se rassembler\u00bb<\/em>, a affirm\u00e9 Mohand Sa\u00efd Na\u00eft Abdelaziz, le patron de la CNPA , avant de l\u00e2cher : <em>\u00abNous sommes pr\u00e9occup\u00e9s par la situation de crise et la confusion \u00e0 la veille d\u2019un \u00e9v\u00e9nement important !\u00bb<\/em>. Entendre par l\u00e0 le r\u00e9f\u00e9rendum sur la r\u00e9vision de la Constitution qui aura lieu le 1<sup>er<\/sup> nombre prochain.<\/span><\/p>\n<p class=\"p7\"><span class=\"s2\">Il s\u2019agit l\u00e0 principalement du message subliminal que veulent bien faire passer \u00e0 l\u2019\u00e9vidence les quatre organisations patronales, qui se f\u00e9licitent d\u2019ailleurs d\u2019avoir \u00e9t\u00e9 consult\u00e9es par les autorit\u00e9s sur le volet relatif \u00e0 l\u2019\u00e9conomie.<\/span><\/p>\n<p class=\"p7\"><span class=\"s2\">Autre chose ? Elles r\u00e9clament une oreille attentive de la part des autorit\u00e9s, voire de la consid\u00e9ration tout simplement. <em>\u00abLa manne p\u00e9troli\u00e8re n\u2019a pas profit\u00e9 \u00e0 la relance \u00e9conomique.<\/em><\/span><\/p>\n<p class=\"p7\"><span class=\"s2\"><em>On se rend compte 20 ans plus tard. Ce n\u2019est pas possible de continuer avec ce syst\u00e8me\u00bb<\/em>, selon Na\u00eft Abdelaziz. Et au pr\u00e9sident de la CAPC, Samy Aghli d\u2019encha\u00eener : <em>\u00abIl y a des blocages bureaucratiques. On risque de perdre des pans entiers de l\u2019\u00e9conomie\u00bb<\/em>.<\/span><\/p>\n<p class=\"p7\"><span class=\"s2\">Car si ces organisations veulent montrer qu\u2019elles sont pr\u00eates \u00e0 travailler avec la nouvelle \u00e9quipe de dirigeants, il semblerait qu\u2019en face il n\u2019en est rien pour l\u2019instant. Hormis, bien s\u00fbr, leur concours \u00e0 la nouvelle Loi fondamentale. <em>\u00abLa loi de finances n\u2019a rien apport\u00e9 de plus.<\/em><\/span><\/p>\n<p class=\"p7\"><span class=\"s2\"><em>On attendait que l\u2019on sauve l\u2019entreprise\u2026\u00bb,<\/em> s\u2019indigne le pr\u00e9sident de l\u2019AGEA, Mouloud Khelloufi. On saura dans la foul\u00e9e que le patronat n\u2019a pas \u00e9t\u00e9 consult\u00e9 pour les besoins d\u2019\u00e9laboration de la loi des finances 2021. <em>\u00abCertains ministres travaillent seuls\u00bb<\/em>, lance Abdelwahab Ziani, le pr\u00e9sident de la CIPA.<\/span><\/p>\n<p class=\"p7\"><span class=\"s2\">Les pr\u00e9sidents des quatre organisations avancent p\u00eale-m\u00eale une s\u00e9rie de griefs quant au manque de volont\u00e9 de la part des autorit\u00e9s de les impliquer ou de les informer quant aux d\u00e9cisions \u00e9conomiques importantes : <em>\u00abOn d\u00e9couvre le vote de certaines lois qui ont un impact sur l\u2019entreprise \u00e0 travers la presse\u2026\u00bb<\/em>.<\/span><\/p>\n<p class=\"p7\"><span class=\"s2\">Il faut dire que la situation \u00e9conomique du pays est loin d\u2019\u00eatre rassurante. Le projet de lois de finances 2021 le dit amplement quant \u00e0 l\u2019\u00e9tat de nos finances publiques.<\/span><\/p>\n<p class=\"p7\"><span class=\"s2\">La crise sanitaire ayant aggrav\u00e9 le malaise. Peut-on conna\u00eetre l\u2019impact de la Covid-19 sur l\u2019activit\u00e9 \u00e9conomique ? Les quatre organisations disent ne rien savoir. <em>\u00abAucun (administration et patronat) ne peut dire le taux de mortalit\u00e9 des entreprises.<\/em><\/span><\/p>\n<p class=\"p7\"><span class=\"s2\"><em>On nous annonce \u00e7a et l\u00e0 la fermeture de certaines entreprises dans telle ou telle fili\u00e8re\u2026\u00bb<\/em>, confie le pr\u00e9sident de l\u2019AGEA. Sans plus. M\u00eame si l\u2019on conc\u00e8de que les secteurs comme ceux du BTPH et le tourisme sont touch\u00e9s de plein fouet. Contrairement \u00e0 celui de la pharmacie qui semble \u00eatre le seul \u00e0 tenir le coup.<\/span><\/p>\n<p class=\"p7\"><span class=\"s2\"><em>\u00abLe secteur des services est sinistr\u00e9\u00bb<\/em>, ass\u00e8ne le pr\u00e9sident de l\u2019AGEA. Aujourd\u2019hui, aucune organisation patronale ne peut mesurer ou donner une indication sur l\u2019impact de la Covid sur l\u2019\u00e9conomie.<\/span><\/p>\n<p class=\"p7\"><span class=\"s2\">Son incidence sur l\u2019emploi ou le niveau d\u2019activit\u00e9 ou sur la croissance reste un domaine sur lequel nos organisations ne semblent avoir aucun contr\u00f4le ne serait-ce que pour se faire une id\u00e9e sur les besoins qui s\u2019en d\u00e9gagent. Histoire de pouvoir formuler le cas \u00e9ch\u00e9ant des propositions concr\u00e8tes aux autorit\u00e9s.<\/span><\/p>\n<p class=\"p7\"><span class=\"s2\">Les questions comme le glissement du dinar, la disponibilit\u00e9 des liquidit\u00e9s, les mesures restrictives aux importations n\u2019occupent pas encore le terrain de leurs pr\u00e9occupations si l\u2019on se fie \u00e0 la conf\u00e9rence de presse.<\/span><\/p>\n<p class=\"p7\"><span class=\"s2\">Mais en attendant, ces organisations auront-elles l\u2019oreille des politiques ? Et ces derniers pourront-ils compter sur le secteur priv\u00e9 en particulier pour essayer de juguler les effets de la crise qui risque de durer plus longtemps encore ? Wait and see. <span class=\"Apple-converted-space\">\u00a0 \u00a0 \u00a0 \u00a0 \u00a0 \u00a0 \u00a0 \u00a0\u00a0<\/span><\/span><\/p>\n<p><span class=\"post-views-label\">Post Views:<\/span> <span class=\"post-views-count\">728<\/span><\/p>\n<div class=\"ichhar-moneytagnative c8\" id=\"ichhar-1604290528\">\n<p>Advertisements<\/p>\n<\/div>\n<p><br class=\"c2\"\/><br class=\"c9\"\/><\/p>\n<p>Auteur: Anis Khecheba<br \/>\n<a href=\"https:\/\/www.elwatan.com\/edition\/economie\/le-desarroi-des-chefs-dentreprise-22-10-2020\">Cliquez ici pour lire l&rsquo;article depuis sa source.<\/a><\/p>\n","protected":false},"excerpt":{"rendered":"<p>Quatre organisations patronales (CAPC, CNPA, CIPA, AGEA) ont laiss\u00e9 appara\u00eetre le d\u00e9sarroi dans lequel sont les entreprises alg\u00e9riennes, notamment celles du secteur priv\u00e9, alors que\u00a0des incertitudes multiples font planer le doute sur la reprise de l\u2019activit\u00e9 et la capacit\u00e9 \u00e0 relever le d\u00e9fi face \u00e0 la crise. Le patronat alg\u00e9rien semble \u00eatre en crise existentielle. [&hellip;]<\/p>\n","protected":false},"author":1743,"featured_media":102512,"comment_status":"closed","ping_status":"closed","sticky":false,"template":"","format":"standard","meta":{"fifu_image_url":"","fifu_image_alt":"","footnotes":""},"categories":[73,53],"tags":[],"class_list":["post-102511","post","type-post","status-publish","format-standard","has-post-thumbnail","hentry","category-actualite","category-algerie"],"_links":{"self":[{"href":"https:\/\/linitiative.ca\/International\/wp-json\/wp\/v2\/posts\/102511","targetHints":{"allow":["GET"]}}],"collection":[{"href":"https:\/\/linitiative.ca\/International\/wp-json\/wp\/v2\/posts"}],"about":[{"href":"https:\/\/linitiative.ca\/International\/wp-json\/wp\/v2\/types\/post"}],"author":[{"embeddable":true,"href":"https:\/\/linitiative.ca\/International\/wp-json\/wp\/v2\/users\/1743"}],"replies":[{"embeddable":true,"href":"https:\/\/linitiative.ca\/International\/wp-json\/wp\/v2\/comments?post=102511"}],"version-history":[{"count":0,"href":"https:\/\/linitiative.ca\/International\/wp-json\/wp\/v2\/posts\/102511\/revisions"}],"wp:featuredmedia":[{"embeddable":true,"href":"https:\/\/linitiative.ca\/International\/wp-json\/"}],"wp:attachment":[{"href":"https:\/\/linitiative.ca\/International\/wp-json\/wp\/v2\/media?parent=102511"}],"wp:term":[{"taxonomy":"category","embeddable":true,"href":"https:\/\/linitiative.ca\/International\/wp-json\/wp\/v2\/categories?post=102511"},{"taxonomy":"post_tag","embeddable":true,"href":"https:\/\/linitiative.ca\/International\/wp-json\/wp\/v2\/tags?post=102511"}],"curies":[{"name":"wp","href":"https:\/\/api.w.org\/{rel}","templated":true}]}}