{"id":102515,"date":"2020-10-22T07:06:00","date_gmt":"2020-10-22T11:06:00","guid":{"rendered":"https:\/\/linitiative.ca\/International\/ahmed-ben-salah-lhomme-du-devoir-photos\/"},"modified":"2020-10-22T07:06:00","modified_gmt":"2020-10-22T11:06:00","slug":"ahmed-ben-salah-lhomme-du-devoir-photos","status":"publish","type":"post","link":"https:\/\/linitiative.ca\/International\/ahmed-ben-salah-lhomme-du-devoir-photos\/","title":{"rendered":"Ahmed Ben Salah: L\u2019homme du devoir (Photos)"},"content":{"rendered":"<p><span class=\"c3\"><span class=\"c2\"><em><strong><img decoding=\"async\" src=\"\/uploads\/FCK_files\/Salem-Mansouri(3).jpg\" alt=\"\" width=\"20%\" vspace=\"5\" hspace=\"5\" align=\"left\"\/>Par Salem Mansouri &#8211;<\/strong><\/em><\/span><\/span> <strong>J\u2019ai connu personnellement Ben Salah en octobre 1977\u2026 au t\u00e9l\u00e9phone ! Durant une ann\u00e9e, il m\u2019appelait pratiquement tous les jours, abordant des sujets vari\u00e9s, allant de la politique \u00e0 la pluie et au beau temps. Aux intonations de sa voix, je sentais une grande nostalgie empreinte du mal du pays et il me semblait qu\u2019il trouvait dans mon attitude une petite r\u00e9ponse \u00e0 ses attentes affectives. Aussi m\u2019\u00e9tais-je astreint \u00e0 mesurer mes propos pour \u00eatre dans le droit fil de la clart\u00e9. J\u2019\u00e9tais aussi \u00e9bahi devant le don qu\u2019il avait de s\u2019entretenir en profondeur avec une personne qu\u2019il n\u2019a jamais rencontr\u00e9e.<\/strong><\/p>\n<p>notre premi\u00e8re rencontre \u00e0 Paris, il lan\u00e7a devant mes amis venus participer \u00e0 un s\u00e9minaire qu\u2019il devait pr\u00e9sider, avec son humour l\u00e9gendaire : <em>\u00abBonjour \/ 243 210\u2026 \u00e0 ton arrestation, on te pr\u00e9sentera \u00e0 la barre ton t\u00e9l\u00e9phone comme pi\u00e8ce \u00e0 conviction\u00bb.<\/em><\/p>\n<p>Directeur en 1962 de l\u2019\u00e9cole de Th\u00e9lepte, tout pr\u00e8s de la fronti\u00e8re alg\u00e9rienne, je passais les longues veill\u00e9es de l\u2019hiver particuli\u00e8rement rigoureux \u00e0 travailler mes le\u00e7ons et corriger les cahiers, \u00e0 la lumi\u00e8re p\u00e2le de la lampe \u00e0 p\u00e9trole et en compagnie des m\u00e9lodies et com\u00e9dies diffus\u00e9es par le transistor de mes parents dont je m\u2019\u00e9tais empar\u00e9. La radio rediffusait souvent le soir des discours de Bourguiba dont j\u2019appr\u00e9cias l\u2019\u00e9clat th\u00e9\u00e2tral et la p\u00e9dagogie du style. Parfois, on nous servait des s\u00e9quences des discours du ministre du Plan.<\/p>\n<p>La fougue qu\u2019il mettait dans ses joutes oratoires, d\u00e9bit\u00e9es en de v\u00e9ritables chevauch\u00e9es verbales par une voix plut\u00f4t fr\u00eale mais s\u00fbre, le faisait appara\u00eetre comme aux prises avec des adversaires invisibles. Toute critique, m\u00eame molle, le mettait aux aguets, tant il craignait pour la vie m\u00eame du projet socialisant qu\u2019il portait du temps o\u00f9 il dirigeait l\u2019Ugtt. Je reconnais que malgr\u00e9 une admiration lointaine et largement partag\u00e9e sur son passage au d\u00e9partement de la Sant\u00e9 publique, je n\u2019arrivais pas \u00e0 adh\u00e9rer \u00e0 son discours qui me submergeait si fort que j\u2019ai fini par me d\u00e9cider \u00e0 tourner le bouton de la radio d\u00e8s qu\u2019il \u00e9tait annonc\u00e9 avec un vague sentiment amer d\u2019exercer \u00e0 son encontre une censure assez arbitraire.<\/p>\n<p>Au cours d\u2019un weekend, j\u2019ai \u00e9t\u00e9 entra\u00een\u00e9 par des amis \u00e0 une r\u00e9union de cadres pr\u00e9sid\u00e9e par Ben Salah \u00e0 Kasserine. J\u2019\u00e9tais alors en direct avec sa fr\u00eale voix qui tonnait dans le hangar boueux par une matin\u00e9e pluvieuse de d\u00e9cembre. Sa voix grondait et, progressivement, il s\u2019en prenait \u00e0 son auditoire en lui lan\u00e7ant: <em>\u00abCadres r\u00e9gionaux, r\u00e9veillez-vous ! Vous avez des probl\u00e8mes! Cadres r\u00e9gionaux, r\u00e9veillez-vous, car vous-m\u00eame vous repr\u00e9sentez des probl\u00e8mes pour le pays !\u00bb<\/em>. Et les applaudissements de fuser avec fr\u00e9n\u00e9sie!<\/p>\n<p>A cet instant, j\u2019ai mordu comme un poisson \u00e0 l\u2019hame\u00e7on. Et depuis ce jour, Ben Salah a marqu\u00e9, de mon point de vue, son territoire. Quand il a quitt\u00e9 les responsabilit\u00e9s officielles, il n\u2019\u00e9tait \u00e2g\u00e9 que de quarante-trois ans et la Tunisie n\u2019\u00e9tait ind\u00e9pendante que depuis treize ann\u00e9es.<\/p>\n<p>La Tunisie \u00e9tait alors un grand chantier ouvert \u00e0 tous les domaines. Bilan fort positif en si peu de temps ! Les sombres attaques contre Ben Salah fusaient de tous bords. Mais avait-on besoin de jeter le b\u00e9b\u00e9 avec l\u2019eau du bain ?<\/p>\n<p>Amor Chadli, m\u00e9decin personnel du pr\u00e9sident Bourguiba et ancien directeur de l\u2019Institut Pasteur, \u00e9voque dans ses m\u00e9moires les ultimes man\u0153uvres pour abattre l\u2019ancien ministre du Plan et de l\u2019Economie nationale. Il \u00e9crit : \u00ab\u2026on m\u2019a rapport\u00e9 qu\u2019\u00e0 Paris, Wassila, de concert avec notre ambassadeur, Mohamed Masmoudi, encourageait les personnes venant rendre visite au Pr\u00e9sident \u00e0 lui d\u00e9crire le d\u00e9sespoir des agriculteurs dont on avait confisqu\u00e9 les terres et qui se trouv\u00e8rent parfois r\u00e9duits \u00e0 n\u2019\u00eatre que de simples journaliers. Il apprit ainsi que certains paysans avaient sombr\u00e9 dans la d\u00e9mence, que l\u2019h\u00f4pital des maladies mentales de la Manouba comptait plusieurs patients dans ce cas et que d\u2019autres s\u2019\u00e9taient suicid\u00e9s\u2026 Sensibilis\u00e9 par le r\u00e9cit de ces \u00e9v\u00e8nements dont on ne lui avait pas souffl\u00e9 mot auparavant, il s\u2019adresse, le 20 mars 1970, \u00e0 la Nation, dans une cassette enregistr\u00e9e \u00e0 l\u2019ambassade de Tunisie \u00e0 Paris. Il d\u00e9clarait notamment : si on n\u2019a pas le courage d\u2019aller jusqu\u2019au bout, on n\u2019est pas capable de gouverner. Le message s\u2019adressait clairement \u00e0 Bahi Ladgham.<\/p>\n<p><img decoding=\"async\" src=\"\/uploads\/FCK_files\/Ahmed-Ben-Salah-30-04-13.jpg\" alt=\"\" width=\"100%\" vspace=\"5\" hspace=\"5\" align=\"middle\"\/><\/p>\n<p>Ahmed Ben Salah, qui \u00e9tait jusque-l\u00e0 en r\u00e9sidence surveill\u00e9e, fut arr\u00eat\u00e9 le 24 mars 1970. Au cours de son proc\u00e8s, ouvert le 19 mai 1970, il ne mit pas en cause le Pr\u00e9sident. Il dit sa bonne foi et ajouta que, m\u00eame s\u2019il y avait eu erreurs, elles ne m\u00e9ritaient nullement sa comparution devant la Haute cour. Il fut pourtant condamn\u00e9 \u00e0 dix ans de travaux forc\u00e9s.\u00bb<\/p>\n<p>C\u2019\u00e9tait l\u2019\u00e9poque o\u00f9 les micros-trottoirs envahissaient la rue et \u00e9taient tendus aux passants comme une arme avec la question lancinante : parlez-nous des m\u00e9faits du syst\u00e8me coop\u00e9ratif !<\/p>\n<p>Quarante ans plus tard, de son exil saoudien, Le\u00efla Ben Ali pr\u00eate main-forte, elle aussi, \u00e0 toute cette propagande faite de publicit\u00e9 tapageuse et mensong\u00e8re dans le livre Ma v\u00e9rit\u00e9 qui porte sa signature <em>\u00ab\u2026 Cette enfance heureuse devait prendre fin un jour avec le drame qui frappa mon p\u00e8re. Je venais d\u2019avoir onze ans quand il fut ramen\u00e9 \u00e0 la maison sur une civi\u00e8re. C\u2019\u00e9tait en 1967, l\u2019\u00e9poque o\u00f9 le socialisme exp\u00e9rimental \u2013 ce qu\u2019on appelait les coop\u00e9ratives \u2013 mis en place par Bourguiba et son ministre de l\u2019Economie Ahmed Ben Salah, fut imagin\u00e9. On venait d\u2019\u00e9dicter la loi confisquant les biens des propri\u00e9taires fonciers comme des commer\u00e7ants pour les marchandises. En arrivant devant sa boutique, mon p\u00e8re avait vu un engin d\u00e9molir les deux rang\u00e9es de commerces jouxtant le sien, puis avancer vers ses propres murs. Sous le choc, il a perdu connaissance. Transport\u00e9 \u00e0 la maison, il s\u2019est r\u00e9veill\u00e9 t\u00e9trapl\u00e9gique. Deux ann\u00e9es s\u2019\u00e9couleront entre h\u00f4pitaux et centre avant qu\u2019il ne d\u00e9c\u00e8de. Des bulldozers en pleine m\u00e9dina\u00bb<\/em>, voil\u00e0 sur quels t\u00e9moignages on se base !<\/p>\n<p>Ahmed Ben Salah est arr\u00eat\u00e9 le 24 mars 1970. Les pouvoirs publics s\u2019emploient fi\u00e9vreusement \u00e0 le faire juger sommairement et \u00e0 l\u2019inculper de haute trahison. Tous les rouages de l\u2019Etat se mobilisent pour rendre acceptable ce qui ne l\u2019\u00e9tait pas, \u00e0 commencer par la mise en place, dans un style rocambolesque, d\u2019une Haute cour devant le juger en dehors des lois, lettre et esprit confondus.<\/p>\n<p>Ahmed Mestiri, qui avait d\u00e9missionn\u00e9 du parti et du gouvernement en janvier 1968, \u00e9tait invit\u00e9 \u00e0 reprendre du service alors que la campagne contre Ben Salah battait son plein. De jour en jour, la menace de sa condamnation \u00e0 mort se pr\u00e9cisait. Mestiri r\u00e9sume son entretien avec le pr\u00e9sident Bourguiba \u00e0 Paris, quelques jours avant l\u2019ouverture du proc\u00e8s : \u00abJ\u2019ai soulev\u00e9 d\u2019embl\u00e9e le cas Ben Salah, en soulignant qu\u2019il n\u2019y aurait aucune justification, ni morale, ni juridique ni politique \u00e0 une condamnation \u00e0 mort qui serait prononc\u00e9e par la Haute cour, surtout si l\u2019on consid\u00e8re les r\u00e9percussions n\u00e9gatives qu\u2019un tel verdict aurait sur les amis de la Tunisie \u00e0 l\u2019\u00e9tranger.<\/p>\n<p>Bourguiba m\u2019interrompt pour me relater en d\u00e9tail l\u2019entretien qu\u2019il avait eu quelques jours auparavant avec Newsom, le secr\u00e9taire d\u2019Etat am\u00e9ricain, charg\u00e9 du Moyen-Orient et de l\u2019Afrique du Nord au D\u00e9partement d\u2019Etat, venu sp\u00e9cialement le voir \u00e0 ce sujet.<\/p>\n<p><img decoding=\"async\" src=\"\/uploads\/FCK_files\/Ahmed-Ben-Salah-.jpg\" alt=\"\" width=\"100%\" vspace=\"5\" hspace=\"5\" align=\"middle\"\/><\/p>\n<p>Ce dernier lui a fait part express\u00e9ment des r\u00e9serves de son gouvernement et ses craintes sur les risques des poursuites engag\u00e9es contre Ben Salah, surtout si elles aboutissaient \u00e0 une condamnation \u00e0 mort. \u00abQuelqu\u2019un pr\u00e9sent \u00e0 l\u2019entretien, m\u2019a dit que Bourguiba est intervenu pour faire observer : \u201cc\u2019est \u00e9tonnant que l\u2019Am\u00e9rique n\u2019ait pas boug\u00e9 dans un autre cas semblable o\u00f9 un chef d\u2019Etat tombe dans une trappe et personne ne s\u2019inqui\u00e8te de son sort\u201d (il s\u2019agissait du pr\u00e9sident Ben Bella apr\u00e8s le coup d\u2019Etat de juin 1965).\u00a0 Alors Newsom lui r\u00e9pond : \u00abMais la Tunisie, ce n\u2019est pas la m\u00eame chose!\u00bb et Bourguiba de poursuivre son r\u00e9cit: <em>\u00abJ\u2019ai dit alors \u00e0 Newsom : oui, la Tunisie ce n\u2019est pas la m\u00eame chose ! \u00bb<\/em> et il r\u00e9pond, les larmes aux yeux (en fran\u00e7ais) comme si Newsom \u00e9tait encore devant lui \u00ab Non, non, non ! La Tunisie ce n\u2019est pas la m\u00eame chose ! Apr\u00e8s ces paroles, je n\u2019avais pas jug\u00e9 n\u00e9cessaire d\u2019insister davantage sur ce point \u00bb.<\/p>\n<p>Nous savons par ailleurs que l\u2019ancien Premier ministre su\u00e9dois Tage Erlander, l\u2019ancien chancelier allemand Willy Brandt, ainsi que le chancelier autrichien Bruno Kreisky \u00e9taient intervenus en faveur de leur ami Ben Salah. Kreisky avait m\u00eame d\u00e9p\u00each\u00e9 son \u00e9pouse \u00e0 l\u2019occasion du vol inaugural Vienne-Tunis, apr\u00e8s l\u2019\u00e9vasion de Ben Salah, pour interc\u00e9der aupr\u00e8s des autorit\u00e9s tunisienne afin de permettre \u00e0 la famille de Ben Salah de le rejoindre \u00e0 l\u2019\u00e9tranger et c\u2019est ainsi que son \u00e9pouse et ses enfants s\u2019install\u00e8rent, apr\u00e8s le feu vert du pr\u00e9sident Bourguiba, \u00e0 Alger o\u00f9 ils rest\u00e8rent jusqu\u2019au terme de l\u2019exil en juin 1988.<\/p>\n<p>Dans son discours au comit\u00e9 central du Parti socialiste destourien (PSD) en janvier 1968, Bourguiba a donn\u00e9 des instructions formelles pour activer la g\u00e9n\u00e9ralisation du syst\u00e8me coop\u00e9ratif agricole avant la fin de l\u2019ann\u00e9e (Ahmed Ben Salah a eu la d\u00e9cence de ne pas en faire \u00e9tat au cours de son proc\u00e8s). De m\u00eame qu\u2019il a inform\u00e9 l\u2019auditoire de son intention de proposer l\u2019amendement de la Constitution au niveau des articles relatifs \u00e0 la succession en cas de vacance au poste de pr\u00e9sident de la R\u00e9publique.<\/p>\n<p>Il pr\u00e9cise que le but \u00e9tait de tranquilliser le peuple tunisien en cas de disparition du Pr\u00e9sident en d\u00e9signant le Premier ministre comme successeur automatique pour le reste du mandat. Le message \u00e9tait clair et pla\u00e7ait Ahmed Ben Salah, le superministre de l\u2019\u00e9poque, sur la voie libre pour la succession tant il occupait l\u2019espace public tunisien.<\/p>\n<p>Et il faut signaler que le projet d\u2019amendement a \u00e9t\u00e9 pratiquement rel\u00e9gu\u00e9 aux oubliettes pour n\u2019\u00eatre exhum\u00e9 qu\u2019en d\u00e9cembre 1969 apr\u00e8s la mise \u00e0 l\u2019\u00e9cart de Ben Salah.<\/p>\n<p>Bourguiba Junior a \u00e9crit \u00e0 propos de Ben Salah : <em>\u00abNi le Temps, ni les lieux, ni les cieux ne lui furent favorables ! La roche tarp\u00e9ienne n\u2019est pas loin du Capitole !\u00bb<\/em><\/p>\n<p>Chedli Klibi, directeur du cabinet pr\u00e9sidentiel durant de nombreuses ann\u00e9es et ami le plus proche de Ben Salah, \u00e9crit \u00e0 propos de cette p\u00e9riode: <em>\u00abBen Salah disait, au cours d\u2019entretiens priv\u00e9s, qu\u2019en cas de vacance, la hi\u00e9rarchie devait \u00eatre respect\u00e9e, sinon la Tunisie suivrait la pente de certains pays du Proche-Orient et d\u2019Am\u00e9rique latine\u00bb.<\/em><\/p>\n<p>Le mot d\u2019ordre, disait-il en tant que secr\u00e9taire g\u00e9n\u00e9ral adjoint du Parti, \u00e9tait: Nous devons \u00eatre l\u00e9galistes, quoi qu\u2019il arrive, Ben Salah laissait ainsi entendre qu\u2019il n\u2019avait aucune ambition. Pour d\u2019autres, ce n\u2019\u00e9tait probablement pas la solution qu\u2019ils souhaitaient. On entrait \u00e0 l\u2019\u00e9vidence dans une p\u00e9riode de grandes suspicions. Dans les milieux politiques, la nervosit\u00e9 \u00e9tait \u00e0 son comble, la m\u00e9fiance g\u00e9n\u00e9rale. La question des coop\u00e9ratives, cachant celle de la succession, venait \u00e0 point nomm\u00e9\u00bb.<\/p>\n<p>Chedli Klibi signale qu\u2019en rejetant l\u2019enti\u00e8re responsabilit\u00e9 de ce qu\u2019on appelle l\u2019\u00e9chec des coop\u00e9ratives sur Ben Salah, Bourguiba avait \u00able sentiment de manquer \u00e0 sa propre estime\u00bb. Il rappelle aussi que Bourguiba a accus\u00e9 dans un discours que \u00abBen Salah l\u2019avait trahi\u00bb. Et il brosse un tableau \u00e9loquent de la relation entre les deux hommes: <em>\u00abUne grande diff\u00e9rence d\u2019\u00e2ge les s\u00e9parait, pr\u00e8s d\u2019un quart de si\u00e8cle. Bourguiba voulait toujours s\u00e9duire plus jeune que lui et s\u2019y employait avec virtuosit\u00e9\u00bb.<\/em><\/p>\n<p>Ben Salah, \u00abune forte t\u00eate, une intelligence rebelle, une langue ac\u00e9r\u00e9e, un grand pouvoir de s\u00e9duction, doubl\u00e9 d\u2019une propension \u00e0 l\u2019ironie, en toute circonstance. Son regard scrutateur semblait toujours vous juger. Il avait r\u00e9ponse \u00e0 tout\u2026 Bourguiba avait pour son jeune collaborateur une grande consid\u00e9ration. Il \u00e9tait \u00e0 la fois s\u00e9duit et inquiet, secr\u00e8tement admiratif, mais \u00e9minemment agac\u00e9. Les deux hommes hors pair, chacun \u00e0 sa mani\u00e8re, entretenaient une relation ambigu\u00eb, un malaise partag\u00e9 et un envo\u00fbtement r\u00e9ciproque qui confinait \u00e0 l\u2019antagonisme\u00bb.<\/p>\n<p>Ahmed Ben Salah \u00e9tait un travailleur infatigable. Au bureau d\u00e8s six heures du matin, il \u00e9tait \u00e0 l\u2019aise aussi bien dans les r\u00e9unions de cabinet que dans l\u2019ambiance des grands meetings o\u00f9 il aimait exercer ses dons de tribun.<\/p>\n<p>A la fois asc\u00e8te et dialecticien, ses discours \u00e9voluaient souplement entre les envol\u00e9es lyriques et le raisonnement rationnel. Les r\u00e9unions hebdomadaires de la commission des \u00e9tudes doctrinales socialistes du Parti o\u00f9 ses interventions \u00e9taient fort appr\u00e9ci\u00e9es attiraient la grande foule.<\/p>\n<p>Il sillonnait le pays \u00e0 longueur d\u2019ann\u00e9e et connaissait, plus que tout autre responsable, ses coins les plus recul\u00e9s.<br \/>Rien ne lui faisait autant plaisir que ces moments privil\u00e9gi\u00e9s o\u00f9 il se m\u00ealait aux travailleurs et petits promoteurs qu\u2019il visitait souvent plusieurs fois pour s\u2019enqu\u00e9rir des efforts et des r\u00e9sultats.<\/p>\n<p>Il me confia au cours d\u2019une promenade matinale dans le quartier pittoresque de Bab el Oued \u00e0 Alger qu\u2019il se sentait plus opposant au gouvernement en s\u2019opposant \u00e0 la pauvret\u00e9, au sous-d\u00e9veloppement et \u00e0 l\u2019obscurantisme et me r\u00e9v\u00e9la qu\u2019il \u00e9tait reconnaissant envers Bourguiba de l\u2019avoir associ\u00e9 \u00e0 cette noble \u0153uvre de d\u00e9veloppement de la Tunisie.\u00a0<\/p>\n<p>Beau parleur et \u00e9l\u00e9gant, Ahmed Ben Salah \u00e9tait intelligent et dot\u00e9 d\u2019une prestance naturelle. Tr\u00e8s disciplin\u00e9 mais frondeur le cas \u00e9ch\u00e9ant, il cachait derri\u00e8re son verbe br\u00fblant et ses r\u00e9parties souvent sarcastiques une grande timidit\u00e9.<\/p>\n<p>Toujours attentionn\u00e9 avec ses amis et ses visiteurs, il dissimulait ses \u00e9motions.<\/p>\n<p>Evoquant parfois sa m\u00e8re qu\u2019il n\u2019a jamais connue, il exprimait sa tristesse de n\u2019avoir gard\u00e9 en m\u00e9moire aucun trait de son visage et ce qui le peinait le plus, c\u2019est l\u2019absence de sa photographie. Evoquant ce point pr\u00e9cis, je l\u2019ai vu un jour \u00e9craser discr\u00e8tement une larme.<\/p>\n<p>Depuis une vingtaine d\u2019ann\u00e9es, il voyageait tr\u00e8s peu. Aussi m\u2019\u00e9tais-je habitu\u00e9 \u00e0 lui rendre visite tr\u00e8s souvent et de profiter de sa connaissance des faits et des hommes ainsi que de sa vaste culture. Je le quittais toujours gonfl\u00e9 d\u2019esp\u00e9rance tant son optimisme \u00e9tait communicatif.<\/p>\n<p>O\u00f9 irai-je dor\u00e9navant puiser ce bol d\u2019espoir?<\/p>\n<p class=\"c5\"><strong>Salem Mansouri<\/strong><\/p>\n<p class=\"c6\"><strong>Lire aussi<\/strong><\/p>\n<p class=\"c6\"><a href=\"https:\/\/www.leaders.com.tn\/article\/30762-habib-touhami-ahmed-ben-salah-entre-ingratitude-et-injustice\" target=\"_blank\" rel=\"noopener noreferrer\">Habib Touhami: Ahmed Ben Salah entre ingratitude et injustice (Album Photos)<\/a><\/p>\n<p class=\"c6\"><a href=\"https:\/\/www.leaders.com.tn\/article\/30596-ahmed-ben-salah-present-a-un-rassemblement-de-soutien-au-doyen-habib-kazdaghli-a-l-occasion-de-son-proces\" target=\"_blank\" rel=\"noopener noreferrer\">Habib Mellakh : Ahmed Ben Salah, d\u00e9fenseur des causes juste jusqu&rsquo;au bout<\/a><br \/><a href=\"https:\/\/www.leaders.com.tn\/article\/30586-deces-d-ahmed-ben-salah-le-super-ministre-de-bourguiba\" target=\"_blank\" rel=\"noopener noreferrer\">D\u00e9c\u00e8s d\u2019Ahmed Ben Salah : le super-ministre de Bourguiba<\/a><br \/><a href=\"https:\/\/www.leaders.com.tn\/article\/30587-ahmed-ben-salah-un-homme-de-conviction-et-d-action-qui-a-droit-a-notre-reconnaissance\" target=\"_blank\" rel=\"noopener noreferrer\">Ahmed Ben Salah, un homme de conviction et d&rsquo;action qui a droit \u00e0 notre reconnaissance<\/a><br \/><a href=\"https:\/\/www.leaders.com.tn\/article\/17221-allocution-de-m-chedli-klibi-a-l-occasion-de-la-ceremonie-d-hommage-a-m-ahmed-ben-salah-organisee-par-l-olp-le-vendredi-22-mai-2015\" target=\"_blank\" rel=\"noopener noreferrer\">L&rsquo;hommage de Ch\u00e9dly Klibi, \u00e0 Ahmed Ben Salah<\/a><br \/><a href=\"https:\/\/www.leaders.com.tn\/article\/26106-ahmed-ben-salah-en-un-grand-volume\" target=\"_blank\" rel=\"noopener noreferrer\">Ahmed Ben Salah et l&rsquo;exp\u00e9rience collectiviste en 570 pages<\/a><strong><br \/><\/strong><\/p>\n<p class=\"c6\">\u00a0<\/p>\n<p>Auteur:<br \/>\n<a href=\"https:\/\/www.leaders.com.tn\/article\/30773-ahmed-ben-salah-l-homme-du-devoir\">Cliquez ici pour lire l&rsquo;article depuis sa source.<\/a><\/p>\n","protected":false},"excerpt":{"rendered":"<p>Par Salem Mansouri &#8211; J\u2019ai connu personnellement Ben Salah en octobre 1977\u2026 au t\u00e9l\u00e9phone ! Durant une ann\u00e9e, il m\u2019appelait pratiquement tous les jours, abordant des sujets vari\u00e9s, allant de la politique \u00e0 la pluie et au beau temps. Aux intonations de sa voix, je sentais une grande nostalgie empreinte du mal du pays et [&hellip;]<\/p>\n","protected":false},"author":1772,"featured_media":102516,"comment_status":"closed","ping_status":"closed","sticky":false,"template":"","format":"standard","meta":{"fifu_image_url":"","fifu_image_alt":"","footnotes":""},"categories":[73,55],"tags":[],"class_list":["post-102515","post","type-post","status-publish","format-standard","has-post-thumbnail","hentry","category-actualite","category-tunisie"],"_links":{"self":[{"href":"https:\/\/linitiative.ca\/International\/wp-json\/wp\/v2\/posts\/102515","targetHints":{"allow":["GET"]}}],"collection":[{"href":"https:\/\/linitiative.ca\/International\/wp-json\/wp\/v2\/posts"}],"about":[{"href":"https:\/\/linitiative.ca\/International\/wp-json\/wp\/v2\/types\/post"}],"author":[{"embeddable":true,"href":"https:\/\/linitiative.ca\/International\/wp-json\/wp\/v2\/users\/1772"}],"replies":[{"embeddable":true,"href":"https:\/\/linitiative.ca\/International\/wp-json\/wp\/v2\/comments?post=102515"}],"version-history":[{"count":0,"href":"https:\/\/linitiative.ca\/International\/wp-json\/wp\/v2\/posts\/102515\/revisions"}],"wp:featuredmedia":[{"embeddable":true,"href":"https:\/\/linitiative.ca\/International\/wp-json\/"}],"wp:attachment":[{"href":"https:\/\/linitiative.ca\/International\/wp-json\/wp\/v2\/media?parent=102515"}],"wp:term":[{"taxonomy":"category","embeddable":true,"href":"https:\/\/linitiative.ca\/International\/wp-json\/wp\/v2\/categories?post=102515"},{"taxonomy":"post_tag","embeddable":true,"href":"https:\/\/linitiative.ca\/International\/wp-json\/wp\/v2\/tags?post=102515"}],"curies":[{"name":"wp","href":"https:\/\/api.w.org\/{rel}","templated":true}]}}