{"id":102517,"date":"2020-10-22T14:15:00","date_gmt":"2020-10-22T18:15:00","guid":{"rendered":"https:\/\/linitiative.ca\/International\/celebres-mais-vegetariens\/"},"modified":"2020-10-22T14:15:00","modified_gmt":"2020-10-22T18:15:00","slug":"celebres-mais-vegetariens","status":"publish","type":"post","link":"https:\/\/linitiative.ca\/International\/celebres-mais-vegetariens\/","title":{"rendered":"C\u00e9l\u00e8bres, mais v\u00e9g\u00e9tariens !"},"content":{"rendered":"<p>Pythagore a lanc\u00e9 au VIe si\u00e8cle avant J.-C. la mode du v\u00e9g\u00e9tarisme. L\u2019auteur du fameux th\u00e9or\u00e8me mangeait essentiellement des l\u00e9gumes, notamment du chou, dont il raffolait, et l&rsquo;on raconte m\u00eame qu&rsquo;il payait les p\u00eacheurs afin qu&rsquo;ils rejettent leur p\u00eache \u00e0 la mer. Tout comme Platon, Socrate \u00e9tait v\u00e9g\u00e9tarien et ne portait jamais de cuir ou de fourrure animale. Il soutenait que le fait de manger de la chair animale poussait les hommes \u00e0 la violence.<\/p>\n<p>V\u00e9g\u00e9tarien par humanisme, l&rsquo;auteur de \u00ab\u00a0Guerre et paix pr\u00e9conisait le \u00ab pacifisme v\u00e9g\u00e9tarien \u00bb et s&rsquo;opposait \u00e0 ce que l&rsquo;on tue des \u00eatres vivants, m\u00eame des fourmis. Selon L\u00e9on Tolsto\u00ef, tant qu&rsquo;il y aurait des abattoirs, il y aurait des champs de bataille.<br \/>Constatant que les animaux carnivores sont g\u00e9n\u00e9ralement plus cruels et plus violents que les herbivores, Jean-Jacques Rousseau en d\u00e9duit qu&rsquo;il faut \u00e9viter \u00abde rendre les enfants carnassiers\u00bb. Et l&rsquo;auteur du Contrat social de pr\u00e9ciser que les Anglais, \u00abgrands mangeurs de viande\u00bb, ont dans leurs \u00ab inflexibles vertus quelque chose de dur qui tient de la barbarie\u00bb.<\/p>\n<p>Richard Wagner voyait dans le v\u00e9g\u00e9tarisme une alimentation qui pouvait rendre l&rsquo;humanit\u00e9 moins violente et l&rsquo;aider \u00e0 r\u00e9int\u00e9grer le Paradis perdu. Sarcastique, Nietzsche comparait le r\u00e9gime v\u00e9g\u00e9tarien de Wagner \u00e0 celui des \u00ab an\u00e9miques \u00bb, des \u00ab goutteux\u00bb et des \u00abdiab\u00e9tiques\u00bb. Gandhi est devenu v\u00e9g\u00e9tarien \u00e0 l&rsquo;\u00e2ge de 19 ans. Dans l&rsquo;un de ces cinq livres consacr\u00e9s au v\u00e9g\u00e9tarisme, il \u00e9crit : \u00ab Je soutiens que l&rsquo;alimentation carn\u00e9e ne convient pas au genre humain\u00bb. Pour l&rsquo;ap\u00f4tre de la non-violence, l&rsquo;homme doit \u00eatre v\u00e9g\u00e9tarien par \u00e9thique : \u00abJe crois que l&rsquo;\u00e9volution spirituelle exige, \u00e0 un certain stade, que l&rsquo;on cesse de tuer nos fr\u00e8res les animaux pour la satisfaction de nos d\u00e9sirs corporels\u00bb.<\/p>\n<p>Selon Albert Einstein, rien ne pouvait \u00eatre aussi b\u00e9n\u00e9fique \u00e0 la sant\u00e9 de l&rsquo;homme et augmenter autant les chances de survie des esp\u00e8ces sur la Terre que le v\u00e9g\u00e9tarisme. A une journaliste qui lui demandait pourquoi elle \u00e9tait v\u00e9g\u00e9tarienne, Marguerite Yourcenar r\u00e9pondit : \u00abJe ne vois pas comment je pourrais dig\u00e9rer de l\u2019agonie\u00bb. Les carnets de notes de L\u00e9onard de Vinci contiennent de nombreuses allusions \u00e0 son v\u00e9g\u00e9tarisme. \u00abJ&rsquo;ai tr\u00e8s t\u00f4t renonc\u00e9 \u00e0 la viande, et un jour viendra o\u00f9 les hommes proscriront le meurtre des animaux comme ils proscrivent aujourd&rsquo;hui le meurtre de leurs semblables\u00bb, a-t-il ainsi \u00e9crit.<\/p>\n<p>Adolf Hitler avait banni toute viande de son assiette et se gavait toute la journ\u00e9e de l\u00e9gumes, de fruits et de sucreries\u2026 Le dramaturge George Bernard Shaw adopte le v\u00e9g\u00e9tarisme \u00e0 25 ans parce qu&rsquo;il \u00e9tait \u00ab las de savourer des \u00eatres assassin\u00e9s\u00bb. A ceux qui lui demandaient \u00e0 la fin de sa vie comment il faisait pour para\u00eetre si jeune, Shaw avait pris l&rsquo;habitude de r\u00e9pondre: \u00abCe sont les autres qui paraissent plus vieux que leur \u00e2ge. Que peut-on esp\u00e9rer de gens qui ne se nourrissent que de cadavres ?\u00bb<\/p>\n<p class=\"c2\"><strong>Mohamed Habib Salamouna<\/strong><\/p>\n<p>Auteur:<br \/>\n<a href=\"https:\/\/www.leaders.com.tn\/article\/30776-celebres-mais-vegetariens\">Cliquez ici pour lire l&rsquo;article depuis sa source.<\/a><\/p>\n","protected":false},"excerpt":{"rendered":"<p>Pythagore a lanc\u00e9 au VIe si\u00e8cle avant J.-C. la mode du v\u00e9g\u00e9tarisme. L\u2019auteur du fameux th\u00e9or\u00e8me mangeait essentiellement des l\u00e9gumes, notamment du chou, dont il raffolait, et l&rsquo;on raconte m\u00eame qu&rsquo;il payait les p\u00eacheurs afin qu&rsquo;ils rejettent leur p\u00eache \u00e0 la mer. Tout comme Platon, Socrate \u00e9tait v\u00e9g\u00e9tarien et ne portait jamais de cuir ou [&hellip;]<\/p>\n","protected":false},"author":1772,"featured_media":0,"comment_status":"closed","ping_status":"closed","sticky":false,"template":"","format":"standard","meta":{"fifu_image_url":"","fifu_image_alt":"","footnotes":""},"categories":[73,55],"tags":[],"class_list":["post-102517","post","type-post","status-publish","format-standard","hentry","category-actualite","category-tunisie"],"_links":{"self":[{"href":"https:\/\/linitiative.ca\/International\/wp-json\/wp\/v2\/posts\/102517","targetHints":{"allow":["GET"]}}],"collection":[{"href":"https:\/\/linitiative.ca\/International\/wp-json\/wp\/v2\/posts"}],"about":[{"href":"https:\/\/linitiative.ca\/International\/wp-json\/wp\/v2\/types\/post"}],"author":[{"embeddable":true,"href":"https:\/\/linitiative.ca\/International\/wp-json\/wp\/v2\/users\/1772"}],"replies":[{"embeddable":true,"href":"https:\/\/linitiative.ca\/International\/wp-json\/wp\/v2\/comments?post=102517"}],"version-history":[{"count":0,"href":"https:\/\/linitiative.ca\/International\/wp-json\/wp\/v2\/posts\/102517\/revisions"}],"wp:attachment":[{"href":"https:\/\/linitiative.ca\/International\/wp-json\/wp\/v2\/media?parent=102517"}],"wp:term":[{"taxonomy":"category","embeddable":true,"href":"https:\/\/linitiative.ca\/International\/wp-json\/wp\/v2\/categories?post=102517"},{"taxonomy":"post_tag","embeddable":true,"href":"https:\/\/linitiative.ca\/International\/wp-json\/wp\/v2\/tags?post=102517"}],"curies":[{"name":"wp","href":"https:\/\/api.w.org\/{rel}","templated":true}]}}