{"id":102523,"date":"2020-10-22T06:00:00","date_gmt":"2020-10-22T10:00:00","guid":{"rendered":"https:\/\/linitiative.ca\/International\/soins-des-cheveux-bruns\/"},"modified":"2020-10-22T06:00:00","modified_gmt":"2020-10-22T10:00:00","slug":"soins-des-cheveux-bruns","status":"publish","type":"post","link":"https:\/\/linitiative.ca\/International\/soins-des-cheveux-bruns\/","title":{"rendered":"Soins des cheveux bruns"},"content":{"rendered":"<p>Il est coutume de dire que la couleur des cheveux peut influencer notre destin\u00e9e. Brunes ou blondes, nos personnalit\u00e9s ne seraient pas les m\u00eames. Souvent associ\u00e9s \u00e0 la sensualit\u00e9, les cheveux bruns sont de plus en plus assum\u00e9s. Mais \u00e0 qui va vraiment cette couleur de cheveux ?\u00a0<\/p>\n<p>Tout d&rsquo;abord, il est important de savoir que le brun est une couleur puissante, qui met le visage en pleine lumi\u00e8re. Celle-ci a donc une tendance \u00e0 durcir les traits l\u00e0 o\u00f9 le blond les adoucit. Le brun ne pardonne rien, les signes de fatigue, de stress, tout ce qui peut marquer notre visage est tout de suite plus visible&#8230;\u00a0<br \/>Par cons\u00e9quent, le brun ne convient pas toujours aux peaux blanches, fragiles ou transparentes. \u00c0 l&rsquo;inverse, il correspond tr\u00e8s bien aux peaux mates qui sont moins affect\u00e9es par les signes du temps.<\/p>\n<p><strong>Peaux claires et cheveux bruns : les liaisons dangereuses\u00a0<\/strong><br \/>Pour les peaux claires, le brun est donc d\u00e9conseill\u00e9 : il p\u00e2lit le teint et a une tendance \u00e0 donner mauvaise mine. Pour ce qui est de la couleur des yeux, contrairement \u00e0 la peau, les chevelures brunes s&rsquo;accordent \u00e0 merveille avec les yeux clairs. Le contraste valorise la couleur de l&rsquo;iris et donne une impression de grandeur. Brunes aux yeux clairs, vous avez tir\u00e9 la bonne combinaison ! Mais attention, comme les cheveux blonds, les crini\u00e8res fonc\u00e9es demandent beaucoup de soin. Il convient d&rsquo;utiliser un shampooing sp\u00e9cial brunes qui ravivera l&rsquo;\u00e9clat de la chevelure. Une cr\u00e8me nourrissante est \u00e9galement conseill\u00e9e pour conserver toute la brillance. Votre coiffeur peut \u00e9galement faire des miracles et vous donner de sublimes reflets. \u00catre brune, c&rsquo;est aussi savoir se maquiller en cons\u00e9quence et ce point n&rsquo;est absolument pas \u00e0 n\u00e9gliger ! Utilisez un fond de teint clair mat et soulignez votre regard par un fard chocolat ou prune. N&rsquo;oubliez pas la racine de vos cils (sup\u00e9rieurs et inf\u00e9rieurs) d&rsquo;un trait de crayon plus fonc\u00e9.\u00a0<br \/>Vous voil\u00e0 en total look brunette !<\/p>\n<p>Auteur:<br \/>\n<a href=\"https:\/\/www.lesoirdalgerie.com\/femme-magazine\/soins-des-cheveux-bruns-50102\">Cliquez ici pour lire l&rsquo;article depuis sa source.<\/a><\/p>\n","protected":false},"excerpt":{"rendered":"<p>Il est coutume de dire que la couleur des cheveux peut influencer notre destin\u00e9e. Brunes ou blondes, nos personnalit\u00e9s ne seraient pas les m\u00eames. Souvent associ\u00e9s \u00e0 la sensualit\u00e9, les cheveux bruns sont de plus en plus assum\u00e9s. Mais \u00e0 qui va vraiment cette couleur de cheveux ?\u00a0 Tout d&rsquo;abord, il est important de savoir [&hellip;]<\/p>\n","protected":false},"author":1741,"featured_media":0,"comment_status":"closed","ping_status":"closed","sticky":false,"template":"","format":"standard","meta":{"fifu_image_url":"","fifu_image_alt":"","footnotes":""},"categories":[73,53],"tags":[],"class_list":["post-102523","post","type-post","status-publish","format-standard","hentry","category-actualite","category-algerie"],"_links":{"self":[{"href":"https:\/\/linitiative.ca\/International\/wp-json\/wp\/v2\/posts\/102523","targetHints":{"allow":["GET"]}}],"collection":[{"href":"https:\/\/linitiative.ca\/International\/wp-json\/wp\/v2\/posts"}],"about":[{"href":"https:\/\/linitiative.ca\/International\/wp-json\/wp\/v2\/types\/post"}],"author":[{"embeddable":true,"href":"https:\/\/linitiative.ca\/International\/wp-json\/wp\/v2\/users\/1741"}],"replies":[{"embeddable":true,"href":"https:\/\/linitiative.ca\/International\/wp-json\/wp\/v2\/comments?post=102523"}],"version-history":[{"count":0,"href":"https:\/\/linitiative.ca\/International\/wp-json\/wp\/v2\/posts\/102523\/revisions"}],"wp:attachment":[{"href":"https:\/\/linitiative.ca\/International\/wp-json\/wp\/v2\/media?parent=102523"}],"wp:term":[{"taxonomy":"category","embeddable":true,"href":"https:\/\/linitiative.ca\/International\/wp-json\/wp\/v2\/categories?post=102523"},{"taxonomy":"post_tag","embeddable":true,"href":"https:\/\/linitiative.ca\/International\/wp-json\/wp\/v2\/tags?post=102523"}],"curies":[{"name":"wp","href":"https:\/\/api.w.org\/{rel}","templated":true}]}}