{"id":102530,"date":"2020-10-22T17:00:42","date_gmt":"2020-10-22T21:00:42","guid":{"rendered":"https:\/\/linitiative.ca\/International\/tunisie-dans-quel-pays-se-situe-la-vanne-dal-kamour-selon-mechichi\/"},"modified":"2020-10-22T17:00:42","modified_gmt":"2020-10-22T21:00:42","slug":"tunisie-dans-quel-pays-se-situe-la-vanne-dal-kamour-selon-mechichi","status":"publish","type":"post","link":"https:\/\/linitiative.ca\/International\/tunisie-dans-quel-pays-se-situe-la-vanne-dal-kamour-selon-mechichi\/","title":{"rendered":"Tunisie \u2013 Dans quel pays se situe la vanne d\u2019Al Kamour, selon Mechichi\u00a0?"},"content":{"rendered":"<div class=\"post-cont-in left relative\">\n<div id=\"post-info-wrap\" class=\"left relative post-info-out\">\n<div class=\"post-info-img left relative\"><img loading=\"lazy\" decoding=\"async\" alt=\"\" src=\"https:\/\/secure.gravatar.com\/avatar\/96253f4a657b482a18e837c1252096c2?s=50&amp;d=mm&amp;r=g\" srcset=\"https:\/\/secure.gravatar.com\/avatar\/96253f4a657b482a18e837c1252096c2?s=100&amp;d=mm&amp;r=g 2x\" class=\"avatar avatar-50 photo\" height=\"50\" width=\"50\"\/><\/div>\n<div class=\"post-info-in\">\n<div class=\"post-info-right left relative post-info-name left relative\"><span itemprop=\"author\" itemscope=\"\" itemtype=\"https:\/\/schema.org\/Person\"><span class=\"post-info-text\">Par<\/span> <span class=\"author-name vcard fn author\" itemprop=\"name\"><a href=\"https:\/\/www.tunisienumerique.com\/author\/saber\/\" title=\"Articles par Saber .\" rel=\"author\">Saber .<\/a><\/span><\/span> <span class=\"post-date updated\"><time class=\"post-date updated\" itemprop=\"datePublished\" datetime=\"2020-10-22\">\u00a0| Il y a 36 secondes<\/time><\/span><\/div>\n<div class=\"left relative\"><button id=\"listenButton1\" class=\"responsivevoice-button\" type=\"button\" value=\"Play\" title=\"&#xC9;coutez l'article\"><span>\ud83d\udd0a \u00c9coutez l&rsquo;article<\/span><\/button> <\/div>\n<\/div>\n<\/div>\n<p>Le chef du gouvernement qui avait annonc\u00e9, parmi les grandes lignes de son programme gouvernemental, qu\u2019il n\u2019allait pas tol\u00e9rer que qui que ce soit bloque ou g\u00eane la production mini\u00e8re dans le pays, pour quelque raison que ce soit.<\/p>\n<div class=\"code-block code-block-1 c4\"><ins class=\"adsbygoogle c3\" data-ad-layout=\"in-article\" data-ad-format=\"fluid\" data-ad-client=\"ca-pub-2102118777505746\" data-ad-slot=\"7301775417\"\/> <\/div>\n<p>Or, depuis sa prise de fonction, il n\u2019a entrepris aucune action pour mettre en \u0153uvre ce volet de son programme, puisque la production du phosphate n\u2019a pas, depuis, cess\u00e9 de connaitre des pauses interminables, de m\u00eame pour la production p\u00e9troli\u00e8re qui est \u00e0 l\u2019arr\u00eat depuis des mois, suite au blocage de la vanne d\u2019Al Kamour par des protestataires de Tataouine.<\/p>\n<p>Pire encore, au lieu de mettre en \u0153uvre ses promesses, le chef du gouvernement n\u2019a pas trouv\u00e9 mieux que de n\u00e9gocier avec les jeunes de la coordination d\u2019Al Kamour, comme s\u2019il s\u2019agissait de repr\u00e9sentants d\u2019un autre pays, souverain.<\/p>\n<p>Les tunisiens ont, le temps d\u2019une seconde, eu un\u00a0 regain d\u2019espoir, quand, au cours de sa derni\u00e8re interview, le chef du gouvernement a d\u00e9plor\u00e9 le blocage de la vanne d\u2019Al Kamour, pr\u00e9cisant, \u00e0 l\u2019occasion, que cette action ill\u00e9gale a occasionn\u00e9 au pays, des pertes de l\u2019ordre de 800 millions de DT.<\/p>\n<p>Suite \u00e0 cette d\u00e9claration, tout le monde a cru, l\u2019espace d\u2019un instant, qu\u2019il allait annoncer des mesures rigoureuses dans le sens de faire pr\u00e9valoir la notori\u00e9t\u00e9 de l\u2019Etat, et pr\u00e9server les droits de la communaut\u00e9 nationale.<\/p>\n<p>Or, dans ce qui a suivi dans son interview, Mechichi n\u2019a annonc\u00e9 aucune mesure de reprise en main des biens de l\u2019Etat, se contentant de d\u00e9plorer cet \u00e9tat de choses. C\u2019est comme s\u2019il parlait d\u2019un probl\u00e8me qui se situe dans un autre pays, \u00e0 propos duquel il a donn\u00e9 son avis, mais pour lequel, il ne pourrait se permettre de sugg\u00e9rer, et encore moins, d\u00e9cider des solutions.<\/p>\n<p>Une douche froide pour les tunisiens, et une dose d\u2019encouragement pour les protestataires, qui bloquent la production nationale et qui ont renvoy\u00e9 les compagnies p\u00e9troli\u00e8res \u00e9trang\u00e8res hors du pays, dose qui va les pousser \u00e0 camper, encore plus, sur leurs positions.<\/p>\n<div class=\"swp_social_panel swp_horizontal_panel swp_flat_fresh swp_default_full_color swp_individual_full_color swp_other_full_color scale-100 scale-\" data-min-width=\"1100\" data-float-color=\"#ffffff\" data-float=\"bottom\" data-float-mobile=\"bottom\" data-transition=\"slide\">\n<div class=\"nc_tweetContainer swp_share_button total_shares total_sharesalt\"><span class=\"swp_count\">1 <span class=\"swp_label\">Partages<\/span><\/span><\/div>\n<\/div>\n<p><strong>Que se passe-t-il en Tunisie?<\/strong><br \/>Nous expliquons sur notre <a href=\"https:\/\/www.youtube.com\/channel\/UCRzypVq0B_yBad5eGrwBx0Q?sub_confirmation=1\" target=\"_blank\" rel=\"noopener noreferrer\">cha\u00eene YouTube<\/a> . <a href=\"https:\/\/www.youtube.com\/channel\/UCRzypVq0B_yBad5eGrwBx0Q?sub_confirmation=1\" target=\"_blank\" rel=\"noopener noreferrer\">Abonnez-vous!<\/a><\/p>\n<div class=\"mvp-org-wrap mvp-org-logo\" itemprop=\"publisher\" itemscope=\"\" itemtype=\"https:\/\/schema.org\/Organization\"><img decoding=\"async\" src=\"https:\/\/www.tunisienumerique.com\/wp-content\/uploads\/2017\/02\/logo_tunisie_numerique.png\"\/><\/div>\n<div class=\"mvp-related-posts left relative\">\n<h4 class=\"post-header\"><span class=\"post-header\">Lire aussi<\/span><\/h4>\n<\/div>\n<div id=\"article-ad\"><ins class=\"adsbygoogle c5\" data-ad-client=\"ca-pub-2102118777505746\" data-ad-slot=\"6513972734\" data-ad-format=\"auto\" data-full-width-responsive=\"true\"\/> <\/div>\n<\/div>\n<div id=\"post-sidebar-wrap\"><ins class=\"adsbygoogle c5\" data-ad-client=\"ca-pub-2102118777505746\" data-ad-slot=\"6168283410\" data-ad-format=\"auto\" data-full-width-responsive=\"true\"\/> <\/div>\n<p>Auteur: Saber .<br \/>\n<a href=\"https:\/\/www.tunisienumerique.com\/tunisie-dans-quel-pays-se-situe-la-vanne-dal-kamour-selon-mechichi\/\">Cliquez ici pour lire l&rsquo;article depuis sa source.<\/a><\/p>\n","protected":false},"excerpt":{"rendered":"<p>Par Saber . \u00a0| Il y a 36 secondes \ud83d\udd0a \u00c9coutez l&rsquo;article Le chef du gouvernement qui avait annonc\u00e9, parmi les grandes lignes de son programme gouvernemental, qu\u2019il n\u2019allait pas tol\u00e9rer que qui que ce soit bloque ou g\u00eane la production mini\u00e8re dans le pays, pour quelque raison que ce soit. Or, depuis sa prise [&hellip;]<\/p>\n","protected":false},"author":1789,"featured_media":0,"comment_status":"closed","ping_status":"closed","sticky":false,"template":"","format":"standard","meta":{"fifu_image_url":"","fifu_image_alt":"","footnotes":""},"categories":[73,55],"tags":[],"class_list":["post-102530","post","type-post","status-publish","format-standard","hentry","category-actualite","category-tunisie"],"_links":{"self":[{"href":"https:\/\/linitiative.ca\/International\/wp-json\/wp\/v2\/posts\/102530","targetHints":{"allow":["GET"]}}],"collection":[{"href":"https:\/\/linitiative.ca\/International\/wp-json\/wp\/v2\/posts"}],"about":[{"href":"https:\/\/linitiative.ca\/International\/wp-json\/wp\/v2\/types\/post"}],"author":[{"embeddable":true,"href":"https:\/\/linitiative.ca\/International\/wp-json\/wp\/v2\/users\/1789"}],"replies":[{"embeddable":true,"href":"https:\/\/linitiative.ca\/International\/wp-json\/wp\/v2\/comments?post=102530"}],"version-history":[{"count":0,"href":"https:\/\/linitiative.ca\/International\/wp-json\/wp\/v2\/posts\/102530\/revisions"}],"wp:attachment":[{"href":"https:\/\/linitiative.ca\/International\/wp-json\/wp\/v2\/media?parent=102530"}],"wp:term":[{"taxonomy":"category","embeddable":true,"href":"https:\/\/linitiative.ca\/International\/wp-json\/wp\/v2\/categories?post=102530"},{"taxonomy":"post_tag","embeddable":true,"href":"https:\/\/linitiative.ca\/International\/wp-json\/wp\/v2\/tags?post=102530"}],"curies":[{"name":"wp","href":"https:\/\/api.w.org\/{rel}","templated":true}]}}