{"id":102535,"date":"2020-10-22T17:09:06","date_gmt":"2020-10-22T21:09:06","guid":{"rendered":"https:\/\/linitiative.ca\/International\/secteur-des-transports-air-burkina-cedee-a-african-global-development\/"},"modified":"2020-10-22T17:09:06","modified_gmt":"2020-10-22T21:09:06","slug":"secteur-des-transports-air-burkina-cedee-a-african-global-development","status":"publish","type":"post","link":"https:\/\/linitiative.ca\/International\/secteur-des-transports-air-burkina-cedee-a-african-global-development\/","title":{"rendered":"Secteur des transports  : Air Burkina c\u00e9d\u00e9e \u00e0 African global development"},"content":{"rendered":"<div class=\"td-post-featured-image\"><a href=\"https:\/\/www.sidwaya.info\/wp-content\/uploads\/2020\/10\/1-46.jpg\" data-caption=\"\"><img loading=\"lazy\" decoding=\"async\" width=\"595\" height=\"397\" class=\"entry-thumb td-modal-image\" src=\"https:\/\/www.sidwaya.info\/wp-content\/uploads\/2020\/10\/1-46.jpg\" srcset=\"https:\/\/www.sidwaya.info\/wp-content\/uploads\/2020\/10\/1-46.jpg 595w, https:\/\/www.sidwaya.info\/wp-content\/uploads\/2020\/10\/1-46-300x200.jpg 300w\" sizes=\"auto, (max-width: 595px) 100vw, 595px\" alt=\"\" title=\"1\"\/><\/a><\/div>\n<p><strong>L\u2019Etat burkinab\u00e8 et African Global Development\/ USA (AGD) ont sign\u00e9 une convention de cession, d\u2019un montant de plus de 250 millions d\u2019Euros, le mardi 20 octobre 2020, \u00e0 Ouagadougou.<\/strong><\/p>\n<p>Dans le cadre de la relance de Air Burkina pour en faire un grand leader dans la sous-r\u00e9gion, l\u2019Etat burkinab\u00e8 et la compagnie am\u00e9ricaine d\u00e9nomm\u00e9e African Global Development (AGD) ont sign\u00e9 une convention de cession, d\u2019un montant de plus de 250 millions d\u2019Euros, le mardi 20 octobre 2020, \u00e0 Ouagadougou. Pour le ministre des Transports, de la Mobilit\u00e9 urbaine et de la S\u00e9curit\u00e9 routi\u00e8re, Vincent Timbindi Dabilgou, cette signature de convention intervient \u00e0 un moment o\u00f9 un processus a \u00e9t\u00e9 \u00e9tabli pour, dans un premier volet, stabiliser Air Burkina en lui permettant d\u2019\u00eatre leader dans la sous-r\u00e9gion et de conserver sa client\u00e8le. Dans un second volet, \u00e0 l\u2019entendre, il s\u2019agit de favoriser la relance de la compagnie a\u00e9rienne burkinab\u00e8 qui n\u00e9cessitait la recherche d\u2019un partenaire strat\u00e9gique dont l\u2019AGD qui a le capital et aussi la technologie. Le ministre Dabilgou a ajout\u00e9 que le gouvernement a \u00e9tudi\u00e9 le plan d\u2019action de l\u2019AGD qui a permis de ravitailler la flotte de Air Burkina de quatre Air Bus. Aussi, a-t-il poursuivi, le gouvernement a \u00e9galement d\u00e9velopp\u00e9 avec l\u2019AGD, un plan qui se nomme \u00ab\u00a0le vol int\u00e9rieur\u00a0\u00bb des avions qui vont permettre de desservir Bobo Dioulasso de mani\u00e8re quotidienne et aussi les grandes capitales r\u00e9gionales poss\u00e9dant des a\u00e9rodromes comme Fada N\u2019Gourma, Dori et Ouahigouya.<\/p>\n<p><strong>Un centre de maintenance a\u00e9ronautique en vue<\/strong><\/p>\n<p>Un autre plan qui verra, selon le ministre Dabilgou, la construction d\u2019un centre de maintenance et une acad\u00e9mie a\u00e9ronautique en collaboration avec l\u2019Universit\u00e9 de Ouagadougou afin de former des pilotes et des m\u00e9caniciens dans la sous-r\u00e9gion. \u00ab\u00a0C\u2019est pour cela que le gouvernement \u00e0 travers le minist\u00e8re de l\u2019Economie, des Finances et du D\u00e9veloppement, a mis les bouch\u00e9es doubles pour nous permettre de conclure ce contrat\u00a0\u00bb, a-t-il d\u00e9clar\u00e9. Le directeur de AGD, Annor Smartt, a soutenu que sa compagnie a investi au Burkina Faso \u00e0 cause de la vision strat\u00e9gique du pays.<\/p>\n<p>Ainsi, il a affirm\u00e9 que la mise en \u0153uvre de ce partenariat sera de finaliser les conventions, faire la mise \u00e0 niveau de Air Burkina en envoyant des Air Bus pour remplacer les avions qui \u00e9taient sur place et \u00e9tendre la destination des vols \u00e0 l\u2019int\u00e9rieur et \u00e0 l\u2019ext\u00e9rieur du Burkina notamment en Europe. \u00ab\u00a0A long terme, nous voulons que Air Burkina soit une compagnie qui va relier les pays et aussi, nous voulons construire un centre universitaire et former des jeunes qui vont faire la maintenance des avions \u00e0 partir du Burkina Faso. Nous voulons donc que Air Burkina soit une entit\u00e9 qui va r\u00e9volutionner le monde de l\u2019a\u00e9ronautique en Afrique\u00a0\u00bb, a souhait\u00e9 M. Smartt. Quant au directeur g\u00e9n\u00e9ral de Air Burkina, Blaise Sanou, il a exprim\u00e9 sa satisfaction pour le renouvellement et le renforcement de la flotte qui va permettre \u00e0 sa compagnie de rayonner partout en Afrique, en Europe et en Asie de l\u2019Est. \u00ab\u00a0 Une commission de suivi sera mise en place au niveau de l\u2019Etat pour permettre de guider tous les engagements qui ont \u00e9t\u00e9 pris au niveau de l\u2019AGD afin de rassurer les uns et les autres par rapport \u00e0 l\u2019investissement\u00a0\u00bb, a soutenu M. Sanou. Le ministre de l\u2019Economie, des Finances et du D\u00e9veloppement, Lassan\u00e9 Kabor\u00e9, apr\u00e8s avoir sign\u00e9 la convention de cession, a \u00e9t\u00e9 reconnaissant \u00e0 l\u2019AGD pour son appui.<\/p>\n<p class=\"c1\"><strong>Boukary BONKOUNGOU<\/strong><br \/><strong>Alimatou COMPAORE<\/strong><br \/><strong>(Stagiaire)<\/strong><\/p>\n<div class=\"td-a-rec td-a-rec-id-content_bottom tdi_30_95f td_block_template_1\"><img loading=\"lazy\" decoding=\"async\" class=\"aligncenter size-full wp-image-27454\" src=\"https:\/\/www.sidwaya.info\/wp-content\/uploads\/2020\/10\/PUB-Bandeau-paiement-mobile-siteweb.jpg\" alt=\"\" width=\"728\" height=\"90\"\/><\/div>\n<p>Auteur: BM. Sidwaya<br \/>\n<a href=\"https:\/\/www.sidwaya.info\/blog\/2020\/10\/22\/secteur-des-transports-air-burkina-cedee-a-african-global-development\/\">Cliquez ici pour lire l&rsquo;article depuis sa source.<\/a><\/p>\n","protected":false},"excerpt":{"rendered":"<p>L\u2019Etat burkinab\u00e8 et African Global Development\/ USA (AGD) ont sign\u00e9 une convention de cession, d\u2019un montant de plus de 250 millions d\u2019Euros, le mardi 20 octobre 2020, \u00e0 Ouagadougou. Dans le cadre de la relance de Air Burkina pour en faire un grand leader dans la sous-r\u00e9gion, l\u2019Etat burkinab\u00e8 et la compagnie am\u00e9ricaine d\u00e9nomm\u00e9e African [&hellip;]<\/p>\n","protected":false},"author":1816,"featured_media":102536,"comment_status":"closed","ping_status":"closed","sticky":false,"template":"","format":"standard","meta":{"fifu_image_url":"","fifu_image_alt":"","footnotes":""},"categories":[73,81],"tags":[],"class_list":["post-102535","post","type-post","status-publish","format-standard","has-post-thumbnail","hentry","category-actualite","category-burkina-faso"],"_links":{"self":[{"href":"https:\/\/linitiative.ca\/International\/wp-json\/wp\/v2\/posts\/102535","targetHints":{"allow":["GET"]}}],"collection":[{"href":"https:\/\/linitiative.ca\/International\/wp-json\/wp\/v2\/posts"}],"about":[{"href":"https:\/\/linitiative.ca\/International\/wp-json\/wp\/v2\/types\/post"}],"author":[{"embeddable":true,"href":"https:\/\/linitiative.ca\/International\/wp-json\/wp\/v2\/users\/1816"}],"replies":[{"embeddable":true,"href":"https:\/\/linitiative.ca\/International\/wp-json\/wp\/v2\/comments?post=102535"}],"version-history":[{"count":0,"href":"https:\/\/linitiative.ca\/International\/wp-json\/wp\/v2\/posts\/102535\/revisions"}],"wp:featuredmedia":[{"embeddable":true,"href":"https:\/\/linitiative.ca\/International\/wp-json\/"}],"wp:attachment":[{"href":"https:\/\/linitiative.ca\/International\/wp-json\/wp\/v2\/media?parent=102535"}],"wp:term":[{"taxonomy":"category","embeddable":true,"href":"https:\/\/linitiative.ca\/International\/wp-json\/wp\/v2\/categories?post=102535"},{"taxonomy":"post_tag","embeddable":true,"href":"https:\/\/linitiative.ca\/International\/wp-json\/wp\/v2\/tags?post=102535"}],"curies":[{"name":"wp","href":"https:\/\/api.w.org\/{rel}","templated":true}]}}