{"id":102541,"date":"2020-10-22T16:44:39","date_gmt":"2020-10-22T20:44:39","guid":{"rendered":"https:\/\/linitiative.ca\/International\/cameroun-decapage-de-la-peau-le-gouvernement-donne-48h-a-carine-mongoue-pour-retirer-laffiche-mettez-les-a-vos-pieds\/"},"modified":"2020-10-22T16:44:39","modified_gmt":"2020-10-22T20:44:39","slug":"cameroun-decapage-de-la-peau-le-gouvernement-donne-48h-a-carine-mongoue-pour-retirer-laffiche-mettez-les-a-vos-pieds","status":"publish","type":"post","link":"https:\/\/linitiative.ca\/International\/cameroun-decapage-de-la-peau-le-gouvernement-donne-48h-a-carine-mongoue-pour-retirer-laffiche-mettez-les-a-vos-pieds\/","title":{"rendered":"Cameroun\/D\u00e9capage de la peau: le gouvernement donne 48h \u00e0 Carine Mongoue pour retirer l\u2019affiche \u00ab\u00a0mettez-les \u00e0 vos pieds\u00a0\u00bb"},"content":{"rendered":"<div readability=\"32\">\n<p>Publi\u00e9 le 22.10.2020 \u00e0 21h44 par Christian Djimadeu<\/p>\n<\/div>\n<div readability=\"61\">\n<h2 class=\"c6\">Le ministre de la Communication Ren\u00e9 Emmanuel Sadi a d\u00e9cid\u00e9, le 22 octobre, de la suspension de l\u2019affiche de la marque Carimo sujette \u00e0 pol\u00e9mique depuis plusieurs jours dans les chaumi\u00e8res et r\u00e9seaux sociaux<\/h2>\n<p class=\"c7\">Une affiche scandaleuse (photo). Pr\u00e9sentant une dame \u00e0 la peau d\u00e9cap\u00e9e majestueusement install\u00e9e sur un fauteuil se faisant d\u00e9sirer par des hommes et femmes \u00e0 la m\u00e9lanine intacte (peau noire). L\u2019affiche nourrit les d\u00e9bats depuis plusieurs jours au Cameroun .<\/p>\n<p class=\"c7\">Par un communiqu\u00e9 publi\u00e9 ce 22 octobre 2020, le ministre de la Communication suspend ladite publicit\u00e9. Se r\u00e9f\u00e9rant \u00e0 la loi du 29 d\u00e9cembre 2006, dont l\u2019un des articles interdit toute propagande \u00e0 caract\u00e8re\u00a0 discriminatoire, portant atteinte \u00e0 la race.<\/p>\n<p><em>\u00ab\u00a0A l\u2019observation, l\u2019affiche publicitaire au centre de cette campagne comporte des jugements de valeur sur les personnes, fond\u00e9es sur la couleur de leur peau et susceptibles par cons\u00e9quent de porter atteinte \u00e0 leur dignit\u00e9. Par ailleurs, les messages r\u00e9f\u00e9rentiels qui s\u2019en d\u00e9gagent sugg\u00e8rent des atteintes \u00e0 l\u2019\u00e9thique et \u00e0 la morale publique\u00a0\u00bb<\/em>, justifie Ren\u00e9 Emmanuel Sadi.<\/p>\n<p>La promotrice de la marque des produits de beaut\u00e9 Carimo \u2013 <strong>Carine Mongoue<\/strong> \u2013 a <em>\u00ab\u00a0un d\u00e9lai de 48 heures\u00a0\u00bb<\/em> pour retirer toutes les affiches de cette campagne publicitaire <em>\u00ab\u00a0illicite et outrageante\u00a0\u00bb<\/em>, selon le communiqu\u00e9 du gouvernement.<\/p>\n<p class=\"c7\">La d\u00e9cision de Ren\u00e9 Emmanuel Sadi remet sur la table la probl\u00e9matique du respect de loi sur la publicit\u00e9. Dans un contexte d\u2019anarchie, marqu\u00e9 par le ph\u00e9nom\u00e8ne des publicit\u00e9s mensong\u00e8res et de promotion des produits nocifs, notamment pour la sant\u00e9.<\/p>\n<\/div>\n<p>Auteur: Christian DJIMADEU<br \/>\n<a href=\"https:\/\/www.journalducameroun.com\/cmr-decapage-gouv-donne-48h-carine-mongoue-retire-affiche-mettez-les-vos-pieds\/\">Cliquez ici pour lire l&rsquo;article depuis sa source.<\/a><\/p>\n","protected":false},"excerpt":{"rendered":"<p>Publi\u00e9 le 22.10.2020 \u00e0 21h44 par Christian Djimadeu Le ministre de la Communication Ren\u00e9 Emmanuel Sadi a d\u00e9cid\u00e9, le 22 octobre, de la suspension de l\u2019affiche de la marque Carimo sujette \u00e0 pol\u00e9mique depuis plusieurs jours dans les chaumi\u00e8res et r\u00e9seaux sociaux Une affiche scandaleuse (photo). Pr\u00e9sentant une dame \u00e0 la peau d\u00e9cap\u00e9e majestueusement install\u00e9e [&hellip;]<\/p>\n","protected":false},"author":1965,"featured_media":0,"comment_status":"closed","ping_status":"closed","sticky":false,"template":"","format":"standard","meta":{"fifu_image_url":"","fifu_image_alt":"","footnotes":""},"categories":[73,82],"tags":[],"class_list":["post-102541","post","type-post","status-publish","format-standard","hentry","category-actualite","category-cameroun"],"_links":{"self":[{"href":"https:\/\/linitiative.ca\/International\/wp-json\/wp\/v2\/posts\/102541","targetHints":{"allow":["GET"]}}],"collection":[{"href":"https:\/\/linitiative.ca\/International\/wp-json\/wp\/v2\/posts"}],"about":[{"href":"https:\/\/linitiative.ca\/International\/wp-json\/wp\/v2\/types\/post"}],"author":[{"embeddable":true,"href":"https:\/\/linitiative.ca\/International\/wp-json\/wp\/v2\/users\/1965"}],"replies":[{"embeddable":true,"href":"https:\/\/linitiative.ca\/International\/wp-json\/wp\/v2\/comments?post=102541"}],"version-history":[{"count":0,"href":"https:\/\/linitiative.ca\/International\/wp-json\/wp\/v2\/posts\/102541\/revisions"}],"wp:attachment":[{"href":"https:\/\/linitiative.ca\/International\/wp-json\/wp\/v2\/media?parent=102541"}],"wp:term":[{"taxonomy":"category","embeddable":true,"href":"https:\/\/linitiative.ca\/International\/wp-json\/wp\/v2\/categories?post=102541"},{"taxonomy":"post_tag","embeddable":true,"href":"https:\/\/linitiative.ca\/International\/wp-json\/wp\/v2\/tags?post=102541"}],"curies":[{"name":"wp","href":"https:\/\/api.w.org\/{rel}","templated":true}]}}